{"id":24916,"date":"2021-03-10T14:34:43","date_gmt":"2021-03-10T13:34:43","guid":{"rendered":"https:\/\/php8.plastv.de\/?p=24916"},"modified":"2021-03-10T14:34:43","modified_gmt":"2021-03-10T13:34:43","slug":"lanxess-hebt-die-preise-fuer-compounds-an","status":"publish","type":"post","link":"https:\/\/plas.tv\/?p=24916","title":{"rendered":"LANXESS hebt die Preise f\u00fcr Compounds an"},"content":{"rendered":"<p>Der Spezialchemie-Konzern LANXESS erh\u00f6ht mit sofortiger Wirkung bzw. nach Ma\u00dfgabe der vertraglichen Regelungen die Preise f\u00fcr seine technischen Kunststoffe. Die Anpassung betrifft Europa, den Mittleren Osten sowie Afrika. Sie betr\u00e4gt f\u00fcr Produkte der Marken<\/p>\n<ul>\n<li>Durethan A (Polyamid 6.6) unverst\u00e4rkt + 0,80 \u20ac\/kg, verst\u00e4rkt + 0,70 \u20ac\/kg,<\/li>\n<li>Durethan B (Polyamid 6) unverst\u00e4rkt + 0,50 \u20ac\/kg, verst\u00e4rkt + 0,40 \u20ac\/kg,<\/li>\n<li>Pocan (Polybutylenterephthalat, Blends) unverst\u00e4rkt +0,80 \u20ac\/kg,<br \/>\nverst\u00e4rkt + 0,70 \u20ac\/kg<\/li>\n<\/ul>\n<p>und gilt zus\u00e4tzlich zu der im Dezember 2020 verk\u00fcndeten Erh\u00f6hung. F\u00fcr einzelne Materialien k\u00f6nnen auch h\u00f6here Anpassungen erforderlich sein.<\/p>\n<p>Die Anhebung ist unumg\u00e4nglich, da die Kosten f\u00fcr Rohstoffe, Logistik und Energie nochmals erheblich gestiegen sind und gr\u00f6\u00dftenteils das Niveau vor dem Ausbruch der Covid-19-Pandemie \u00fcbertreffen.<\/p>\n","protected":false},"excerpt":{"rendered":"<p>Der Spezialchemie-Konzern LANXESS erh\u00f6ht mit sofortiger Wirkung bzw. nach Ma\u00dfgabe der vertraglichen Regelungen die Preise f\u00fcr seine&#8230;<\/p>\n","protected":false},"author":2,"featured_media":15952,"comment_status":"closed","ping_status":"closed","sticky":false,"template":"","format":"standard","meta":{"footnotes":""},"categories":[24,16],"tags":[],"series":[],"class_list":["post-24916","post","type-post","status-publish","format-standard","has-post-thumbnail","hentry","category-plas-tv-meldungen-auf-der-startseite-unterhalb-slider","category-plast-tv-textmeldungen"],"_links":{"self":[{"href":"https:\/\/plas.tv\/index.php?rest_route=\/wp\/v2\/posts\/24916","targetHints":{"allow":["GET"]}}],"collection":[{"href":"https:\/\/plas.tv\/index.php?rest_route=\/wp\/v2\/posts"}],"about":[{"href":"https:\/\/plas.tv\/index.php?rest_route=\/wp\/v2\/types\/post"}],"author":[{"embeddable":true,"href":"https:\/\/plas.tv\/index.php?rest_route=\/wp\/v2\/users\/2"}],"replies":[{"embeddable":true,"href":"https:\/\/plas.tv\/index.php?rest_route=%2Fwp%2Fv2%2Fcomments&post=24916"}],"version-history":[{"count":1,"href":"https:\/\/plas.tv\/index.php?rest_route=\/wp\/v2\/posts\/24916\/revisions"}],"predecessor-version":[{"id":24917,"href":"https:\/\/plas.tv\/index.php?rest_route=\/wp\/v2\/posts\/24916\/revisions\/24917"}],"wp:featuredmedia":[{"embeddable":true,"href":"https:\/\/plas.tv\/index.php?rest_route=\/wp\/v2\/media\/15952"}],"wp:attachment":[{"href":"https:\/\/plas.tv\/index.php?rest_route=%2Fwp%2Fv2%2Fmedia&parent=24916"}],"wp:term":[{"taxonomy":"category","embeddable":true,"href":"https:\/\/plas.tv\/index.php?rest_route=%2Fwp%2Fv2%2Fcategories&post=24916"},{"taxonomy":"post_tag","embeddable":true,"href":"https:\/\/plas.tv\/index.php?rest_route=%2Fwp%2Fv2%2Ftags&post=24916"},{"taxonomy":"series","embeddable":true,"href":"https:\/\/plas.tv\/index.php?rest_route=%2Fwp%2Fv2%2Fseries&post=24916"}],"curies":[{"name":"wp","href":"https:\/\/api.w.org\/{rel}","templated":true}]}}