{"id":24936,"date":"2021-03-11T10:32:27","date_gmt":"2021-03-11T09:32:27","guid":{"rendered":"https:\/\/php8.plastv.de\/?p=24936"},"modified":"2021-03-11T10:32:27","modified_gmt":"2021-03-11T09:32:27","slug":"plastik-in-zukunft-ohne-chemische-industrie-greift-kontroverse-auf","status":"publish","type":"post","link":"https:\/\/plas.tv\/?p=24936","title":{"rendered":"\u201ePlastik: In Zukunft ohne?\u201c \u2013 Chemische Industrie greift Kontroverse auf"},"content":{"rendered":"<h1 class=\"entry-title fusion-post-title fusion-responsive-typography-calculated\" data-fontsize=\"30\" data-lineheight=\"39px\"><\/h1>\n<div class=\"post-content\">\n<p>Unser modernes Leben ebenso wie der Weg hin zu mehr Nachhaltigkeit ist nur mit Kunststoffen zu denken. Oder vielleicht eher nicht? Genau diese Kontroverse greift die <strong>Veranstaltung \u201cPlastik: In Zukunft ohne?\u201d<\/strong> der gesellschaftlichen Plattform \u201cIhre Chemie\u201d am <strong>16. M\u00e4rz<\/strong> auf.<\/p>\n<p>Waren Sie schon einmal in einem Unverpacktladen? Die Wahrscheinlichkeit, dass Sie diese Frage mit \u201eJa\u201c beantworten, ist in den vergangenen Jahren gestiegen. Denn immer mehr Menschen versuchen, auf Kunststoffe zu verzichten. Und so nimmt auch die Zahl der Unverpacktl\u00e4den im Land zu. Insbesondere <img loading=\"lazy\" decoding=\"async\" class=\"alignright wp-image-10146 size-medium lazyautosizes lazyloaded\" src=\"https:\/\/newsroom.kunststoffverpackungen.de\/wp-content\/uploads\/2020\/02\/Kunststoff-Verpackung-Plastik-Hygiene-Produktschutz-Einzelhandel-Einkauf-300x200.jpg\" sizes=\"auto, 300px\" srcset=\"https:\/\/newsroom.kunststoffverpackungen.de\/wp-content\/uploads\/2020\/02\/Kunststoff-Verpackung-Plastik-Hygiene-Produktschutz-Einzelhandel-Einkauf-200x133.jpg 200w, https:\/\/newsroom.kunststoffverpackungen.de\/wp-content\/uploads\/2020\/02\/Kunststoff-Verpackung-Plastik-Hygiene-Produktschutz-Einzelhandel-Einkauf-300x200.jpg 300w, https:\/\/newsroom.kunststoffverpackungen.de\/wp-content\/uploads\/2020\/02\/Kunststoff-Verpackung-Plastik-Hygiene-Produktschutz-Einzelhandel-Einkauf-400x267.jpg 400w, https:\/\/newsroom.kunststoffverpackungen.de\/wp-content\/uploads\/2020\/02\/Kunststoff-Verpackung-Plastik-Hygiene-Produktschutz-Einzelhandel-Einkauf-600x400.jpg 600w, https:\/\/newsroom.kunststoffverpackungen.de\/wp-content\/uploads\/2020\/02\/Kunststoff-Verpackung-Plastik-Hygiene-Produktschutz-Einzelhandel-Einkauf.jpg 724w\" alt=\"Kunststoff Verpackung Plastik Hygiene Produktschutz Einzelhandel Einkauf\" width=\"300\" height=\"200\" data-orig-src=\"https:\/\/newsroom.kunststoffverpackungen.de\/wp-content\/uploads\/2020\/02\/Kunststoff-Verpackung-Plastik-Hygiene-Produktschutz-Einzelhandel-Einkauf-300x200.jpg\" data-srcset=\"https:\/\/newsroom.kunststoffverpackungen.de\/wp-content\/uploads\/2020\/02\/Kunststoff-Verpackung-Plastik-Hygiene-Produktschutz-Einzelhandel-Einkauf-200x133.jpg 200w, https:\/\/newsroom.kunststoffverpackungen.de\/wp-content\/uploads\/2020\/02\/Kunststoff-Verpackung-Plastik-Hygiene-Produktschutz-Einzelhandel-Einkauf-300x200.jpg 300w, https:\/\/newsroom.kunststoffverpackungen.de\/wp-content\/uploads\/2020\/02\/Kunststoff-Verpackung-Plastik-Hygiene-Produktschutz-Einzelhandel-Einkauf-400x267.jpg 400w, https:\/\/newsroom.kunststoffverpackungen.de\/wp-content\/uploads\/2020\/02\/Kunststoff-Verpackung-Plastik-Hygiene-Produktschutz-Einzelhandel-Einkauf-600x400.jpg 600w, https:\/\/newsroom.kunststoffverpackungen.de\/wp-content\/uploads\/2020\/02\/Kunststoff-Verpackung-Plastik-Hygiene-Produktschutz-Einzelhandel-Einkauf.jpg 724w\" data-sizes=\"auto\" data-orig-sizes=\"(max-width: 300px) 100vw, 300px\" \/>das Problem von Plastikabf\u00e4llen in der Umwelt hat dazu beigetragen, dass Plastik in der \u00d6ffentlichkeit mehr und mehr kritisch gesehen und diskutiert wird.<\/p>\n<p>Eine <strong>Online-Diskussion <\/strong>der Dialoginitiative \u201e<a href=\"https:\/\/www.ihre-chemie.de\/\" target=\"_blank\" rel=\"noopener noreferrer\">Ihre Chemie<\/a>\u201c kn\u00fcpft hier an und bringt verschiedene Perspektiven in einer Veranstaltung<strong> am 16. M\u00e4rz<\/strong> zusammen.<\/p>\n<h4 class=\"fusion-responsive-typography-calculated\" data-fontsize=\"18\" data-lineheight=\"21.9667px\">Plastik im Einsatz<\/h4>\n<p>Denn nat\u00fcrlich gilt auch: Plastik wird f\u00fcr viele praktische Dinge des Alltags wie Smartphones oder Brillengestelle verwendet, und es hilft zudem auch dabei, Schritt f\u00fcr Schritt nachhaltiger zu werden. So sch\u00fctzt Plastik Lebensmittel vor dem Verderb, wird f\u00fcr die D\u00e4mmung und Isolierung von H\u00e4usern ben\u00f6tigt und macht Fahrzeuge aller Art leichter und somit emissions\u00e4rmer. In der aktuellen Pandemiesituation steht dar\u00fcber hinaus der Einsatz von <a href=\"https:\/\/newsroom.kunststoffverpackungen.de\/2020\/12\/01\/kunststoff-in-der-modernen-medizin-unverzichtbar\/\" target=\"_blank\" rel=\"noopener noreferrer\">Plastik in medizinischen Ger\u00e4ten und Anwendungen<\/a> aller Art im Fokus.<\/p>\n<h4 class=\"fusion-responsive-typography-calculated\" data-fontsize=\"18\" data-lineheight=\"21.9667px\">Jede Perspektive z\u00e4hlt<\/h4>\n<p>Beide Betrachtungen \u2013 einmal zur Umweltverschmutzung, zum anderen zum Nutzen \u2013 sind zwei Seiten derselben (Plastik-)Medaille. \u00dcber beide gilt es f\u00fcr unsere Gesellschaft, gleicherma\u00dfen zu diskutieren. <img loading=\"lazy\" decoding=\"async\" class=\"alignleft wp-image-13963 size-medium lazyautosizes lazyloaded\" src=\"https:\/\/newsroom.kunststoffverpackungen.de\/wp-content\/uploads\/2020\/06\/Dr-Markus-Steilemann-CEO-plasticseurope-300x200.jpeg\" sizes=\"auto, 300px\" srcset=\"https:\/\/newsroom.kunststoffverpackungen.de\/wp-content\/uploads\/2020\/06\/Dr-Markus-Steilemann-CEO-plasticseurope-200x133.jpeg 200w, https:\/\/newsroom.kunststoffverpackungen.de\/wp-content\/uploads\/2020\/06\/Dr-Markus-Steilemann-CEO-plasticseurope-300x200.jpeg 300w, https:\/\/newsroom.kunststoffverpackungen.de\/wp-content\/uploads\/2020\/06\/Dr-Markus-Steilemann-CEO-plasticseurope-400x267.jpeg 400w, https:\/\/newsroom.kunststoffverpackungen.de\/wp-content\/uploads\/2020\/06\/Dr-Markus-Steilemann-CEO-plasticseurope-600x400.jpeg 600w, https:\/\/newsroom.kunststoffverpackungen.de\/wp-content\/uploads\/2020\/06\/Dr-Markus-Steilemann-CEO-plasticseurope.jpeg 747w\" alt=\"Dr Markus Steilemann Pr\u00e4sident Plasticseurope und CEO Covestro\" width=\"300\" height=\"200\" data-orig-src=\"https:\/\/newsroom.kunststoffverpackungen.de\/wp-content\/uploads\/2020\/06\/Dr-Markus-Steilemann-CEO-plasticseurope-300x200.jpeg\" data-srcset=\"https:\/\/newsroom.kunststoffverpackungen.de\/wp-content\/uploads\/2020\/06\/Dr-Markus-Steilemann-CEO-plasticseurope-200x133.jpeg 200w, https:\/\/newsroom.kunststoffverpackungen.de\/wp-content\/uploads\/2020\/06\/Dr-Markus-Steilemann-CEO-plasticseurope-300x200.jpeg 300w, https:\/\/newsroom.kunststoffverpackungen.de\/wp-content\/uploads\/2020\/06\/Dr-Markus-Steilemann-CEO-plasticseurope-400x267.jpeg 400w, https:\/\/newsroom.kunststoffverpackungen.de\/wp-content\/uploads\/2020\/06\/Dr-Markus-Steilemann-CEO-plasticseurope-600x400.jpeg 600w, https:\/\/newsroom.kunststoffverpackungen.de\/wp-content\/uploads\/2020\/06\/Dr-Markus-Steilemann-CEO-plasticseurope.jpeg 747w\" data-sizes=\"auto\" data-orig-sizes=\"(max-width: 300px) 100vw, 300px\" \/>Und genau das beabsichtigt die gesellschaftliche Plattform <a href=\"https:\/\/www.linkedin.com\/company\/ihre-chemie\/\" target=\"_blank\" rel=\"noopener noreferrer\">Ihre Chemie<\/a>. Am <strong>16. M\u00e4rz <\/strong>bietet die Veranstaltung <strong>\u201ePlastik: In Zukunft ohne?\u201c<\/strong> die B\u00fchne f\u00fcr eine spannende Debatte zum F\u00fcr und Wider von Kunststoffen: Mit dabei sind der europ\u00e4ische Pr\u00e4sident des Verbands der Kunststofferzeuger, PlasticsEurope, <strong>Dr. Markus Steilemann<\/strong> (CEO <a href=\"https:\/\/www.linkedin.com\/company\/covestro\/\" target=\"_blank\" rel=\"noopener noreferrer\">Covestro<\/a>, Foto), die Bloggerin und Kunststoffkritikerin <strong>Nadine Schubert<\/strong> (<a href=\"https:\/\/www.besser-leben-ohne-plastik.de\/der-blog\/\" target=\"_blank\" rel=\"noopener noreferrer\">\u201eBesser leben ohne Plastik\u201c<\/a>) und <strong>Christian Schiller<\/strong>, Mitbegr\u00fcnder des Start-ups <a href=\"https:\/\/www.cirplus.com\/de\" target=\"_blank\" rel=\"noopener noreferrer\">cirplus<\/a> f\u00fcr den Handel mit recycelten Kunststoffen.<\/p>\n<h4 class=\"fusion-responsive-typography-calculated\" data-fontsize=\"18\" data-lineheight=\"21.9667px\">Jetzt zum Dialog anmelden<\/h4>\n<p>Besonders interessant an diesem Format: Die Teilnehmenden haben die M\u00f6glichkeit, sich mit ihren Fragen und Kommentaren direkt aufs virtuelle \u201ePodium\u201c heben zu lassen oder Fragen schon im Vorfeld einzureichen. Die Veranstaltung ist f\u00fcr alle Interessierte offen. Mehr Informationen sowie die Option zur Anmeldung finden Sie unter folgendem <a href=\"https:\/\/www.ihre-chemie.de\/oeffentliche-veranstaltungen\/plastik-in-zukunft-ohne\/\" target=\"_blank\" rel=\"noopener noreferrer\">Link<\/a>.<\/p>\n<\/div>\n","protected":false},"excerpt":{"rendered":"<p>Unser modernes Leben ebenso wie der Weg hin zu mehr Nachhaltigkeit ist nur mit Kunststoffen zu denken. Oder vielleicht eher nicht?&#8230;<\/p>\n","protected":false},"author":2,"featured_media":7017,"comment_status":"closed","ping_status":"closed","sticky":false,"template":"","format":"standard","meta":{"footnotes":""},"categories":[24,16],"tags":[],"series":[],"class_list":["post-24936","post","type-post","status-publish","format-standard","has-post-thumbnail","hentry","category-plas-tv-meldungen-auf-der-startseite-unterhalb-slider","category-plast-tv-textmeldungen"],"_links":{"self":[{"href":"https:\/\/plas.tv\/index.php?rest_route=\/wp\/v2\/posts\/24936","targetHints":{"allow":["GET"]}}],"collection":[{"href":"https:\/\/plas.tv\/index.php?rest_route=\/wp\/v2\/posts"}],"about":[{"href":"https:\/\/plas.tv\/index.php?rest_route=\/wp\/v2\/types\/post"}],"author":[{"embeddable":true,"href":"https:\/\/plas.tv\/index.php?rest_route=\/wp\/v2\/users\/2"}],"replies":[{"embeddable":true,"href":"https:\/\/plas.tv\/index.php?rest_route=%2Fwp%2Fv2%2Fcomments&post=24936"}],"version-history":[{"count":1,"href":"https:\/\/plas.tv\/index.php?rest_route=\/wp\/v2\/posts\/24936\/revisions"}],"predecessor-version":[{"id":24937,"href":"https:\/\/plas.tv\/index.php?rest_route=\/wp\/v2\/posts\/24936\/revisions\/24937"}],"wp:featuredmedia":[{"embeddable":true,"href":"https:\/\/plas.tv\/index.php?rest_route=\/wp\/v2\/media\/7017"}],"wp:attachment":[{"href":"https:\/\/plas.tv\/index.php?rest_route=%2Fwp%2Fv2%2Fmedia&parent=24936"}],"wp:term":[{"taxonomy":"category","embeddable":true,"href":"https:\/\/plas.tv\/index.php?rest_route=%2Fwp%2Fv2%2Fcategories&post=24936"},{"taxonomy":"post_tag","embeddable":true,"href":"https:\/\/plas.tv\/index.php?rest_route=%2Fwp%2Fv2%2Ftags&post=24936"},{"taxonomy":"series","embeddable":true,"href":"https:\/\/plas.tv\/index.php?rest_route=%2Fwp%2Fv2%2Fseries&post=24936"}],"curies":[{"name":"wp","href":"https:\/\/api.w.org\/{rel}","templated":true}]}}