{"id":24938,"date":"2021-03-11T10:48:06","date_gmt":"2021-03-11T09:48:06","guid":{"rendered":"https:\/\/php8.plastv.de\/?p=24938"},"modified":"2021-03-11T10:48:06","modified_gmt":"2021-03-11T09:48:06","slug":"saentis-packaging-uebernimmt-swissprimepack","status":"publish","type":"post","link":"https:\/\/plas.tv\/?p=24938","title":{"rendered":"S\u00e4ntis Packaging \u00fcbernimmt SwissPrimePack"},"content":{"rendered":"<div class=\"row\">\n<div class=\"col-md-12\">\n<div class=\"modal-body elipser\">\n<div class=\"row\">\n<div class=\"newsInnerModal\">\n<div class=\"textMoreLess\">\n<p>Der Kunststoffverpackungshersteller s\u00e4ntis packaging ag (CH-9464 R\u00fcthi) hat per 26. Februar 2021 den Kunststoffverarbeiter SwissPrimePack AG (CH-9450 Altst\u00e4tten) von Eigent\u00fcmerin, Frau Esther Mandelbaum, mit allen Rechten und Pflichten \u00fcbernommen.<\/p>\n<p>Gr\u00fcndervater und Pionier, Roman Mandelbaum, baute SwissPrimePack bereits 1970 zu einem wichtigen europ\u00e4ischen Marktteilnehmer im Vending-Bereich auf. Heute richtet sich der Fokus verst\u00e4rkt auch auf Verpackungen f\u00fcr die Milchindustrie. Die s\u00e4ntis packaging hingegen hat sich etabliert als Spezialist f\u00fcr Barriere-Verpackungen, insbesondere Kaffeekapseln.<\/p>\n<p>\u201eDie \u00dcbernahme st\u00e4rkt unsere Position auf dem Schweizer Markt und dient der Erweiterung unseres Produkte- und Kundenportfolios. Unser erkl\u00e4rtes Ziel ist es, gemeinsam weiter zu wachsen in Europa und synergetische Kr\u00e4fte zu nutzen f\u00fcr die Entwicklung von nachhaltigen Verpackungsl\u00f6sungen\u201c, so Bettina Fleisch, CEO und Inhaberin der s\u00e4ntis packaging ag.<\/p>\n<p>\u00dcber den Kaufpreis wurde Stillschweigen vereinbart.<\/p>\n<\/div>\n<\/div>\n<\/div>\n<\/div>\n<\/div>\n<\/div>\n","protected":false},"excerpt":{"rendered":"<p>Der Kunststoffverpackungshersteller s\u00e4ntis packaging ag (CH-9464 R\u00fcthi) hat per 26. Februar 2021 den Kunststoffverarbeiter SwissPrimePack&#8230;<\/p>\n","protected":false},"author":2,"featured_media":24939,"comment_status":"closed","ping_status":"closed","sticky":false,"template":"","format":"standard","meta":{"footnotes":""},"categories":[24,16],"tags":[],"series":[],"class_list":["post-24938","post","type-post","status-publish","format-standard","has-post-thumbnail","hentry","category-plas-tv-meldungen-auf-der-startseite-unterhalb-slider","category-plast-tv-textmeldungen"],"_links":{"self":[{"href":"https:\/\/plas.tv\/index.php?rest_route=\/wp\/v2\/posts\/24938","targetHints":{"allow":["GET"]}}],"collection":[{"href":"https:\/\/plas.tv\/index.php?rest_route=\/wp\/v2\/posts"}],"about":[{"href":"https:\/\/plas.tv\/index.php?rest_route=\/wp\/v2\/types\/post"}],"author":[{"embeddable":true,"href":"https:\/\/plas.tv\/index.php?rest_route=\/wp\/v2\/users\/2"}],"replies":[{"embeddable":true,"href":"https:\/\/plas.tv\/index.php?rest_route=%2Fwp%2Fv2%2Fcomments&post=24938"}],"version-history":[{"count":1,"href":"https:\/\/plas.tv\/index.php?rest_route=\/wp\/v2\/posts\/24938\/revisions"}],"predecessor-version":[{"id":24940,"href":"https:\/\/plas.tv\/index.php?rest_route=\/wp\/v2\/posts\/24938\/revisions\/24940"}],"wp:featuredmedia":[{"embeddable":true,"href":"https:\/\/plas.tv\/index.php?rest_route=\/wp\/v2\/media\/24939"}],"wp:attachment":[{"href":"https:\/\/plas.tv\/index.php?rest_route=%2Fwp%2Fv2%2Fmedia&parent=24938"}],"wp:term":[{"taxonomy":"category","embeddable":true,"href":"https:\/\/plas.tv\/index.php?rest_route=%2Fwp%2Fv2%2Fcategories&post=24938"},{"taxonomy":"post_tag","embeddable":true,"href":"https:\/\/plas.tv\/index.php?rest_route=%2Fwp%2Fv2%2Ftags&post=24938"},{"taxonomy":"series","embeddable":true,"href":"https:\/\/plas.tv\/index.php?rest_route=%2Fwp%2Fv2%2Fseries&post=24938"}],"curies":[{"name":"wp","href":"https:\/\/api.w.org\/{rel}","templated":true}]}}