{"id":24948,"date":"2021-03-11T11:15:35","date_gmt":"2021-03-11T10:15:35","guid":{"rendered":"https:\/\/php8.plastv.de\/?p=24948"},"modified":"2021-03-11T11:15:35","modified_gmt":"2021-03-11T10:15:35","slug":"digitale-diskussionsrunde-zu-muell-in-den-weltmeeren","status":"publish","type":"post","link":"https:\/\/plas.tv\/?p=24948","title":{"rendered":"Digitale Diskussionsrunde zu M\u00fcll in den Weltmeeren"},"content":{"rendered":"<h1 class=\"entry-title fusion-post-title fusion-responsive-typography-calculated\" data-fontsize=\"30\" data-lineheight=\"39px\"><\/h1>\n<div class=\"post-content\">\n<p>\u201eWeniger ins Meer\u201c \u2013 so lautet der Titel eines der n\u00e4chsten WebTalks der Friedrich-Naumann-Stiftung am Mittwoch, 17. M\u00e4rz. Teil der digitalen Diskussionsrunde: Der Hauptgesch\u00e4ftsf\u00fchrer von <a href=\"https:\/\/www.plasticseurope.org\/de\" target=\"_blank\" rel=\"noopener noreferrer\">PlasticsEurope Deutschland<\/a>, Ingemar B\u00fchler. F\u00fcr die Kunststofferzeuger ist klar: Kunststoff geh\u00f6rt nicht als Abfall in die Umwelt. Und so ist auch die Verschmutzung der Weltmeere absolut inakzeptabel.<\/p>\n<p><a class=\"fusion-no-lightbox\" href=\"https:\/\/www.plasticseurope.org\/de\/resources\/events\/2020\/weniger-ins-meer\"><img loading=\"lazy\" decoding=\"async\" class=\"alignright wp-image-18502 lazyautosizes lazyloaded\" src=\"https:\/\/newsroom.kunststoffverpackungen.de\/wp-content\/uploads\/2021\/03\/Dialog-Marine-Litter-Friedrich-Nauann-Stiftung-900x450.jpg\" sizes=\"auto, 450px\" srcset=\"https:\/\/newsroom.kunststoffverpackungen.de\/wp-content\/uploads\/2021\/03\/Dialog-Marine-Litter-Friedrich-Nauann-Stiftung-200x100.jpg 200w, https:\/\/newsroom.kunststoffverpackungen.de\/wp-content\/uploads\/2021\/03\/Dialog-Marine-Litter-Friedrich-Nauann-Stiftung-400x200.jpg 400w, https:\/\/newsroom.kunststoffverpackungen.de\/wp-content\/uploads\/2021\/03\/Dialog-Marine-Litter-Friedrich-Nauann-Stiftung-450x225.jpg 450w, https:\/\/newsroom.kunststoffverpackungen.de\/wp-content\/uploads\/2021\/03\/Dialog-Marine-Litter-Friedrich-Nauann-Stiftung-600x300.jpg 600w, https:\/\/newsroom.kunststoffverpackungen.de\/wp-content\/uploads\/2021\/03\/Dialog-Marine-Litter-Friedrich-Nauann-Stiftung-768x384.jpg 768w, https:\/\/newsroom.kunststoffverpackungen.de\/wp-content\/uploads\/2021\/03\/Dialog-Marine-Litter-Friedrich-Nauann-Stiftung-800x400.jpg 800w, https:\/\/newsroom.kunststoffverpackungen.de\/wp-content\/uploads\/2021\/03\/Dialog-Marine-Litter-Friedrich-Nauann-Stiftung-900x450.jpg 900w, https:\/\/newsroom.kunststoffverpackungen.de\/wp-content\/uploads\/2021\/03\/Dialog-Marine-Litter-Friedrich-Nauann-Stiftung.jpg 930w\" alt=\"Dialog Marine Litter Friedrich Nauann Stiftung - weniger ist meer\" width=\"450\" height=\"225\" data-orig-src=\"https:\/\/newsroom.kunststoffverpackungen.de\/wp-content\/uploads\/2021\/03\/Dialog-Marine-Litter-Friedrich-Nauann-Stiftung-900x450.jpg\" data-srcset=\"https:\/\/newsroom.kunststoffverpackungen.de\/wp-content\/uploads\/2021\/03\/Dialog-Marine-Litter-Friedrich-Nauann-Stiftung-200x100.jpg 200w, https:\/\/newsroom.kunststoffverpackungen.de\/wp-content\/uploads\/2021\/03\/Dialog-Marine-Litter-Friedrich-Nauann-Stiftung-400x200.jpg 400w, https:\/\/newsroom.kunststoffverpackungen.de\/wp-content\/uploads\/2021\/03\/Dialog-Marine-Litter-Friedrich-Nauann-Stiftung-450x225.jpg 450w, https:\/\/newsroom.kunststoffverpackungen.de\/wp-content\/uploads\/2021\/03\/Dialog-Marine-Litter-Friedrich-Nauann-Stiftung-600x300.jpg 600w, https:\/\/newsroom.kunststoffverpackungen.de\/wp-content\/uploads\/2021\/03\/Dialog-Marine-Litter-Friedrich-Nauann-Stiftung-768x384.jpg 768w, https:\/\/newsroom.kunststoffverpackungen.de\/wp-content\/uploads\/2021\/03\/Dialog-Marine-Litter-Friedrich-Nauann-Stiftung-800x400.jpg 800w, https:\/\/newsroom.kunststoffverpackungen.de\/wp-content\/uploads\/2021\/03\/Dialog-Marine-Litter-Friedrich-Nauann-Stiftung-900x450.jpg 900w, https:\/\/newsroom.kunststoffverpackungen.de\/wp-content\/uploads\/2021\/03\/Dialog-Marine-Litter-Friedrich-Nauann-Stiftung.jpg 930w\" data-sizes=\"auto\" data-orig-sizes=\"(max-width: 450px) 100vw, 450px\" \/><\/a>Aber wie lassen sich Anspruch und Wirklichkeit miteinander in Einklang bringen? Welche Unterst\u00fctzung seitens der Politik ist hierf\u00fcr notwendig? Und welche Ans\u00e4tze verfolgt die Industrie?<\/p>\n<h4 class=\"fusion-responsive-typography-calculated\" data-fontsize=\"18\" data-lineheight=\"21.9667px\">Gegen M\u00fcll im Meer<\/h4>\n<p>Auf der Suche nach wirksamen L\u00f6sungen diskutiert B\u00fchler gemeinsam mit Gesine Mei\u00dfner, Vorsitzende des deutschen Komitees f\u00fcr die <a href=\"https:\/\/www.oceandecade.org\/\" target=\"_blank\" rel=\"noopener noreferrer\">UN-Dekade der Ozeane<\/a> sowie Timothy Glaz, Leiter Corporate Affairs von <a href=\"https:\/\/werner-mertz.de\/\" target=\"_blank\" rel=\"noopener noreferrer\">Werner &amp; Mertz<\/a>, dem Unternehmen hinter der Nachhaltigkeitsmarke <a href=\"https:\/\/frosch.de\/de\/index.html\" target=\"_blank\" rel=\"noopener noreferrer\">Frosch<\/a>.<\/p>\n<p>Moderiert wird die Diskussion von einem renommierten ARD-H\u00f6rfunkprofi: Andreas Horchler war fast 30 Jahre Radio-Moderator beim Hessischen Rundfunk. In der Zeit von 2013 bis 2017 arbeitete er als ARD-Korrespondent in Washington, seit 2018 ist er Director of Communications der <a href=\"https:\/\/www.frankfurt-school.de\/home\" target=\"_blank\" rel=\"noopener noreferrer\">Frankfurt School of Finance &amp; Management<\/a>.<\/p>\n<h4 class=\"fusion-responsive-typography-calculated\" data-fontsize=\"18\" data-lineheight=\"21.9667px\">Internationale Herausforderung<\/h4>\n<p>Debattiert wird auf Einladung der Friedrich-Naumann-Stiftung \u00fcber Ursachen f\u00fcr <a href=\"https:\/\/newsroom.kunststoffverpackungen.de\/sicher-verpackt-klimaschutz-schutz-der-meere\/\" target=\"_blank\" rel=\"noopener noreferrer\">Marine Litter<\/a> und Wege zur Eind\u00e4mmung des Eintrags von Plastikm\u00fcll in die Weltmeere \u2013 national wie international. Wie wichtig gerade die globale Perspektive auf das Thema ist, zeigt dieses Bild:<\/p>\n<p><img loading=\"lazy\" decoding=\"async\" class=\"aligncenter wp-image-14002 size-large lazyautosizes lazyloaded\" src=\"https:\/\/newsroom.kunststoffverpackungen.de\/wp-content\/uploads\/2020\/06\/Marine-Litter-Weltkarte-1024x538.png\" sizes=\"auto, 821px\" srcset=\"https:\/\/newsroom.kunststoffverpackungen.de\/wp-content\/uploads\/2020\/06\/Marine-Litter-Weltkarte-200x105.png 200w, https:\/\/newsroom.kunststoffverpackungen.de\/wp-content\/uploads\/2020\/06\/Marine-Litter-Weltkarte-300x158.png 300w, https:\/\/newsroom.kunststoffverpackungen.de\/wp-content\/uploads\/2020\/06\/Marine-Litter-Weltkarte-400x210.png 400w, https:\/\/newsroom.kunststoffverpackungen.de\/wp-content\/uploads\/2020\/06\/Marine-Litter-Weltkarte-600x315.png 600w, https:\/\/newsroom.kunststoffverpackungen.de\/wp-content\/uploads\/2020\/06\/Marine-Litter-Weltkarte-768x403.png 768w, https:\/\/newsroom.kunststoffverpackungen.de\/wp-content\/uploads\/2020\/06\/Marine-Litter-Weltkarte-800x420.png 800w, https:\/\/newsroom.kunststoffverpackungen.de\/wp-content\/uploads\/2020\/06\/Marine-Litter-Weltkarte-1024x538.png 1024w, https:\/\/newsroom.kunststoffverpackungen.de\/wp-content\/uploads\/2020\/06\/Marine-Litter-Weltkarte-1200x630.png 1200w, https:\/\/newsroom.kunststoffverpackungen.de\/wp-content\/uploads\/2020\/06\/Marine-Litter-Weltkarte.png 1400w\" alt=\"Marine Litter Weltkarte - Verschmutzung der Weltmeere durch Plastikm\u00fcll \u00fcber 80 Prozent Asien\" width=\"1024\" height=\"538\" data-orig-src=\"https:\/\/newsroom.kunststoffverpackungen.de\/wp-content\/uploads\/2020\/06\/Marine-Litter-Weltkarte-1024x538.png\" data-srcset=\"https:\/\/newsroom.kunststoffverpackungen.de\/wp-content\/uploads\/2020\/06\/Marine-Litter-Weltkarte-200x105.png 200w, https:\/\/newsroom.kunststoffverpackungen.de\/wp-content\/uploads\/2020\/06\/Marine-Litter-Weltkarte-300x158.png 300w, https:\/\/newsroom.kunststoffverpackungen.de\/wp-content\/uploads\/2020\/06\/Marine-Litter-Weltkarte-400x210.png 400w, https:\/\/newsroom.kunststoffverpackungen.de\/wp-content\/uploads\/2020\/06\/Marine-Litter-Weltkarte-600x315.png 600w, https:\/\/newsroom.kunststoffverpackungen.de\/wp-content\/uploads\/2020\/06\/Marine-Litter-Weltkarte-768x403.png 768w, https:\/\/newsroom.kunststoffverpackungen.de\/wp-content\/uploads\/2020\/06\/Marine-Litter-Weltkarte-800x420.png 800w, https:\/\/newsroom.kunststoffverpackungen.de\/wp-content\/uploads\/2020\/06\/Marine-Litter-Weltkarte-1024x538.png 1024w, https:\/\/newsroom.kunststoffverpackungen.de\/wp-content\/uploads\/2020\/06\/Marine-Litter-Weltkarte-1200x630.png 1200w, https:\/\/newsroom.kunststoffverpackungen.de\/wp-content\/uploads\/2020\/06\/Marine-Litter-Weltkarte.png 1400w\" data-sizes=\"auto\" data-orig-sizes=\"(max-width: 1024px) 100vw, 1024px\" \/><\/p>\n<p><strong>Die Veranstaltung der Friedrich-Naumann-Stiftung ist offen f\u00fcr alle Interessierten.<\/strong><br \/>\n<strong><a href=\"https:\/\/shop.freiheit.org\/#!\/Veranstaltung\/aeexn\" target=\"_blank\" rel=\"noopener noreferrer\">Hier<\/a> geht es zur Anmeldung.<\/strong><\/p>\n<\/div>\n","protected":false},"excerpt":{"rendered":"<p>\u201eWeniger ins Meer\u201c \u2013 so lautet der Titel eines der n\u00e4chsten WebTalks der Friedrich-Naumann-Stiftung am Mittwoch, 17. M\u00e4rz&#8230;<\/p>\n","protected":false},"author":2,"featured_media":24949,"comment_status":"closed","ping_status":"closed","sticky":false,"template":"","format":"standard","meta":{"footnotes":""},"categories":[24,16],"tags":[],"series":[],"class_list":["post-24948","post","type-post","status-publish","format-standard","has-post-thumbnail","hentry","category-plas-tv-meldungen-auf-der-startseite-unterhalb-slider","category-plast-tv-textmeldungen"],"_links":{"self":[{"href":"https:\/\/plas.tv\/index.php?rest_route=\/wp\/v2\/posts\/24948","targetHints":{"allow":["GET"]}}],"collection":[{"href":"https:\/\/plas.tv\/index.php?rest_route=\/wp\/v2\/posts"}],"about":[{"href":"https:\/\/plas.tv\/index.php?rest_route=\/wp\/v2\/types\/post"}],"author":[{"embeddable":true,"href":"https:\/\/plas.tv\/index.php?rest_route=\/wp\/v2\/users\/2"}],"replies":[{"embeddable":true,"href":"https:\/\/plas.tv\/index.php?rest_route=%2Fwp%2Fv2%2Fcomments&post=24948"}],"version-history":[{"count":1,"href":"https:\/\/plas.tv\/index.php?rest_route=\/wp\/v2\/posts\/24948\/revisions"}],"predecessor-version":[{"id":24950,"href":"https:\/\/plas.tv\/index.php?rest_route=\/wp\/v2\/posts\/24948\/revisions\/24950"}],"wp:featuredmedia":[{"embeddable":true,"href":"https:\/\/plas.tv\/index.php?rest_route=\/wp\/v2\/media\/24949"}],"wp:attachment":[{"href":"https:\/\/plas.tv\/index.php?rest_route=%2Fwp%2Fv2%2Fmedia&parent=24948"}],"wp:term":[{"taxonomy":"category","embeddable":true,"href":"https:\/\/plas.tv\/index.php?rest_route=%2Fwp%2Fv2%2Fcategories&post=24948"},{"taxonomy":"post_tag","embeddable":true,"href":"https:\/\/plas.tv\/index.php?rest_route=%2Fwp%2Fv2%2Ftags&post=24948"},{"taxonomy":"series","embeddable":true,"href":"https:\/\/plas.tv\/index.php?rest_route=%2Fwp%2Fv2%2Fseries&post=24948"}],"curies":[{"name":"wp","href":"https:\/\/api.w.org\/{rel}","templated":true}]}}