{"id":24954,"date":"2021-03-11T11:55:56","date_gmt":"2021-03-11T10:55:56","guid":{"rendered":"https:\/\/php8.plastv.de\/?p=24954"},"modified":"2021-03-11T11:55:56","modified_gmt":"2021-03-11T10:55:56","slug":"fakuma-2021-themen-der-zukunft","status":"publish","type":"post","link":"https:\/\/plas.tv\/?p=24954","title":{"rendered":"Fakuma 2021: Themen der Zukunft"},"content":{"rendered":"<p>F\u00fcr die Kunststoff verarbeitende Industrie steht neben dem digitalen Wandel auch der Wandel von der linearen zur Kreislaufwirtschaft auf der Agenda. Deshalb weckt die 27. Fakuma \u2013 Internationale Fachmesse f\u00fcr Kunststoffverarbeitung \u2013 vom 12. bis 16. Oktober 2021 in Friedrichshafen besonderes Interesse. Die Fakuma ist weithin das anerkannte Top-Event in Sachen Spritzgie\u00dfen, Extrusionstechnik, Thermoformen und 3D-Printing.<\/p>\n<p>Die deutschen Kunststoffverarbeiter stehen in der Pole Position, weil sie sich den Herausforderungen stellen, die sich aus dem Wandel auf unterschiedlichen Ebenen ergeben. Daher wird die Fakuma ein herausragendes Fachmesseereignis werden mit zukunftsweisenden Fragestellungen und nachhaltigen L\u00f6sungsans\u00e4tzen. Die digitale Transformation ist in vollem Gange \u2013 die Unternehmen schaffen mit der zunehmenden Digitalisierung und Automatisierung optimierte Prozesse, h\u00f6here Anlagenverf\u00fcgbarkeit, mehr Produktivit\u00e4t \u2013 und somit schlie\u00dflich Zukunftsf\u00e4higkeit. Auch der Wandel von der linearen in die Kreislaufwirtschaft ist eine Herausforderung, die alles andere als trivial ist: Kunststoffrecycling ist kein blo\u00dfes Schlagwort, sondern generiert weltweit Chancen und M\u00e4rkte. Topthema der Kunststoffverarbeiter ist einerseits die Recyclingf\u00e4higkeit der eigenen Produkte und andererseits der Einsatz von Rezyklaten. Hier sind Leistungsf\u00e4higkeit, Qualit\u00e4t und Hygieneanforderungen gleicherma\u00dfen zu erf\u00fcllen. Zugleich k\u00e4mpft die Branche an vielen Stellen mit einer einseitig negativen Wahrnehmung. Julia Gro\u00dfe-Wilde, Gesch\u00e4ftsf\u00fchrerin Gesamtverband Kunststoffverarbeitende Industrie e. V. (GKV) stellt klar: \u201eWenn wir unsere Klimaziele erreichen wollen, k\u00f6nnen wir auf Kunststoffe nicht verzichten \u2013 sondern ben\u00f6tigen sie daf\u00fcr!\u201c\u00a0\u00a0 <strong>\u00a0 <\/strong><\/p>\n<p><strong>Themen der Branche: CO<sub>2<\/sub>-Fu\u00dfabdruck, Nachhaltigkeit, Recycling<\/strong><\/p>\n<p>Hauptursache des negativen Images sind die weltweiten Eintr\u00e4ge von Abf\u00e4llen in die Umwelt. Der GKV als Stimme der Industrie und Vermittler geht deshalb verst\u00e4rkt in den Dialog und in die Aufkl\u00e4rung. Denn fest steht auch, dass Kunststoffe \u00f6kologische Vorteile haben, stellt Julia Gro\u00dfe-Wilde heraus: \u201eDie Unternehmen haben selbst ein ureigenes Interesse daran, ihre Produkte zukunftsf\u00e4hig zu gestalten. M\u00f6glichst wenige Produktionsabf\u00e4lle oder aber deren Recycling sind nicht nur \u00f6kologisch, sondern auch \u00f6konomisch sinnvolle Zielsetzungen. Hinzu kommt ein verst\u00e4rktes Mitdenken des Lebensendes bereits bei der Gestaltung eines Produktes\u201c, so die GKV-Gesch\u00e4ftsf\u00fchrerin. Sie stellt fest, dass die Schutzfunktion von Verpackungen nur selten wahrgenommen oder gar gesch\u00e4tzt w\u00fcrden. \u201eDabei tragen Verpackungen viel dazu bei, unseren Konsum nachhaltiger zu gestalten. Wenn verdorbene Lebensmittel in der Tonne statt auf dem Teller landen, ist das klimasch\u00e4dlicher als die Produktion der Verpackung. Tats\u00e4chlich m\u00fcssen wir aber durch Design for Recycling konsequentes Sammeln und Sortieren und die st\u00e4ndige Weiterentwicklung sowohl beim Recycling als auch beim Einsatz von Rezyklaten daf\u00fcr sorgen, dass sich Kunststoffe st\u00e4rker in Stoffstr\u00f6men bewegen. Das ist die gro\u00dfe Herausforderung f\u00fcr unsere Industrie und auch unsere Gesellschaft.\u201c<\/p>\n<p><strong>Kunststoffe sind unverzichtbare und wichtige Zukunftsprodukte<\/strong><\/p>\n<p>Nicht wegzudenken ist die Bedeutung von modernen Kunststoffen aus dem Leichtbau, mit dem Ressourceneinsparungen auf unterschiedlichen Ebenen einhergehen \u2013 sowohl in der Automobilindustrie als auch im allgemeinen Maschinen- und Anlagenbau. So ist die Fakuma 2021 vom 12. bis 16. Oktober 2021 einmal mehr die Plattform f\u00fcr alles und jeden mit Rang und Namen in der industriellen Kunststoffverarbeitung. Hier werden sowohl neue Produkte und Technologien pr\u00e4sentiert als auch Trendthemen diskutiert. Traditionell ist die Fakuma als Branchen- und Technologiebarometer die weltweit f\u00fchrende Fachveranstaltung zum Thema Spritzgie\u00dfen und erster Anlaufpunkt, wenn es um Neuheiten rund um Material, Maschine, Peripherie, Prozesse und Simulation geht. Bis zum Termin der Pr\u00e4senzveranstaltung beweist sich die Fakuma-Virtuell als n\u00fctzliches Instrument f\u00fcr den fachlichen Austausch.<\/p>\n","protected":false},"excerpt":{"rendered":"<p>F\u00fcr die Kunststoff verarbeitende Industrie steht neben dem digitalen Wandel auch der Wandel von der linearen zur Kreislaufwirtschaft&#8230;<\/p>\n","protected":false},"author":2,"featured_media":6212,"comment_status":"closed","ping_status":"closed","sticky":false,"template":"","format":"standard","meta":{"footnotes":""},"categories":[24,16],"tags":[],"series":[],"class_list":["post-24954","post","type-post","status-publish","format-standard","has-post-thumbnail","hentry","category-plas-tv-meldungen-auf-der-startseite-unterhalb-slider","category-plast-tv-textmeldungen"],"_links":{"self":[{"href":"https:\/\/plas.tv\/index.php?rest_route=\/wp\/v2\/posts\/24954","targetHints":{"allow":["GET"]}}],"collection":[{"href":"https:\/\/plas.tv\/index.php?rest_route=\/wp\/v2\/posts"}],"about":[{"href":"https:\/\/plas.tv\/index.php?rest_route=\/wp\/v2\/types\/post"}],"author":[{"embeddable":true,"href":"https:\/\/plas.tv\/index.php?rest_route=\/wp\/v2\/users\/2"}],"replies":[{"embeddable":true,"href":"https:\/\/plas.tv\/index.php?rest_route=%2Fwp%2Fv2%2Fcomments&post=24954"}],"version-history":[{"count":1,"href":"https:\/\/plas.tv\/index.php?rest_route=\/wp\/v2\/posts\/24954\/revisions"}],"predecessor-version":[{"id":24955,"href":"https:\/\/plas.tv\/index.php?rest_route=\/wp\/v2\/posts\/24954\/revisions\/24955"}],"wp:featuredmedia":[{"embeddable":true,"href":"https:\/\/plas.tv\/index.php?rest_route=\/wp\/v2\/media\/6212"}],"wp:attachment":[{"href":"https:\/\/plas.tv\/index.php?rest_route=%2Fwp%2Fv2%2Fmedia&parent=24954"}],"wp:term":[{"taxonomy":"category","embeddable":true,"href":"https:\/\/plas.tv\/index.php?rest_route=%2Fwp%2Fv2%2Fcategories&post=24954"},{"taxonomy":"post_tag","embeddable":true,"href":"https:\/\/plas.tv\/index.php?rest_route=%2Fwp%2Fv2%2Ftags&post=24954"},{"taxonomy":"series","embeddable":true,"href":"https:\/\/plas.tv\/index.php?rest_route=%2Fwp%2Fv2%2Fseries&post=24954"}],"curies":[{"name":"wp","href":"https:\/\/api.w.org\/{rel}","templated":true}]}}