{"id":24956,"date":"2021-03-12T08:01:43","date_gmt":"2021-03-12T07:01:43","guid":{"rendered":"https:\/\/php8.plastv.de\/?p=24956"},"modified":"2021-03-11T12:04:06","modified_gmt":"2021-03-11T11:04:06","slug":"tu-ilmenau-und-titk-rudolstadt-schaffen-gemeinsame-professur-fuer-kunststofftechnik","status":"publish","type":"post","link":"https:\/\/plas.tv\/?p=24956","title":{"rendered":"TU Ilmenau und TITK Rudolstadt schaffen gemeinsame Professur f\u00fcr Kunststofftechnik"},"content":{"rendered":"<p><strong>Ab 1. M\u00e4rz 2021 ist Dr.-Ing. Florian Puch Universit\u00e4tsprofessor an der Technischen Universit\u00e4t Ilmenau und Leiter des Fachgebiets Kunststofftechnik. Gleichzeitig wird er neuer wissenschaftlicher Leiter am Th\u00fcringischen Institut f\u00fcr Textil- und Kunststoff-Forschung (TITK) in Rudolstadt, einem An-Institut der TU Ilmenau. Im Mittelpunkt seiner neuen T\u00e4tigkeit in Forschung und Lehre steht die Funktionalisierung von Kunststoffen und die Konzeption und Realisation neuartiger Maschinensysteme f\u00fcr die Kunststoffverarbeitung. Im Th\u00fcringer Innovationszentrum Mobilit\u00e4t (ThIMo), das an der TU Ilmenau ans\u00e4ssig ist, wird er den Kompetenzschwerpunkt \u201eKunststofftechnik und Leichtbau\u201c verantworten. Dabei stehen Technologien zur Herstellung und zum Recycling vo<\/strong><strong>n faserverst\u00e4rkten Kunststoffen f\u00fcr die Automobilindustrie im Fokus.<br \/>\n<\/strong><\/p>\n<p>Seine wissenschaftliche Karriere begann Florian Puch am Institut f\u00fcr Kunststoffverarbeitung in Industrie und Handwerk an der RWTH Aachen. Dort leitete er die Arbeitsgruppe Compoundierung und promovierte 2015 zum Thema \u201eHerstellung und Eigenschaften von Kohlenstoffnanor\u00f6hrchen-Polyamid-6-Kompositen\u201c. Anschlie\u00dfend war Prof. Puch bei der BASF SE in Ludwigshafen zun\u00e4chst in der globalen Forschung t\u00e4tig, bevor er im Gesch\u00e4ftsbereich Bauchemie Funktionen in der Technologie und im Marketing wahrnahm. Zuletzt arbeitete er als Global Launch Manager f\u00fcr die MBCC Group in Mannheim, einem aus der BASF ausgegr\u00fcndeten Anbieter bauchemischer Produkte und L\u00f6sungen. Der Fachwelt ist Florian Puch durch mehr als 50 Publikationen, Fachvortr\u00e4ge auf nationalen und internationalen Konferenzen sowie Patentanmeldungen bekannt.<\/p>\n<p>Als Professor f\u00fcr Kunststofftechnik arbeitet Florian Puch k\u00fcnftig viel an der Schnittstelle zwischen TU Ilmenau und TITK Rudolstadt. Beide Einrichtungen wirken seit Jahren eng zusammen. W\u00e4hrend die Universit\u00e4t Grundlagenforschung in den Werkstoff- und Materialwissenschaften betreibt, \u00fcberf\u00fchrt das TITK, eines der f\u00fchrenden privaten Materialforschungsinstitute auf dem Gebiet der polymeren Funktions- und Konstruktionswerkstoffe, innovative Entwicklungen in Wirtschaft und Industrie. Diese Verbindung war es auch, die den 38-J\u00e4hrigen mit bewogen hat, aus Stuttgart nach Th\u00fcringen zu ziehen: \u201eDie Grundlagenforschung an der TU Ilmenau und die wirtschaftsnahe Forschung am TITK Rudolstadt erg\u00e4nzen sich hervorragend, um die gesamte Innovationskette f\u00fcr die Kunststoffbranche in Th\u00fcringen und dar\u00fcber hinaus durchg\u00e4ngig abzubilden\u201c.<\/p>\n<p>Der Dekan der Fakult\u00e4t Maschinenbau, Prof. Thomas Fr\u00f6hlich, ist gl\u00fccklich \u00fcber die Verst\u00e4rkung des Wissenschaftlerteams, das sich mit den maschinenbaulichen Aspekten der Kunststofftechnik befasst \u2013 entlang der gesamten Wertsch\u00f6pfung vom Werkstoff \u00fcber die Be- und Verarbeitung bis zur Anwendung: \u201eMit Florian Puch gewinnen wir eine herausragende Pers\u00f6nlichkeit, die die Kunststofftechnik f\u00fcr unsere Fakult\u00e4t in der Gesamtbreite vertreten kann und somit die Themen der Kunststoffbearbeitung und des Leichtbaus in Forschung und Lehre hervorragend besetzen wird.\u201c<\/p>\n<p>Am TITK Rudolstadt \u00fcbernimmt Prof. Florian Puch die neu geschaffene Stelle des wissenschaftlichen Leiters. Ziel ist es, so noch besser zu ganzheitlichen L\u00f6sungen f\u00fcr Kunden und Partner zu kommen: \u201eAls gr\u00f6\u00dfte wirtschaftsnahe, nicht grundfinanzierte Forschungseinrichtung Th\u00fcringens agieren wir eng am Bedarf der Industrie und fokussieren auf den Transfer von Forschungsergebnissen\u201c, sagt TITK-Direktor Benjamin Redlingsh\u00f6fer. \u201eWir streben danach, sie rasch in markttaugliche Anwendungen von hohem Innovationsgehalt zu \u00fcberf\u00fchren. Auf diese Weise verhelfen wir unseren Kunden und Auftraggebern aus der mittelst\u00e4ndischen Wirtschaft zu einem Innovationsvorsprung.\u201c<\/p>\n","protected":false},"excerpt":{"rendered":"<p>Seit1. M\u00e4rz 2021 ist Dr.-Ing. Florian Puch Universit\u00e4tsprofessor an der Technischen Universit\u00e4t Ilmenau und Leiter des Fachgebiets Kunststofftechnik. Gleichzeitig wird er neuer wissenschaftlicher Leiter am Th\u00fcringischen Institut f\u00fcr Textil- und Kunststoff-Forschung (T<\/p>\n","protected":false},"author":2,"featured_media":24957,"comment_status":"closed","ping_status":"closed","sticky":false,"template":"","format":"standard","meta":{"footnotes":""},"categories":[24,16],"tags":[],"series":[],"class_list":["post-24956","post","type-post","status-publish","format-standard","has-post-thumbnail","hentry","category-plas-tv-meldungen-auf-der-startseite-unterhalb-slider","category-plast-tv-textmeldungen"],"_links":{"self":[{"href":"https:\/\/plas.tv\/index.php?rest_route=\/wp\/v2\/posts\/24956","targetHints":{"allow":["GET"]}}],"collection":[{"href":"https:\/\/plas.tv\/index.php?rest_route=\/wp\/v2\/posts"}],"about":[{"href":"https:\/\/plas.tv\/index.php?rest_route=\/wp\/v2\/types\/post"}],"author":[{"embeddable":true,"href":"https:\/\/plas.tv\/index.php?rest_route=\/wp\/v2\/users\/2"}],"replies":[{"embeddable":true,"href":"https:\/\/plas.tv\/index.php?rest_route=%2Fwp%2Fv2%2Fcomments&post=24956"}],"version-history":[{"count":1,"href":"https:\/\/plas.tv\/index.php?rest_route=\/wp\/v2\/posts\/24956\/revisions"}],"predecessor-version":[{"id":24958,"href":"https:\/\/plas.tv\/index.php?rest_route=\/wp\/v2\/posts\/24956\/revisions\/24958"}],"wp:featuredmedia":[{"embeddable":true,"href":"https:\/\/plas.tv\/index.php?rest_route=\/wp\/v2\/media\/24957"}],"wp:attachment":[{"href":"https:\/\/plas.tv\/index.php?rest_route=%2Fwp%2Fv2%2Fmedia&parent=24956"}],"wp:term":[{"taxonomy":"category","embeddable":true,"href":"https:\/\/plas.tv\/index.php?rest_route=%2Fwp%2Fv2%2Fcategories&post=24956"},{"taxonomy":"post_tag","embeddable":true,"href":"https:\/\/plas.tv\/index.php?rest_route=%2Fwp%2Fv2%2Ftags&post=24956"},{"taxonomy":"series","embeddable":true,"href":"https:\/\/plas.tv\/index.php?rest_route=%2Fwp%2Fv2%2Fseries&post=24956"}],"curies":[{"name":"wp","href":"https:\/\/api.w.org\/{rel}","templated":true}]}}