{"id":25007,"date":"2021-03-15T11:09:07","date_gmt":"2021-03-15T10:09:07","guid":{"rendered":"https:\/\/php8.plastv.de\/?p=25007"},"modified":"2021-03-15T11:09:07","modified_gmt":"2021-03-15T10:09:07","slug":"ausblick-fuer-jahresergebnis-2021-signifikant-ueber-den-erwartungen","status":"publish","type":"post","link":"https:\/\/plas.tv\/?p=25007","title":{"rendered":"Ausblick f\u00fcr Jahresergebnis 2021 signifikant \u00fcber den Erwartungen"},"content":{"rendered":"<p>Auf Basis aktueller Zahlen geht der Vorstand der Semperit AG Holding davon aus, dass das EBITDA der Gruppe f\u00fcr das Gesamtjahr 2021 bei rund EUR 395,0 Mio. und damit signifikant \u00fcber dem am 18. M\u00e4rz zu ver\u00f6ffentlichenden EBITDA f\u00fcr das Gesch\u00e4ftsjahr 2020 liegen wird. Diese Ergebnisprognose ist insbesondere von der rechtzeitigen Verf\u00fcgbarkeit erforderlicher Rohstoffe sowie deren Preisentwicklung, den Verkaufspreisen f\u00fcr medizinische Schutzhandschuhe im Jahresverlauf sowie einer hinreichenden Containerverf\u00fcgbarkeit zur Auslieferung der Erzeugnisse der Semperit-Gruppe abh\u00e4ngig.<\/p>\n","protected":false},"excerpt":{"rendered":"<p>Auf Basis aktueller Zahlen geht der Vorstand der Semperit AG Holding davon aus, dass das EBITDA der Gruppe f\u00fcr das Gesamtjahr 2021 bei rund&#8230;<\/p>\n","protected":false},"author":2,"featured_media":6982,"comment_status":"closed","ping_status":"closed","sticky":false,"template":"","format":"standard","meta":{"footnotes":""},"categories":[24,16],"tags":[],"series":[],"class_list":["post-25007","post","type-post","status-publish","format-standard","has-post-thumbnail","hentry","category-plas-tv-meldungen-auf-der-startseite-unterhalb-slider","category-plast-tv-textmeldungen"],"_links":{"self":[{"href":"https:\/\/plas.tv\/index.php?rest_route=\/wp\/v2\/posts\/25007","targetHints":{"allow":["GET"]}}],"collection":[{"href":"https:\/\/plas.tv\/index.php?rest_route=\/wp\/v2\/posts"}],"about":[{"href":"https:\/\/plas.tv\/index.php?rest_route=\/wp\/v2\/types\/post"}],"author":[{"embeddable":true,"href":"https:\/\/plas.tv\/index.php?rest_route=\/wp\/v2\/users\/2"}],"replies":[{"embeddable":true,"href":"https:\/\/plas.tv\/index.php?rest_route=%2Fwp%2Fv2%2Fcomments&post=25007"}],"version-history":[{"count":1,"href":"https:\/\/plas.tv\/index.php?rest_route=\/wp\/v2\/posts\/25007\/revisions"}],"predecessor-version":[{"id":25008,"href":"https:\/\/plas.tv\/index.php?rest_route=\/wp\/v2\/posts\/25007\/revisions\/25008"}],"wp:featuredmedia":[{"embeddable":true,"href":"https:\/\/plas.tv\/index.php?rest_route=\/wp\/v2\/media\/6982"}],"wp:attachment":[{"href":"https:\/\/plas.tv\/index.php?rest_route=%2Fwp%2Fv2%2Fmedia&parent=25007"}],"wp:term":[{"taxonomy":"category","embeddable":true,"href":"https:\/\/plas.tv\/index.php?rest_route=%2Fwp%2Fv2%2Fcategories&post=25007"},{"taxonomy":"post_tag","embeddable":true,"href":"https:\/\/plas.tv\/index.php?rest_route=%2Fwp%2Fv2%2Ftags&post=25007"},{"taxonomy":"series","embeddable":true,"href":"https:\/\/plas.tv\/index.php?rest_route=%2Fwp%2Fv2%2Fseries&post=25007"}],"curies":[{"name":"wp","href":"https:\/\/api.w.org\/{rel}","templated":true}]}}