{"id":25029,"date":"2021-03-16T11:04:00","date_gmt":"2021-03-16T10:04:00","guid":{"rendered":"https:\/\/php8.plastv.de\/?p=25029"},"modified":"2021-03-16T11:04:00","modified_gmt":"2021-03-16T10:04:00","slug":"aldo-kamper-verlaengert-vorzeitig-als-ceo-von-leoni","status":"publish","type":"post","link":"https:\/\/plas.tv\/?p=25029","title":{"rendered":"Aldo Kamper verl\u00e4ngert vorzeitig als CEO von Leoni"},"content":{"rendered":"<p><span style=\"font-family: 'Verdana',sans-serif;\">Chief Restructuring Officer Hans-Joachim Ziems scheidet planm\u00e4\u00dfig aus dem Vorstand aus<\/span><\/p>\n<p><strong><span style=\"font-size: 10.0pt; font-family: 'Verdana',sans-serif;\">Der Aufsichtsrat der Leoni AG hat Aldo Kamper vorzeitig f\u00fcr weitere f\u00fcnf Jahre zum Vorstandsvorsitzenden bestellt. Sein aktueller Vertrag l\u00e4uft bis Ende 2021 und wird mit dem Beschluss bis zum 31. Dezember 2026 verl\u00e4ngert. Aldo Kamper ist seit September 2018 Vorstandsvorsitzender der Leoni AG.<\/span><\/strong><\/p>\n<p><span style=\"font-size: 10.0pt; font-family: 'Verdana',sans-serif;\">\u201eAldo Kamper hat fr\u00fchzeitig und entschlossen mit dem Strategie- und Performance Programm VALUE 21 die richtigen Ma\u00dfnahmen auf den Weg gebracht, um Leoni wieder auf Kurs zu bringen. Er hat in einer sehr schwierigen Phase ma\u00dfgeblich zur Stabilisierung der Gesch\u00e4ftsentwicklung beigetragen und das Unternehmen und seine Mitarbeiterinnen und Mitarbeiter umsichtig durch die Pandemie-bedingte Ausnahmesituation im abgelaufenen Jahr gef\u00fchrt\u201c, sagt Dr. Klaus Probst, Aufsichtsratsvorsitzender der Leoni AG. \u201eDie konsequente Neuordnung der Organisation und der Umbau in eine schlanke und dynamischere Finanz- und Governance-Holding tragen die Handschrift von Aldo Kamper und haben dazu beigetragen, die Transparenz und Agilit\u00e4t zu erh\u00f6hen. Wir sind \u00fcberzeugt, dass das Management-Team unter F\u00fchrung von Aldo Kamper die Leoni AG in den n\u00e4chsten Jahren wieder nachhaltig auf die Erfolgsspur zur\u00fcckf\u00fchren wird.\u201c<\/span><\/p>\n<p><span style=\"font-size: 10.0pt; font-family: 'Verdana',sans-serif;\">Aldo Kamper betont: \u201eIch bedanke mich f\u00fcr das entgegengebrachte Vertrauen. W\u00e4hrend auch das neue Jahr wieder gro\u00dfe Herausforderungen mit sich bringt, bin ich \u00fcberzeugt, dass wir die richtigen Weichen gestellt haben, um Leoni nachhaltig zu stabilisieren. Wir haben in einem schwierigen Umfeld gute Fortschritte erzielt und ich freue mich darauf, Leoni gemeinsam mit dem Team in die Zukunft zu f\u00fchren.\u201c<\/span><\/p>\n<p><span style=\"font-size: 10.0pt; font-family: 'Verdana',sans-serif;\">Hans-Joachim Ziems scheidet mit Ablauf seines einj\u00e4hrigen Mandats zum 31. M\u00e4rz 2021 aus dem Vorstand aus. Er war seit 1. April 2020 als Chief Restructuring Officer f\u00fcr die Umsetzung des Restrukturierungskonzepts verantwortlich. Seine Funktion im Vorstand wird nicht nachbesetzt. Ziems\u00a0&amp;\u00a0Partner werden Leoni und den Vorstand weiter gezielt unterst\u00fctzen, um die Umsetzung ausgew\u00e4hlter verbleibender Restrukturierungsma\u00dfnahmen weiter voranzutreiben.<\/span><\/p>\n<p><span style=\"font-size: 10.0pt; font-family: 'Verdana',sans-serif;\">Hans-Joachim Ziems sagt: \u201cNachdem es uns im vergangenen Gesch\u00e4ftsjahr gemeinsam gelungen ist, den Fortbestand des Gesch\u00e4ftsbetriebs zu sichern und die Weichen f\u00fcr die nachhaltige Stabilisierung der Gesch\u00e4ftsentwicklung zu stellen, scheide ich planm\u00e4\u00dfig aus dem Vorstand der Leoni AG aus. Mit VALUE\u00a021 und dem Restrukturierungskonzept hat Leoni die richtigen Ma\u00dfnahmen auf den Weg gebracht, um zur\u00fcck auf die Erfolgsspur zu finden.\u201c<\/span><\/p>\n<p style=\"margin-bottom: 12.0pt;\"><span style=\"font-size: 10.0pt; font-family: 'Verdana',sans-serif;\">Dr. Klaus Probst kommentiert: \u201eDie Stabilisierung unserer Gesch\u00e4ftsentwicklung und die Auswirkungen der Corona-Pandemie haben Leoni vor gro\u00dfe Herausforderungen gestellt. Gerade in dieser Phase war es wichtig, mit Hans-Joachim Ziems einen erfahrenen Restrukturierungsexperten an Bord zu haben, um die Sicherung des Gesch\u00e4ftsbetriebs zu unterst\u00fctzen. Wir danken Hans-Joachim Ziems f\u00fcr seinen engagierten Einsatz.\u201c<\/span><\/p>\n","protected":false},"excerpt":{"rendered":"<p>Der Aufsichtsrat der Leoni AG hat Aldo Kamper vorzeitig f\u00fcr weitere f\u00fcnf Jahre zum Vorstandsvorsitzenden bestellt. Sein aktueller Vertrag&#8230;<\/p>\n","protected":false},"author":2,"featured_media":12166,"comment_status":"closed","ping_status":"closed","sticky":false,"template":"","format":"standard","meta":{"footnotes":""},"categories":[24,16],"tags":[],"series":[],"class_list":["post-25029","post","type-post","status-publish","format-standard","has-post-thumbnail","hentry","category-plas-tv-meldungen-auf-der-startseite-unterhalb-slider","category-plast-tv-textmeldungen"],"_links":{"self":[{"href":"https:\/\/plas.tv\/index.php?rest_route=\/wp\/v2\/posts\/25029","targetHints":{"allow":["GET"]}}],"collection":[{"href":"https:\/\/plas.tv\/index.php?rest_route=\/wp\/v2\/posts"}],"about":[{"href":"https:\/\/plas.tv\/index.php?rest_route=\/wp\/v2\/types\/post"}],"author":[{"embeddable":true,"href":"https:\/\/plas.tv\/index.php?rest_route=\/wp\/v2\/users\/2"}],"replies":[{"embeddable":true,"href":"https:\/\/plas.tv\/index.php?rest_route=%2Fwp%2Fv2%2Fcomments&post=25029"}],"version-history":[{"count":1,"href":"https:\/\/plas.tv\/index.php?rest_route=\/wp\/v2\/posts\/25029\/revisions"}],"predecessor-version":[{"id":25030,"href":"https:\/\/plas.tv\/index.php?rest_route=\/wp\/v2\/posts\/25029\/revisions\/25030"}],"wp:featuredmedia":[{"embeddable":true,"href":"https:\/\/plas.tv\/index.php?rest_route=\/wp\/v2\/media\/12166"}],"wp:attachment":[{"href":"https:\/\/plas.tv\/index.php?rest_route=%2Fwp%2Fv2%2Fmedia&parent=25029"}],"wp:term":[{"taxonomy":"category","embeddable":true,"href":"https:\/\/plas.tv\/index.php?rest_route=%2Fwp%2Fv2%2Fcategories&post=25029"},{"taxonomy":"post_tag","embeddable":true,"href":"https:\/\/plas.tv\/index.php?rest_route=%2Fwp%2Fv2%2Ftags&post=25029"},{"taxonomy":"series","embeddable":true,"href":"https:\/\/plas.tv\/index.php?rest_route=%2Fwp%2Fv2%2Fseries&post=25029"}],"curies":[{"name":"wp","href":"https:\/\/api.w.org\/{rel}","templated":true}]}}