{"id":25044,"date":"2021-03-16T13:31:16","date_gmt":"2021-03-16T12:31:16","guid":{"rendered":"https:\/\/php8.plastv.de\/?p=25044"},"modified":"2021-03-16T13:31:16","modified_gmt":"2021-03-16T12:31:16","slug":"kunststoffe-haben-ultimativdie-beste-recyclingfaehigkeit","status":"publish","type":"post","link":"https:\/\/plas.tv\/?p=25044","title":{"rendered":"\u201eKunststoffe haben ultimativdie beste Recyclingf\u00e4higkeit\u201c"},"content":{"rendered":"<div class=\"fusion-fullwidth fullwidth-box fusion-builder-row-3-2 fusion-flex-container nonhundred-percent-fullwidth non-hundred-percent-height-scrolling\">\n<div class=\"fusion-builder-row fusion-row fusion-flex-align-items-flex-start\">\n<div class=\"fusion-layout-column fusion_builder_column fusion-builder-column-4 fusion_builder_column_1_1 1_1 fusion-flex-column\">\n<div class=\"fusion-column-wrapper fusion-flex-justify-content-flex-start fusion-content-layout-column\">\n<div class=\"fusion-title title fusion-title-2 sep-underline sep-solid fusion-title-text fusion-title-size-two fusion-border-below-title\">\n<h2 class=\"title-heading-left fusion-responsive-typography-calculated\" data-fontsize=\"27\" data-lineheight=\"29.9667px\">Im Dialog mit Alfred Stern, Vorstandsvorsitzender von Borealis<\/h2>\n<\/div>\n<div class=\"fusion-text fusion-text-1\">\n<p>Ein Interview des Newsroom.Kunststoffverpackungen aus der Reihe \u201cIm Dialog\u201d \u00fcber die Herausforderungen, die dem Werkstoff Kunststoff gegen\u00fcberstehen, wie eine bessere Kreislaufwirtschaft gelingen kann und warum lokale L\u00f6sungsans\u00e4tze so wichtig sind. Unser Gespr\u00e4chspartner Alfred Stern ist Vorstandsvorsitzender von Borealis.<\/p>\n<\/div>\n<\/div>\n<\/div>\n<div class=\"fusion-layout-column fusion_builder_column fusion-builder-column-5 fusion_builder_column_2_5 2_5 fusion-flex-column\">\n<div class=\"fusion-column-wrapper fusion-flex-justify-content-flex-start fusion-content-layout-column\">\n<div class=\"fusion-text fusion-text-2\">\n<h4 class=\"fusion-responsive-typography-calculated\" data-fontsize=\"18\" data-lineheight=\"21.9667px\">Wie w\u00fcrden Sie Ihr Unternehmen und die Produkte Ihres Unternehmens in wenigen Worten beschreiben?<\/h4>\n<\/div>\n<\/div>\n<\/div>\n<div class=\"fusion-layout-column fusion_builder_column fusion-builder-column-6 fusion_builder_column_3_5 3_5 fusion-flex-column\">\n<div class=\"fusion-column-wrapper fusion-flex-justify-content-flex-start fusion-content-layout-column\">\n<div class=\"fusion-text fusion-text-3\">\n<p>\u201eValue Creation through Innovation\u201c \u2013 dieses Bekenntnis ist bei uns tief im Unternehmen verankert und stellt sicher, dass Borealis als global agierender Chemie- und Kunststoffkonzern L\u00f6sungen liefert, die einen nachhaltigen Mehrwert f\u00fcr die Gesellschaft bieten.<\/p>\n<p>Wir nutzen unsere Expertise und unsere Erfahrung, um Materiall\u00f6sungen f\u00fcr Schl\u00fcsselindustrien zu liefern. In unserem zweiten Gesch\u00e4ftsbereich, der Produktion von Basischemikalien und Pflanzenn\u00e4hrstoffen, z\u00e4hlt Borealis ebenfalls zu den f\u00fchrenden Unternehmen in Europa.<\/p>\n<p>Mit Stolz kann ich sagen, dass wir mit unserem Engagement f\u00fcr die Kreislaufwirtschaft und bei der Entwicklung innovativer Produkte echte Pionierarbeit leisten.<\/p>\n<\/div>\n<div><span class=\" fusion-imageframe imageframe-none imageframe-1 hover-type-none\"><img loading=\"lazy\" decoding=\"async\" class=\"img-responsive wp-image-17601 lazyautosizes lazyloaded\" title=\"Alfred Stern (c)Borealis\" src=\"https:\/\/z6k3q2z4.rocketcdn.me\/wp-content\/uploads\/2021\/02\/Alfred-Stern_018_2019cBorealis.jpg\" sizes=\"auto, 687px\" srcset=\"https:\/\/z6k3q2z4.rocketcdn.me\/wp-content\/uploads\/2021\/02\/Alfred-Stern_018_2019cBorealis-200x133.jpg 200w, https:\/\/z6k3q2z4.rocketcdn.me\/wp-content\/uploads\/2021\/02\/Alfred-Stern_018_2019cBorealis-400x267.jpg 400w, https:\/\/z6k3q2z4.rocketcdn.me\/wp-content\/uploads\/2021\/02\/Alfred-Stern_018_2019cBorealis-600x400.jpg 600w, https:\/\/z6k3q2z4.rocketcdn.me\/wp-content\/uploads\/2021\/02\/Alfred-Stern_018_2019cBorealis-800x534.jpg 800w, https:\/\/z6k3q2z4.rocketcdn.me\/wp-content\/uploads\/2021\/02\/Alfred-Stern_018_2019cBorealis.jpg 1000w\" alt=\"Alfred Stern (c)Borealis\" width=\"1000\" height=\"667\" data-orig-src=\"https:\/\/z6k3q2z4.rocketcdn.me\/wp-content\/uploads\/2021\/02\/Alfred-Stern_018_2019cBorealis.jpg\" data-srcset=\"https:\/\/z6k3q2z4.rocketcdn.me\/wp-content\/uploads\/2021\/02\/Alfred-Stern_018_2019cBorealis-200x133.jpg 200w, https:\/\/z6k3q2z4.rocketcdn.me\/wp-content\/uploads\/2021\/02\/Alfred-Stern_018_2019cBorealis-400x267.jpg 400w, https:\/\/z6k3q2z4.rocketcdn.me\/wp-content\/uploads\/2021\/02\/Alfred-Stern_018_2019cBorealis-600x400.jpg 600w, https:\/\/z6k3q2z4.rocketcdn.me\/wp-content\/uploads\/2021\/02\/Alfred-Stern_018_2019cBorealis-800x534.jpg 800w, https:\/\/z6k3q2z4.rocketcdn.me\/wp-content\/uploads\/2021\/02\/Alfred-Stern_018_2019cBorealis.jpg 1000w\" data-sizes=\"auto\" data-orig-sizes=\"(max-width: 1024px) 100vw, (max-width: 800px) 100vw, 800px\" \/><\/span><\/div>\n<\/div>\n<\/div>\n<\/div>\n<\/div>\n<div class=\"fusion-fullwidth fullwidth-box fusion-builder-row-3-3 fusion-flex-container nonhundred-percent-fullwidth non-hundred-percent-height-scrolling\">\n<div class=\"fusion-builder-row fusion-row fusion-flex-align-items-flex-start\">\n<div class=\"fusion-layout-column fusion_builder_column fusion-builder-column-7 fusion_builder_column_2_5 2_5 fusion-flex-column\">\n<div class=\"fusion-column-wrapper fusion-flex-justify-content-flex-start fusion-content-layout-column\">\n<div class=\"fusion-text fusion-text-4\">\n<h4 class=\"fusion-responsive-typography-calculated\" data-fontsize=\"18\" data-lineheight=\"21.9667px\">Kunststoffe und die Branche dahinter stehen seit einiger Zeit besonders in der Kritik, worauf f\u00fchren Sie das zur\u00fcck?<\/h4>\n<\/div>\n<\/div>\n<\/div>\n<div class=\"fusion-layout-column fusion_builder_column fusion-builder-column-8 fusion_builder_column_3_5 3_5 fusion-flex-column\">\n<div class=\"fusion-column-wrapper fusion-flex-justify-content-flex-start fusion-content-layout-column\">\n<div class=\"fusion-text fusion-text-5\">\n<p>Die einzigartigen Eigenschaften von Kunststoffen sind ein Schl\u00fcsselfaktor f\u00fcr ihren weltweiten Erfolg. Ihre Formbarkeit und Vielseitigkeit erm\u00f6glichen die Herstellung von Produkten, die das t\u00e4gliche Leben sicherer, effizienter, einfacher, aber auch nachhaltiger machen.<\/p>\n<p>Die aktuelle COVID-19-Krise zeigt, wie wichtig unsere Produkte tats\u00e4chlich sind \u2013 nicht zuletzt f\u00fcr unsere Gesundheit und Sicherheit. Daher sehen wir die Krise auch als Chance, den Sektor zu st\u00e4rken und die Kreislaufwirtschaft voranzutreiben. Denn die negativen Aspekte des Kunststoffes, die vor allem mit der unzureichenden, falschen oder gar nicht durchgef\u00fchrten Entsorgung von Kunststoffprodukten zusammenh\u00e4ngen, lassen sich am besten durch einen raschen und umfassenden Wandel hin zur Kreislaufwirtschaft l\u00f6sen.<\/p>\n<p>Wenn nicht gen\u00fcgend Anstrengungen unternommen werden, um Kunststoffe wiederzugewinnen und wiederzuverwenden und damit Abfall zu minimieren und Ressourcen zu schonen, k\u00f6nnen dieselben Eigenschaften, die sie allgegenw\u00e4rtig gemacht haben, nachteilige Auswirkungen auf die Umwelt haben.<\/p>\n<p>Wir unterst\u00fctzen auf jeden Fall die kritische Begutachtung problematischer und unn\u00f6tiger Kunststoffanwendungen. Denn nicht jeder Kunststoffgebrauch ist heute intelligent oder notwendig.<\/p>\n<\/div>\n<\/div>\n<\/div>\n<\/div>\n<\/div>\n<div class=\"fusion-fullwidth fullwidth-box fusion-builder-row-3-4 fusion-flex-container nonhundred-percent-fullwidth non-hundred-percent-height-scrolling\">\n<div class=\"fusion-builder-row fusion-row fusion-flex-align-items-flex-start\">\n<div class=\"fusion-layout-column fusion_builder_column fusion-builder-column-9 fusion_builder_column_2_5 2_5 fusion-flex-column\">\n<div class=\"fusion-column-wrapper fusion-flex-justify-content-flex-start fusion-content-layout-column\">\n<div class=\"fusion-text fusion-text-6\">\n<h4 class=\"fusion-responsive-typography-calculated\" data-fontsize=\"18\" data-lineheight=\"21.9667px\">Bei der Eind\u00e4mmung von Plastikm\u00fcll in der Umwelt stehen lokale und regionale L\u00f6sungen im Fokus, auch von Seiten der Kunststoffindustrie. Wie unterst\u00fctzt Borealis hier?<\/h4>\n<\/div>\n<\/div>\n<\/div>\n<div class=\"fusion-layout-column fusion_builder_column fusion-builder-column-10 fusion_builder_column_3_5 3_5 fusion-flex-column\">\n<div class=\"fusion-column-wrapper fusion-flex-justify-content-flex-start fusion-content-layout-column\">\n<div class=\"fusion-text fusion-text-7\">\n<p>Unser Weg vom reinen Hersteller von Polyolefinen hin zum Unternehmen, das Kunststoff sowohl erzeugt, als auch rezykliert, begann 2016 mit der \u00dcbernahme von mtm plastics und mtm compact in Deutschland. Und er setzte sich 2018 mit der \u00dcbernahme des Kunststoffrecyclingbetriebes Ecoplast in Wildon, \u00d6sterreich, fort.<\/p>\n<p>Ganz wesentlich sind unsere strategischen Partnerschaften, bei denen jeder Partner sein spezielles Know-how einbringt. Dazu z\u00e4hlen die Partnerschaften mit unserem Haupteigent\u00fcmer OMV f\u00fcr das chemische Recycling und mit EREMA f\u00fcr das mechanische Recycling.<\/p>\n<p>Erst im J\u00e4nner 2021 haben wir gemeinsam mit Tomra und Zimmermann Recycling <a href=\"https:\/\/newsroom.kunststoffverpackungen.de\/2021\/01\/19\/pilotanlage-kunststoff-rezyklat-eroeffnet\/\" target=\"_blank\" rel=\"noopener noreferrer\">eine Pilotanlage<\/a> in Deutschland in Betrieb genommen. Mit dieser m\u00f6chten wir zeigen, was mit moderner Technologie und Ausstattung in einer State-of-the-Art-Anlage f\u00fcr mechanisches Recycling m\u00f6glich ist.<\/p>\n<div id=\"attachment_17133\" class=\"wp-caption aligncenter\"><img loading=\"lazy\" decoding=\"async\" class=\"wp-image-17133 lazyloaded\" src=\"https:\/\/z6k3q2z4.rocketcdn.me\/wp-content\/uploads\/2021\/01\/Recycling-process_cBorealis-and-Tomra-e1611037876835.jpg\" alt=\"Recycling Process (c)Borealis And Tomra\" width=\"450\" height=\"300\" aria-describedby=\"caption-attachment-17133\" data-orig-src=\"https:\/\/z6k3q2z4.rocketcdn.me\/wp-content\/uploads\/2021\/01\/Recycling-process_cBorealis-and-Tomra-e1611037876835.jpg\" \/><\/p>\n<p id=\"caption-attachment-17133\" class=\"wp-caption-text\">Die Recycling-Pilotanlage in Lahnstein ist eine der fortschrittlichsten mechanischen Recyclinganlagen f\u00fcr Kunststoffabf\u00e4lle. Copyright: Borealis &amp; Tomra<\/p>\n<\/div>\n<p>Mit <a href=\"https:\/\/www.borealiseverminds.com\/\" target=\"_blank\" rel=\"noopener noreferrer\">EverMinds<\/a> haben wir eine Plattform geschaffen, die Interessenvertreter, Kunden und Partner zusammenbringt. Sie inspiriert dazu, innovative Technologien und Produkte zu entwickeln. Im Mittelpunkt steht die Zirkularit\u00e4t von Kunststoffen. Wir forcieren auch unser Ziel, dass bis 2025 hundert Prozent der Verbraucherprodukte wiederverwertbar oder aus erneuerbaren Quellen hergestellt sind.<\/p>\n<p>Mit <a href=\"https:\/\/www.stopoceanplastics.com\/\">Project STOP<\/a>, das wir basierend auf unserer Idee und unserer Initiative 2017 ins Leben gerufen haben, engagieren wir uns dar\u00fcber hinaus auch in Indonesien, einem der f\u00fcnf L\u00e4nder, die f\u00fcr \u00fcber 55 Prozent der Meeresverm\u00fcllung verantwortlich sind. Project STOP unterst\u00fctzt lokale Kommunen bei der Etablierung nachhaltiger und kosteneffizienter M\u00fcllsammlungs- und -wiederverwertungssysteme. Somit muss kein Abfall mehr in der Umwelt entsorgt werden.<\/p>\n<p>Dabei verfolgen wir einen ganzheitlichen Ansatz. Das hei\u00dft, nicht nur Plastikm\u00fcll, sondern alle Materialien inklusive organischem Abfall werden eingesammelt und entsorgt. Gleichzeitig werden entsprechende gesetzliche Rahmenbedingungen und Finanzierungsmodelle geschaffen und der notwendige Know-how-Transfer sichergestellt.<\/p>\n<p>Der Erfolg kann sich sehen lassen: Mit Stand Dezember 2020 wurden 8.123 Tonnen Abfall (davon 1.118 Tonnen Kunststoffabfall) von mehr als 133.000 Personen, die mit der Abfallsammlung befasst sind, gesammelt. Gleichzeitig konnten 168 neue Vollzeitstellen geschaffen werden. Die Einnahmen aus der Kreislaufwirtschaft sind eine wesentliche Finanzierungskomponente f\u00fcr das Projekt.<\/p>\n<\/div>\n<\/div>\n<\/div>\n<\/div>\n<\/div>\n<div class=\"fusion-fullwidth fullwidth-box fusion-builder-row-3-5 fusion-flex-container nonhundred-percent-fullwidth non-hundred-percent-height-scrolling\">\n<div class=\"fusion-builder-row fusion-row fusion-flex-align-items-flex-start\">\n<div class=\"fusion-layout-column fusion_builder_column fusion-builder-column-11 fusion_builder_column_2_5 2_5 fusion-flex-column\">\n<div class=\"fusion-column-wrapper fusion-flex-justify-content-flex-start fusion-content-layout-column\">\n<div class=\"fusion-text fusion-text-8\">\n<h4 class=\"fusion-responsive-typography-calculated\" data-fontsize=\"18\" data-lineheight=\"21.9667px\">Welche Schritte rund um Project STOP sind als n\u00e4chste geplant? Wie l\u00e4uft die Zusammenarbeit mit weiteren Akteuren und Initiativen?<\/h4>\n<\/div>\n<\/div>\n<\/div>\n<div class=\"fusion-layout-column fusion_builder_column fusion-builder-column-12 fusion_builder_column_3_5 3_5 fusion-flex-column\">\n<div class=\"fusion-column-wrapper fusion-flex-justify-content-flex-start fusion-content-layout-column\">\n<div class=\"fusion-text fusion-text-9\">\n<p>Wir sind derzeit in drei St\u00e4dten aktiv, in denen wir Project STOP bis sp\u00e4testens 2025 abgeschlossen und an die Stadtbeh\u00f6rde \u00fcbergeben haben werden. Parallel dazu wollen wir Project STOP regional weiter ausbauen.<\/p>\n<p>Was wir gelernt haben, ist, dass der ganzheitliche Ansatz gro\u00dfe Akzeptanz und Unterst\u00fctzung bei den lokalen Beh\u00f6rden findet und dass das Engagement sehr gro\u00df ist. Eine Herausforderung, der wir uns stellen m\u00fcssen, ist das Sicherstellen der Skalierung und nachhaltigen Finanzierung des Systems f\u00fcr die kommenden Jahre. Dazu geh\u00f6rt auch, den Wert des Abfalls zu erh\u00f6hen und einen Markt f\u00fcr die Nutzung der recycelten Stoffe zu schaffen.<\/p>\n<p>Deshalb ist es so wichtig, dass wir Hand in Hand mit unseren Partnern entlang der Kunststoff-Wertsch\u00f6pfungskette agieren und mit Regierungen und Beh\u00f6rden zusammenarbeiten. Unsere Partner haben sich dazu verpflichtet, ihr Know-how und ihre finanzielle oder technische Unterst\u00fctzung einzubringen, um den systemischen Wandel im Umgang mit Plastikabfall voranzutreiben.<\/p>\n<\/div>\n<\/div>\n<\/div>\n<\/div>\n<\/div>\n<div class=\"fusion-fullwidth fullwidth-box fusion-builder-row-3-6 fusion-flex-container nonhundred-percent-fullwidth non-hundred-percent-height-scrolling\">\n<div class=\"fusion-builder-row fusion-row fusion-flex-align-items-flex-start\">\n<div class=\"fusion-layout-column fusion_builder_column fusion-builder-column-13 fusion_builder_column_2_5 2_5 fusion-flex-column\">\n<div class=\"fusion-column-wrapper fusion-flex-justify-content-flex-start fusion-content-layout-column\">\n<div class=\"fusion-text fusion-text-10\">\n<h4 class=\"fusion-responsive-typography-calculated\" data-fontsize=\"18\" data-lineheight=\"21.9667px\">Heute in zehn Jahren: Was glauben Sie, in welche Richtung sich Werkstoff und Industrie bis dahin entwickelt haben?<\/h4>\n<\/div>\n<div class=\"fusion-separator fusion-no-small-visibility\"><\/div>\n<\/div>\n<\/div>\n<div class=\"fusion-layout-column fusion_builder_column fusion-builder-column-14 fusion_builder_column_3_5 3_5 fusion-flex-column\">\n<div class=\"fusion-column-wrapper fusion-flex-justify-content-flex-start fusion-content-layout-column\">\n<div class=\"fusion-text fusion-text-11\">\n<p>Der Bedarf an Kunststoffen wird im Hinblick auf die wachsende Weltbev\u00f6lkerung und den steigenden Wohlstand weiter zunehmen. Und auch die Anwendungsm\u00f6glichkeiten sind noch lange nicht ausgesch\u00f6pft, was zum Beispiel den Leichtbau im Automobil- und Flugzeugbereich betrifft.<\/p>\n<p>Die einzige tragf\u00e4hige Zukunft f\u00fcr die Kunststoffindustrie ist eine, in der der gesamte Kunststoff zuerst wiederverwendet, aber letztendlich gesammelt und recycelt wird. Werden Wiederverwendung und Recycling bereits im Design- und Herstellungsprozess ber\u00fccksichtigt, so wie wir das mit unserem \u201eDesign for Circularity\u201c tun, ist bereits ein wesentlicher Schritt in Richtung Kreislaufwirtschaft gesetzt. Wir wissen heute, dass der Bedarf unserer Gesellschaft an Ressourcen nur dadurch umweltvertr\u00e4glich gedeckt werden kann, indem wir die effizientesten Materialien zum Einsatz bringen \u2013 und das sind heute Kunststoffe.<\/p>\n<p>Wir wissen auch, dass Kunststoffe ultimativ die beste Recyclingf\u00e4higkeit haben. Eine Kaskade aus Wiederverwendung, erneuerbaren Rohstoffen, mechanischem und chemischem Recycling hat die beste \u00d6ko-Effizienz. Dieses System m\u00fcssen wir bauen und mit Innovation &amp; Technologie optimieren. Gesetzliche und steuerliche Rahmenbedingungen k\u00f6nnen diese Entwicklung signifikant beschleunigen.<\/p>\n<\/div>\n<\/div>\n<\/div>\n<\/div>\n<\/div>\n","protected":false},"excerpt":{"rendered":"<p>Ein Interview des Newsroom.Kunststoffverpackungen aus der Reihe \u201cIm Dialog\u201d \u00fcber die Herausforderungen, die dem Werkstoff Kunststoff&#8230;<\/p>\n","protected":false},"author":2,"featured_media":25045,"comment_status":"closed","ping_status":"closed","sticky":false,"template":"","format":"standard","meta":{"footnotes":""},"categories":[24,16],"tags":[],"series":[],"class_list":["post-25044","post","type-post","status-publish","format-standard","has-post-thumbnail","hentry","category-plas-tv-meldungen-auf-der-startseite-unterhalb-slider","category-plast-tv-textmeldungen"],"_links":{"self":[{"href":"https:\/\/plas.tv\/index.php?rest_route=\/wp\/v2\/posts\/25044","targetHints":{"allow":["GET"]}}],"collection":[{"href":"https:\/\/plas.tv\/index.php?rest_route=\/wp\/v2\/posts"}],"about":[{"href":"https:\/\/plas.tv\/index.php?rest_route=\/wp\/v2\/types\/post"}],"author":[{"embeddable":true,"href":"https:\/\/plas.tv\/index.php?rest_route=\/wp\/v2\/users\/2"}],"replies":[{"embeddable":true,"href":"https:\/\/plas.tv\/index.php?rest_route=%2Fwp%2Fv2%2Fcomments&post=25044"}],"version-history":[{"count":1,"href":"https:\/\/plas.tv\/index.php?rest_route=\/wp\/v2\/posts\/25044\/revisions"}],"predecessor-version":[{"id":25046,"href":"https:\/\/plas.tv\/index.php?rest_route=\/wp\/v2\/posts\/25044\/revisions\/25046"}],"wp:featuredmedia":[{"embeddable":true,"href":"https:\/\/plas.tv\/index.php?rest_route=\/wp\/v2\/media\/25045"}],"wp:attachment":[{"href":"https:\/\/plas.tv\/index.php?rest_route=%2Fwp%2Fv2%2Fmedia&parent=25044"}],"wp:term":[{"taxonomy":"category","embeddable":true,"href":"https:\/\/plas.tv\/index.php?rest_route=%2Fwp%2Fv2%2Fcategories&post=25044"},{"taxonomy":"post_tag","embeddable":true,"href":"https:\/\/plas.tv\/index.php?rest_route=%2Fwp%2Fv2%2Ftags&post=25044"},{"taxonomy":"series","embeddable":true,"href":"https:\/\/plas.tv\/index.php?rest_route=%2Fwp%2Fv2%2Fseries&post=25044"}],"curies":[{"name":"wp","href":"https:\/\/api.w.org\/{rel}","templated":true}]}}