{"id":25098,"date":"2021-03-18T11:03:47","date_gmt":"2021-03-18T10:03:47","guid":{"rendered":"https:\/\/php8.plastv.de\/?p=25098"},"modified":"2021-03-18T11:05:31","modified_gmt":"2021-03-18T10:05:31","slug":"pvc-branche-ist-fit-fuer-die-kreislaufwirtschaft","status":"publish","type":"post","link":"https:\/\/plas.tv\/?p=25098","title":{"rendered":"PVC-Branche ist fit f\u00fcr die Kreislaufwirtschaft"},"content":{"rendered":"<p><strong>Global Recycling Day: Nachhaltige Entwicklung von Produkten spielt eine zentrale Rolle.<\/strong><\/p>\n<p>BONN. Die Themen Nachhaltigkeit und Kreislaufwirtschaft sind heute wichtiger denn je. So besch\u00e4ftigt sich die Industrie bei der Beschaffung von Ressourcen und Herstellung von Produkten zunehmend mit Fragen und Erwartungen hinsichtlich der sozialen, \u00f6konomischen und \u00f6kologischen Bedingungen und Auswirkungen. Die Frage, wie mit den Produkten am Ende ihres Lebenszyklus umgegangen wird, spielt eine zentrale Rolle bei der nachhaltigen Entwicklung von Produkten.<\/p>\n<p><strong>Europ\u00e4isches Nachhaltigkeitsprogramm VinylPlus\u00ae<\/strong><\/p>\n<p>VinylPlus\u00ae, das Nachhaltigkeitsprogramm der europ\u00e4ischen PVC-Branche, l\u00e4uft bereits seit 20 Jahren und kann heute auf eine ganze Reihe an Erfolgen und Ma\u00dfnahmen zur\u00fcckblicken. Anfang Juni 2020 wurde der neueste VinylPlus\u00ae Progress Report vorgestellt. Demnach wurden 2019 \u00fcber das Programm insgesamt 771.313 Tonnen PVC recycelt, die dann wieder zur Herstellung neuer Produkte verwendet wurden.<br \/>\nDie PVC-Branche ist damit bereits auf einem guten Weg, die anspruchsvollen Ziele der n\u00e4chsten Jahre zu erreichen \u2013 und zwar im Rahmen einer funktionierenden Kreislaufwirtschaft, gem\u00e4\u00df den Zielen der Circular Plastics Alliance und den europ\u00e4ischen Vorgaben zur F\u00f6rderung von R\u00fcckgewinnung, Recycling und Wiederverwertung von Kunststoffen. Dem Aufruf der EU-Kommission an die Kunststoffindustrie zu mehr Recycling ist VinylPlus\u00ae fr\u00fchzeitig gefolgt und hat sich bis 2025 zu mindestens 900.000 Tonnen PVC-Rezyklat pro Jahr verpflichtet.<br \/>\nDas Recycling von hochwertigem PVC ist im besten Interesse einer nachhaltigen Gesellschaft. Das hat auch die Europ\u00e4ische Chemikalienagentur (ECHA) best\u00e4tigt. Nach Ansicht der Beh\u00f6rde ist das Recycling von ausgedienten PVC-Produkten sowohl aus Sicht des Umweltschutzes als auch aus Sicht der Gesundheit die beste Option der Abfallwirtschaft.<\/p>\n<p><strong>Gemeinsamer Workshop am Global Recycling Day 2021<\/strong><\/p>\n<p>Anl\u00e4sslich des Gobal Recycling Day 2021, dem weltweiten Aktionstag der Global Recycling Foundation mit Sitz in Br\u00fcssel, findet heute ein gemeinsames\u00a0 Webinar von PlasticsEurope Deutschland und VinylPlus Deutschland statt. Auf der Agenda stehen unter anderem Referate und Diskussionen \u00fcber kunststoffrelevante Abfallstr\u00f6me oder \u00fcber das EU-Gemeinschaftsprojekt Circular Flooring, bei dem es um ein innovatives Verfahren zum Recycling von PVC-Bodenbel\u00e4gen geht.<\/p>\n","protected":false},"excerpt":{"rendered":"<p>Die Themen Nachhaltigkeit und Kreislaufwirtschaft sind heute wichtiger denn je. So besch\u00e4ftigt sich die Industrie bei der Beschaffung von&#8230;<\/p>\n","protected":false},"author":2,"featured_media":12063,"comment_status":"closed","ping_status":"closed","sticky":false,"template":"","format":"standard","meta":{"footnotes":""},"categories":[24,16],"tags":[],"series":[],"class_list":["post-25098","post","type-post","status-publish","format-standard","has-post-thumbnail","hentry","category-plas-tv-meldungen-auf-der-startseite-unterhalb-slider","category-plast-tv-textmeldungen"],"_links":{"self":[{"href":"https:\/\/plas.tv\/index.php?rest_route=\/wp\/v2\/posts\/25098","targetHints":{"allow":["GET"]}}],"collection":[{"href":"https:\/\/plas.tv\/index.php?rest_route=\/wp\/v2\/posts"}],"about":[{"href":"https:\/\/plas.tv\/index.php?rest_route=\/wp\/v2\/types\/post"}],"author":[{"embeddable":true,"href":"https:\/\/plas.tv\/index.php?rest_route=\/wp\/v2\/users\/2"}],"replies":[{"embeddable":true,"href":"https:\/\/plas.tv\/index.php?rest_route=%2Fwp%2Fv2%2Fcomments&post=25098"}],"version-history":[{"count":2,"href":"https:\/\/plas.tv\/index.php?rest_route=\/wp\/v2\/posts\/25098\/revisions"}],"predecessor-version":[{"id":25101,"href":"https:\/\/plas.tv\/index.php?rest_route=\/wp\/v2\/posts\/25098\/revisions\/25101"}],"wp:featuredmedia":[{"embeddable":true,"href":"https:\/\/plas.tv\/index.php?rest_route=\/wp\/v2\/media\/12063"}],"wp:attachment":[{"href":"https:\/\/plas.tv\/index.php?rest_route=%2Fwp%2Fv2%2Fmedia&parent=25098"}],"wp:term":[{"taxonomy":"category","embeddable":true,"href":"https:\/\/plas.tv\/index.php?rest_route=%2Fwp%2Fv2%2Fcategories&post=25098"},{"taxonomy":"post_tag","embeddable":true,"href":"https:\/\/plas.tv\/index.php?rest_route=%2Fwp%2Fv2%2Ftags&post=25098"},{"taxonomy":"series","embeddable":true,"href":"https:\/\/plas.tv\/index.php?rest_route=%2Fwp%2Fv2%2Fseries&post=25098"}],"curies":[{"name":"wp","href":"https:\/\/api.w.org\/{rel}","templated":true}]}}