{"id":25113,"date":"2021-03-18T11:30:12","date_gmt":"2021-03-18T10:30:12","guid":{"rendered":"https:\/\/php8.plastv.de\/?p=25113"},"modified":"2021-03-18T11:30:12","modified_gmt":"2021-03-18T10:30:12","slug":"online-diskussion-am-26-april-mit-dorothee-baer","status":"publish","type":"post","link":"https:\/\/plas.tv\/?p=25113","title":{"rendered":"Online-Diskussion am 26. April mit Dorothee B\u00e4r"},"content":{"rendered":"<p><strong>Online-Diskussion am 26. April: Was bedeutet Circular Economy f\u00fcr die Wirtschaft von morgen? Dorothee B\u00e4r zu Gast am SKZ<\/strong><\/p>\n<p><strong>Am Montag, 26. April 2021, 10 Uhr, diskutiert Staatsministerin Dorothee B\u00e4r\u00a0 mit Christoph Winterhalter, Vorstandsvorsitzender des Deutschen Instituts f\u00fcr Normung (DIN) e. V., Prof. Dr.-Ing. Martin Bastian, Institutsdirektor des Kunststoff-Zentrums SKZ, sowie Tim Jan\u00dfen, Vorstandsvorsitzender Cradle to Cradle e.V., ONLINE \u00fcber die Frage \u201eWas bedeutet Circular Economy f\u00fcr die Wirtschaft von morgen?\u201c<\/strong><\/p>\n<p>Thematisiert werden Rohstoffkreisl\u00e4ufe und Gesch\u00e4ftsmodelle von morgen, die Schonung unserer Gew\u00e4sser, Chancen f\u00fcr die mittelst\u00e4ndische Wirtschaft \u2013 gerade auch durch relevante Normen und Standards. Und nat\u00fcrlich diskutieren wir die Frage: Was braucht der Mittelstand und wie kann die Politik unterst\u00fctzen?<\/p>\n<p>Gestreamt wird die Veranstaltung aus dem SKZ in W\u00fcrzburg. Hier laufen zahlreiche Aktivit\u00e4ten im Bereich der Circular Economy, von der Forschung und Entwicklung, \u00fcber die Mitarbeit in Normungsgremien und die Sicherung von Standards durch akkreditierte Pr\u00fcfung, bis hin zum Wissens- und Technologietransfer.<\/p>\n<p>In den digitalen Breakout-Sessions wird anschlie\u00dfend diskutiert \u00fcber:<\/p>\n<ul>\n<li>Gesch\u00e4ftsmodelle der Zukunft (Moderation C2C)<\/li>\n<li>Normen und Standards als Enabler (Moderation Alexandra Engelt, DIN)<\/li>\n<li>Digitale Marktpl\u00e4tze, wo geht die Reise hin? (Moderation Dr. Hermann Achenbach, SKZ-Gruppenleiter Nachhaltigkeit und Kreislaufwirtschaft)<\/li>\n<\/ul>\n<p>Ein weiteres Highlight ist die anschlie\u00dfende Live-Online-Vorf\u00fchrung an der EREMA-Recycling-Maschine im SKZ-Technikum. Auf dieser Maschine laufen Forschungs- und Entwicklungsprojekte zur Kreislaufwirtschaft von Kunststoffen. Zudem ist die Anlage Teil eines kooperativen Weiterbildungskonzepts zum Thema \u201eRecycling von Kunststoffen\u201c.<\/p>\n<p>Moderiert wird die Veranstaltung von Alexandra Horn, Leiterin kleine und mittelst\u00e4ndische Unternehmen (KMU) und Verbandskooperationen, DIN e. V.<\/p>\n<p>Die Veranstaltung wird von DIN und SKZ organisiert. Sie ist Teil der DIN-Veranstaltungsreihe \u201eNeue M\u00e4rkte erschlie\u00dfen \u2013 mit Normen und Standards hoch hinaus\u201c, die durch das Bundesministerium f\u00fcr Wirtschaft und Energie (BMWi) gef\u00f6rdert wird und sich speziell an kleinere und mittlere Unternehmen richtet.<\/p>\n<p>Unter folgendem Link k\u00f6nnen Sie sich anmelden: www.din-veranstaltungen.de\u00a0 (Code: mittelstand10)<\/p>\n<p>Mehr Informationen wie Flyer und Botschaftervideos sowie weitere Veranstaltungstermine und auch die Anmeldem\u00f6glichkeiten finden Sie unter <a href=\"http:\/\/www.din.de\/go\/mittelstand\">www.din.de\/go\/mittelstand<\/a><\/p>\n<p>&nbsp;<\/p>\n","protected":false},"excerpt":{"rendered":"<p>Am Montag, 26. April 2021, 10 Uhr, diskutiert Staatsministerin Dorothee B\u00e4r\u00a0 mit Christoph Winterhalter, Vorstandsvorsitzender des&#8230;<\/p>\n","protected":false},"author":2,"featured_media":6734,"comment_status":"closed","ping_status":"closed","sticky":false,"template":"","format":"standard","meta":{"footnotes":""},"categories":[24,16],"tags":[],"series":[],"class_list":["post-25113","post","type-post","status-publish","format-standard","has-post-thumbnail","hentry","category-plas-tv-meldungen-auf-der-startseite-unterhalb-slider","category-plast-tv-textmeldungen"],"_links":{"self":[{"href":"https:\/\/plas.tv\/index.php?rest_route=\/wp\/v2\/posts\/25113","targetHints":{"allow":["GET"]}}],"collection":[{"href":"https:\/\/plas.tv\/index.php?rest_route=\/wp\/v2\/posts"}],"about":[{"href":"https:\/\/plas.tv\/index.php?rest_route=\/wp\/v2\/types\/post"}],"author":[{"embeddable":true,"href":"https:\/\/plas.tv\/index.php?rest_route=\/wp\/v2\/users\/2"}],"replies":[{"embeddable":true,"href":"https:\/\/plas.tv\/index.php?rest_route=%2Fwp%2Fv2%2Fcomments&post=25113"}],"version-history":[{"count":1,"href":"https:\/\/plas.tv\/index.php?rest_route=\/wp\/v2\/posts\/25113\/revisions"}],"predecessor-version":[{"id":25114,"href":"https:\/\/plas.tv\/index.php?rest_route=\/wp\/v2\/posts\/25113\/revisions\/25114"}],"wp:featuredmedia":[{"embeddable":true,"href":"https:\/\/plas.tv\/index.php?rest_route=\/wp\/v2\/media\/6734"}],"wp:attachment":[{"href":"https:\/\/plas.tv\/index.php?rest_route=%2Fwp%2Fv2%2Fmedia&parent=25113"}],"wp:term":[{"taxonomy":"category","embeddable":true,"href":"https:\/\/plas.tv\/index.php?rest_route=%2Fwp%2Fv2%2Fcategories&post=25113"},{"taxonomy":"post_tag","embeddable":true,"href":"https:\/\/plas.tv\/index.php?rest_route=%2Fwp%2Fv2%2Ftags&post=25113"},{"taxonomy":"series","embeddable":true,"href":"https:\/\/plas.tv\/index.php?rest_route=%2Fwp%2Fv2%2Fseries&post=25113"}],"curies":[{"name":"wp","href":"https:\/\/api.w.org\/{rel}","templated":true}]}}