{"id":25140,"date":"2021-03-22T09:25:57","date_gmt":"2021-03-22T08:25:57","guid":{"rendered":"https:\/\/php8.plastv.de\/?p=25140"},"modified":"2021-03-22T09:25:57","modified_gmt":"2021-03-22T08:25:57","slug":"faerch-bringt-mit-eco-hotpro-eine-komplett-neue-produktreihe-aus-recyceltem-mono-pet-material","status":"publish","type":"post","link":"https:\/\/plas.tv\/?p=25140","title":{"rendered":"Faerch bringt mit Eco HotPro eine komplett neue Produktreihe aus recyceltem Mono-PET Material"},"content":{"rendered":"<div class=\"article-title\">\n<div class=\"row\">\n<div class=\"col-xs-12\"><\/div>\n<\/div>\n<\/div>\n<div class=\"article-content\">\n<div class=\"widget widget-text\">\n<div class=\"row\">\n<div class=\"col-xxs-12\">\n<p>Faerch hat einen weiteren Schritt unternommen, um kreislauff\u00e4hige Verpackungsl\u00f6sungen f\u00fcr Milch- und Molkereiprodukte auf den Markt zu bringen. Entsprechend seiner langj\u00e4hrigen Tradition in Punkto Nachhaltigkeit und Innovation bei Materialauswahl als auch Design, bringt Faerch seine neue kreislauff\u00e4hige Produktreihe <strong>Eco HotPro<\/strong> heraus. \u00a0<strong>Eco HotPro<\/strong> ist eine neue Becherserie aus recyceltem Mono-PET, die eigens zur Hei\u00dfabf\u00fcllung als auch f\u00fcr die Hochtemperatur-Sterilisation (HTS) entwickelt wurde.<\/p>\n<p>Die Hochtemperatur-Verpackungs-Sterilisation ist bei vielen Abf\u00fcllprozessen ein elementarer Prozess und erfordert Verpackung, die Temperaturen von bis zu 120 Grad standhalten. Die neue Becher &#8211; Serie <strong>Eco HotPro<\/strong>, basierend auf der bew\u00e4hrten und marktf\u00fchrenden CPET-Technologie von Faerch, erf\u00fcllt diese Anforderungen und ist gleichzeitig eine kreislauff\u00e4hige Verpackungsl\u00f6sung. <strong>Eco HotPro<\/strong> Becher bestehen bis zu 75 % aus recyceltem Post-Consumer- Kunststoff- Material, ohne dabei Kompromisse bei der Lebensmittelsicherheit oder anderen funktionalen Eigenschaften einzugehen. Nach der Verwendung k\u00f6nnen sie in einer endlosen Anzahl von Lebenszyklen zu neuen lebensmitteltauglichen Verpackungen gleicher Qualit\u00e4t recycelt werden.<\/p>\n<p>Das bislang f\u00fcr die Hochtemperatur-Sterilisation weit verbreitete herk\u00f6mmliche PP Material ist keineswegs eine Kreislaufl\u00f6sung. Wie PS m\u00fcssen auch PP-Verpackungen aus Gr\u00fcnden der Lebensmittelsicherheit aus 100 % neuem, frischem Material hergestellt werden. Zudem k\u00f6nnen bzw. werden sie f\u00fcr Non-Food-Anwendungen downgecycelt, was im Widerspruch zu den Grundprinzipien einer Kreislaufwirtschaft f\u00fcr Lebensmitteverpackungen steht. PP und PS unterliegen europaweit zunehmend Rechtsvorschriften, mit denen der \u00dcbergang zur Kreislaufwirtschaft unterst\u00fctzt werden soll. Wie in anderen L\u00e4ndern wird PP von der Kunststoffverpackungssteur betroffen sein, die im April 2022 in Gro\u00dfbritannien in Kraft tritt, da PP den Schwellenwert von mindestens 30 % Recyclinganteil in Anwendungen mit direktem Lebensmittelkontakt nicht erreichen kann.<\/p>\n<p><a name=\"_Hlk57805341\"><\/a>Mit der neuen <strong>Eco HotPro<\/strong> Produktfamilie k\u00f6nnen Kunden aus einer Vielzahl von Formen und Farben w\u00e4hlen, darunter auch Wei\u00df. <strong>Eco HotPro<\/strong> kann auch mit dem einzigartigen, preisgekr\u00f6nten Farbkonzept Evolve by Faerch angeboten werden, bei dem den recycelten Materialien der Becher keine zus\u00e4tzlichen Farben hinzugef\u00fcgt werden. Dadurch entstehen variierende Becherfarben, die den Recyclingcharakter des Bechers widerspiegeln und es Verbrauchern somit erm\u00f6glichen, direkt und selber den Kreislaufcharakter der Verpackung zu erkennen.<\/p>\n<p>\u201eWir sehen, dass die wichtigsten Akteure auf dem Milch- und Molkereisektor in ganz Europa ihre Verantwortung f\u00fcr nachhaltigere Verpackungsl\u00f6sungen sehr ernst nehmen. Mit ihren gro\u00dfen Volumina und ihren hohen Anforderungen an die Funktionalit\u00e4t, wie beispielsweise die Hochtemperatur-Sterilisation, ist der \u00dcbergang zur Kreislaufwirtschaft keine einfache Aufgabe f\u00fcr Molkereien\u201c, sagt Spencer Johnston, CEO von Faerch UK. \u201eWir sind stolz darauf, dass wir mit der Einf\u00fchrung unserer <strong>Eco HotPro<\/strong> Produktserie einen Beitrag dazu leisten k\u00f6nnen, dass Molkereien auf wirklich kreislauff\u00e4hige Verpackungsl\u00f6sungen umsteigen k\u00f6nnen\u201c. \u201eKreislaufwirtschaft bei Lebensmittelverpackungen ist f\u00fcr uns keine ferne Vision, sondern bereits heute Realit\u00e4t: Wir stellen Lebensmittelverpackungen aus recycelten Post-Consumer-Materialien her und recyceln sie wieder zu Materialien in Lebensmittelqualit\u00e4t. Das tun wir jeden Tag im industriellen Ma\u00dfstab\u201d, so Spencer Johnston abschlie\u00dfend.<\/p>\n<p>Die Einf\u00fchrung der <strong>Eco HotPro<\/strong> Produktserie ist Teil eines breiteren Produktentwicklungsprogramms zur F\u00f6rderung des \u00dcbergangs zur Kreislaufwirtschaft bei Lebensmittelverpackungen. Das Portfolio nachhaltiger Materialien und Produktangebote von Faerch w\u00e4chst weiterhin schnell. Faerch hat bereits eine Reihe von Artikelgruppen aus bis zu 100 % Post-Consumer-Materialien auf den Markt gebracht, wobei dieses Produktsortiment 2021 kontinuierlich auf weitere Anwendungen ausgeweitet wird. Faerch ersetzt zunehmend rPET aus Flaschen durch Post-Consumer-Materialien, die aus Lebensmittelschalen und Bechern recycelt werden, um diese wertvollen Ressourcen ebenfalls zu nutzen. Die von Faerch in seiner firmeninternen Recyclinganlage in den Niederlanden recycelten Schalenvolumen entsprechen schon heute 25 Millionen rPET-Schalen pro Monat, und die Mengen steigen kontinuierlich weiter an.<\/p>\n<p><strong>\u00dcber die Faerch Group<\/strong><\/p>\n<p>Faerch wurde 1969 gegr\u00fcndet und hat seinen Hauptsitz in Holstebro, D\u00e4nemark. Faerch ist ein f\u00fchrender europ\u00e4ischer Hersteller nachhaltiger Verpackungsl\u00f6sungen f\u00fcr Lebensmittel in den Segmenten Fertiggerichte, Frischfleisch und Fisch, Food-to-Go und Milchprodukte. Mit Verpackungen aus bis zu 100 % Recyclingmaterial, die in einer endlosen Anzahl von Zyklen vollst\u00e4ndig zu neuen lebensmitteltauglichen Produkten recycelbar sind, hat Faerch die Marktf\u00fchrung bei der kreislaufgerechten Herstellung von stabilen Lebensmittelverpackungen \u00fcbernommen. Als integrierter Wiederaufbereiter recycelt Faerch Lebensmittelverpackungen im industriellen Ma\u00dfstab, die zum Kontakt mit Lebensmitteln geeignet sind.<\/p>\n<p>Die Faerch Group besch\u00e4ftigt mehr als 2.200 Mitarbeiter an 16 Produktionsstandorten in D\u00e4nemark, Gro\u00dfbritannien, Frankreich, Italien, Polen, Spanien, Tschechien und den Niederlanden. Das Unternehmen hat Vertriebsniederlassungen in ganz Europa.<\/p>\n<\/div>\n<\/div>\n<\/div>\n<\/div>\n","protected":false},"excerpt":{"rendered":"<p>Faerch hat einen weiteren Schritt unternommen, um kreislauff\u00e4hige Verpackungsl\u00f6sungen f\u00fcr Milch- und Molkereiprodukte auf den Markt&#8230;<\/p>\n","protected":false},"author":2,"featured_media":25141,"comment_status":"closed","ping_status":"closed","sticky":false,"template":"","format":"standard","meta":{"footnotes":""},"categories":[24,16],"tags":[],"series":[],"class_list":["post-25140","post","type-post","status-publish","format-standard","has-post-thumbnail","hentry","category-plas-tv-meldungen-auf-der-startseite-unterhalb-slider","category-plast-tv-textmeldungen"],"_links":{"self":[{"href":"https:\/\/plas.tv\/index.php?rest_route=\/wp\/v2\/posts\/25140","targetHints":{"allow":["GET"]}}],"collection":[{"href":"https:\/\/plas.tv\/index.php?rest_route=\/wp\/v2\/posts"}],"about":[{"href":"https:\/\/plas.tv\/index.php?rest_route=\/wp\/v2\/types\/post"}],"author":[{"embeddable":true,"href":"https:\/\/plas.tv\/index.php?rest_route=\/wp\/v2\/users\/2"}],"replies":[{"embeddable":true,"href":"https:\/\/plas.tv\/index.php?rest_route=%2Fwp%2Fv2%2Fcomments&post=25140"}],"version-history":[{"count":1,"href":"https:\/\/plas.tv\/index.php?rest_route=\/wp\/v2\/posts\/25140\/revisions"}],"predecessor-version":[{"id":25142,"href":"https:\/\/plas.tv\/index.php?rest_route=\/wp\/v2\/posts\/25140\/revisions\/25142"}],"wp:featuredmedia":[{"embeddable":true,"href":"https:\/\/plas.tv\/index.php?rest_route=\/wp\/v2\/media\/25141"}],"wp:attachment":[{"href":"https:\/\/plas.tv\/index.php?rest_route=%2Fwp%2Fv2%2Fmedia&parent=25140"}],"wp:term":[{"taxonomy":"category","embeddable":true,"href":"https:\/\/plas.tv\/index.php?rest_route=%2Fwp%2Fv2%2Fcategories&post=25140"},{"taxonomy":"post_tag","embeddable":true,"href":"https:\/\/plas.tv\/index.php?rest_route=%2Fwp%2Fv2%2Ftags&post=25140"},{"taxonomy":"series","embeddable":true,"href":"https:\/\/plas.tv\/index.php?rest_route=%2Fwp%2Fv2%2Fseries&post=25140"}],"curies":[{"name":"wp","href":"https:\/\/api.w.org\/{rel}","templated":true}]}}