{"id":25151,"date":"2021-03-22T12:55:14","date_gmt":"2021-03-22T11:55:14","guid":{"rendered":"https:\/\/php8.plastv.de\/?p=25151"},"modified":"2021-03-22T12:55:14","modified_gmt":"2021-03-22T11:55:14","slug":"digitalisierung-erfolgreiche-geschaeftsmodelle-fuer-die-kunststoffindustrie","status":"publish","type":"post","link":"https:\/\/plas.tv\/?p=25151","title":{"rendered":"Digitalisierung \u2013 Erfolgreiche Gesch\u00e4ftsmodelle f\u00fcr die Kunststoffindustrie"},"content":{"rendered":"<p><strong>Das Kunststoff-Zentrum SKZ l\u00e4dt am Dienstag und Mittwoch, 4. und 5. Mai 2021, zu einer ONLINE-Digitalisierungstagung ein. Die Tagung bietet allen Teilnehmern die M\u00f6glichkeit \u00fcber innovative Technologien und neue Tools zu diskutieren <\/strong><strong>und damit die Digitalisierung aktiv zu gestalten.<\/strong><\/p>\n<p>\u201eDie lebendige Diskussion, die wir bei der SKZ Kaffee-Pause begonnen haben, f\u00fchren wir am 4. und 5. Mai 2021 online am SKZ fort\u201c, verspricht J\u00fcrgen Schwarz, Leiter der Gesch\u00e4ftsentwicklung bei SAR Elektronic und zugleich Tagungsleiter der SKZ-Fachtagung Digitalisierung. \u201eViele Unternehmen befassen sich aktuell mit der Frage, wie sie im Krisenfall ihre Produktivit\u00e4t und ihre Lieferketten mit all den Einschr\u00e4nkungen absichern oder zus\u00e4tzliche Wettbewerbsvorteile f\u00fcr ihre Kunden generieren k\u00f6nnen. Bei diesen \u00dcberlegungen spielen digitale L\u00f6sungen auf allen Ebenen des Produktlebenszyklus eine immer wichtigere Rolle. Und genau darauf wollen wir bei der SKZ-Digitalisierungstagung konkrete Antworten geben.\u201c<\/p>\n<p>Die Digitalisierung revolutioniert die Unternehmensorganisation besonders in der Kunststoffindustrie, von der Beschaffung bis zum Verkauf, von der Produktentwicklung bis zur Produktionskette. Durch Digitalisierung, KI und Machine Learning entstehen neue Gesch\u00e4ftsfelder, die Komplexit\u00e4t steigt und zus\u00e4tzliche Anforderungen erfordern kollaboratives Arbeiten in Netzwerken. Dies ver\u00e4ndert nicht nur die Arbeitsabl\u00e4ufe und Prozesse, sondern fordert von jedem Einzelnen ein Weiterdenken und Offenheit. Die Digitalisierung, ohne Kulturwandel, wird nicht erfolgreich sein.<\/p>\n<p>Mitarbeiter und F\u00fchrungskr\u00e4fte profitieren gemeinsam von der Digitalisierung. Die Covid-Situation hat gezeigt, dass Digitalisierung einen konkreten Mehrwert bieten kann. Das Arbeiten aus dem Homeoffice \u2013 mit vollem Zugriff auf Produktionsdaten, Anlagenzust\u00e4nde, Unternehmenszahlen und Planungsdaten \u2013 ist in vielen Bereichen sehr schnell Realit\u00e4t geworden. Vernetztes Arbeiten \u00fcber Distanz f\u00f6rdert sogar das Miteinander, wenn F\u00fchrung und Transparenz darauf abgestimmt sind. Reisebeschr\u00e4nkungen haben Dank Technologien wie AR-Brille und Onlineplattformen ihren anf\u00e4nglichen Schrecken verloren.<\/p>\n<p>Die Digitalisierung sichert den Firmen, die sie gezielt einf\u00fchren oder erweitern, den entscheidenden Wettbewerbsvorteil in der globalen Zuliefererkette. So werden Produkte nicht nur schneller und ganzheitlicher entwickelt, sondern auch nachhaltiger produziert. Dies beginnt etwa beim gezielten Einsatz von Rezyklaten, bei der Minimierung von Ausschussteilen durch sichere Prozesse oder beim ganzheitlichen Entwicklungsansatz, bei der die Fertigungsexperten schon mit im Team sitzen.<\/p>\n<p>Nichtsdestotrotz wandert der Mensch noch n\u00e4her in den zentralen Fokus. Als humane Intelligenz ist er noch in vielen Bereichen der KI \u00fcberlegen. Es gilt, die Digitalisierung mit neuen, agilen Methoden in der Symbiose mit dem Menschen wertsch\u00f6pfend zu implementieren. Hier braucht es neue und erfolgreiche Gesch\u00e4ftsmodelle.<\/p>\n<p>Das zweit\u00e4gige Event bietet Teilnehmern die M\u00f6glichkeit, Digitalisierung aktiv mitzugestalten und unter Experten zu netzwerken. \u201eDie Digitalisierung hat heute schon wesentliche Vorteile sicherstellt und kann erg\u00e4nzt werden mit neuen, innovativen Technologien und Tools. Veredelt wird sie durch die vielen Experten aus interdisziplin\u00e4ren Bereichen\u201c, so J\u00fcrgen Schwarz.<\/p>\n<p>Das SKZ ist Mitglied der Zuse-Gemeinschaft. Diese ist ein Verbund unabh\u00e4ngiger, industrienaher Forschungseinrichtungen, die das Ziel verfolgen, die Leistungs- und Wettbewerbsf\u00e4higkeit der Industrie, insbesondere des Mittelstandes, durch Innovation und Vernetzung zu verbessern.<\/p>\n<p><strong>Detaillierte Informationen und Anmeldung unter: <\/strong><a href=\"https:\/\/www.skz.de\/bildung\/tagung\/digitalisierung-als-neuer-mehrwert-in-der-kunststoffindustrie\">https:\/\/www.skz.de\/bildung\/tagung\/digitalisierung-als-neuer-mehrwert-in-der-kunststoffindustrie<\/a><\/p>\n<p>&nbsp;<\/p>\n","protected":false},"excerpt":{"rendered":"<p>Das Kunststoff-Zentrum SKZ l\u00e4dt am Dienstag und Mittwoch, 4. und 5. Mai 2021, zu einer ONLINE-Digitalisierungstagung ein. Die Tagung bietet&#8230;<\/p>\n","protected":false},"author":2,"featured_media":25152,"comment_status":"closed","ping_status":"closed","sticky":false,"template":"","format":"standard","meta":{"footnotes":""},"categories":[24,16],"tags":[],"series":[],"class_list":["post-25151","post","type-post","status-publish","format-standard","has-post-thumbnail","hentry","category-plas-tv-meldungen-auf-der-startseite-unterhalb-slider","category-plast-tv-textmeldungen"],"_links":{"self":[{"href":"https:\/\/plas.tv\/index.php?rest_route=\/wp\/v2\/posts\/25151","targetHints":{"allow":["GET"]}}],"collection":[{"href":"https:\/\/plas.tv\/index.php?rest_route=\/wp\/v2\/posts"}],"about":[{"href":"https:\/\/plas.tv\/index.php?rest_route=\/wp\/v2\/types\/post"}],"author":[{"embeddable":true,"href":"https:\/\/plas.tv\/index.php?rest_route=\/wp\/v2\/users\/2"}],"replies":[{"embeddable":true,"href":"https:\/\/plas.tv\/index.php?rest_route=%2Fwp%2Fv2%2Fcomments&post=25151"}],"version-history":[{"count":1,"href":"https:\/\/plas.tv\/index.php?rest_route=\/wp\/v2\/posts\/25151\/revisions"}],"predecessor-version":[{"id":25153,"href":"https:\/\/plas.tv\/index.php?rest_route=\/wp\/v2\/posts\/25151\/revisions\/25153"}],"wp:featuredmedia":[{"embeddable":true,"href":"https:\/\/plas.tv\/index.php?rest_route=\/wp\/v2\/media\/25152"}],"wp:attachment":[{"href":"https:\/\/plas.tv\/index.php?rest_route=%2Fwp%2Fv2%2Fmedia&parent=25151"}],"wp:term":[{"taxonomy":"category","embeddable":true,"href":"https:\/\/plas.tv\/index.php?rest_route=%2Fwp%2Fv2%2Fcategories&post=25151"},{"taxonomy":"post_tag","embeddable":true,"href":"https:\/\/plas.tv\/index.php?rest_route=%2Fwp%2Fv2%2Ftags&post=25151"},{"taxonomy":"series","embeddable":true,"href":"https:\/\/plas.tv\/index.php?rest_route=%2Fwp%2Fv2%2Fseries&post=25151"}],"curies":[{"name":"wp","href":"https:\/\/api.w.org\/{rel}","templated":true}]}}