{"id":25160,"date":"2021-03-23T08:43:40","date_gmt":"2021-03-23T07:43:40","guid":{"rendered":"https:\/\/php8.plastv.de\/?p=25160"},"modified":"2021-03-23T08:43:40","modified_gmt":"2021-03-23T07:43:40","slug":"richard-schmidhofer-neuer-cfo-bei-kiefel","status":"publish","type":"post","link":"https:\/\/plas.tv\/?p=25160","title":{"rendered":"Richard Schmidhofer neuer CFO bei Kiefel"},"content":{"rendered":"<p>Freilassing. Richard Schmidhofer ist seit dem 1. Februar 2021 kaufm\u00e4nnischer Gesch\u00e4ftsf\u00fchrer der KIEFEL GmbH und tritt die Nachfolge von Peter Eisl an, der das Unternehmen auf eigenen Wunsch verlassen hat.<br \/>\nRichard Schmidhofer \u00fcbernimmt als CFO die Leitung des Finanzbereiches, der IT und des Einkaufs. Kiefel gewinnt mit Herrn Schmidhofer eine erfahrene F\u00fchrungspers\u00f6nlichkeit: Er bringt nicht nur profunde Fachexpertise aus seinen bisherigen Stationen als Gesch\u00e4ftsf\u00fchrer ein, sondern hat auch Industrieunternehmen von unterschiedlicher Gr\u00f6\u00dfe und Ausrichtung erfolgreich begleitet und entschieden gepr\u00e4gt.<br \/>\n\u201eWir freuen uns, dass wir mit Herrn Schmidhofer einen so erfahrenen kaufm\u00e4nnischen Gesch\u00e4ftsf\u00fchrer f\u00fcr uns gewinnen konnten\u201c, so Thomas Halletz, CEO der KIEFEL GmbH.<br \/>\nDie Gesch\u00e4ftsf\u00fchrung mit Thomas Halletz, Stefan Moll (CTO) und Richard Schmidhofer wird das Unternehmen nun k\u00fcnftig noch st\u00e4rker auf die strategischen Zukunftsthemen ausrichten.<\/p>\n","protected":false},"excerpt":{"rendered":"<p>Richard Schmidhofer ist seit dem 1. Februar 2021 kaufm\u00e4nnischer Gesch\u00e4ftsf\u00fchrer der KIEFEL GmbH und tritt die Nachfolge von Peter Eisl an&#8230;<\/p>\n","protected":false},"author":2,"featured_media":25161,"comment_status":"closed","ping_status":"closed","sticky":false,"template":"","format":"standard","meta":{"footnotes":""},"categories":[24,16],"tags":[],"series":[],"class_list":["post-25160","post","type-post","status-publish","format-standard","has-post-thumbnail","hentry","category-plas-tv-meldungen-auf-der-startseite-unterhalb-slider","category-plast-tv-textmeldungen"],"_links":{"self":[{"href":"https:\/\/plas.tv\/index.php?rest_route=\/wp\/v2\/posts\/25160","targetHints":{"allow":["GET"]}}],"collection":[{"href":"https:\/\/plas.tv\/index.php?rest_route=\/wp\/v2\/posts"}],"about":[{"href":"https:\/\/plas.tv\/index.php?rest_route=\/wp\/v2\/types\/post"}],"author":[{"embeddable":true,"href":"https:\/\/plas.tv\/index.php?rest_route=\/wp\/v2\/users\/2"}],"replies":[{"embeddable":true,"href":"https:\/\/plas.tv\/index.php?rest_route=%2Fwp%2Fv2%2Fcomments&post=25160"}],"version-history":[{"count":1,"href":"https:\/\/plas.tv\/index.php?rest_route=\/wp\/v2\/posts\/25160\/revisions"}],"predecessor-version":[{"id":25162,"href":"https:\/\/plas.tv\/index.php?rest_route=\/wp\/v2\/posts\/25160\/revisions\/25162"}],"wp:featuredmedia":[{"embeddable":true,"href":"https:\/\/plas.tv\/index.php?rest_route=\/wp\/v2\/media\/25161"}],"wp:attachment":[{"href":"https:\/\/plas.tv\/index.php?rest_route=%2Fwp%2Fv2%2Fmedia&parent=25160"}],"wp:term":[{"taxonomy":"category","embeddable":true,"href":"https:\/\/plas.tv\/index.php?rest_route=%2Fwp%2Fv2%2Fcategories&post=25160"},{"taxonomy":"post_tag","embeddable":true,"href":"https:\/\/plas.tv\/index.php?rest_route=%2Fwp%2Fv2%2Ftags&post=25160"},{"taxonomy":"series","embeddable":true,"href":"https:\/\/plas.tv\/index.php?rest_route=%2Fwp%2Fv2%2Fseries&post=25160"}],"curies":[{"name":"wp","href":"https:\/\/api.w.org\/{rel}","templated":true}]}}