{"id":25185,"date":"2021-03-24T08:35:49","date_gmt":"2021-03-24T07:35:49","guid":{"rendered":"https:\/\/php8.plastv.de\/?p=25185"},"modified":"2021-03-23T13:40:40","modified_gmt":"2021-03-23T12:40:40","slug":"displayschutzfolie-infotainment-gut-gesichert","status":"publish","type":"post","link":"https:\/\/plas.tv\/?p=25185","title":{"rendered":"Displayschutzfolie: Infotainment gut gesichert"},"content":{"rendered":"<div class=\"header\"><\/div>\n<div class=\"cols col-md-12 col-xs-12 col-sm-12\">\n<div class=\"cols col-md-9 col-xs-12 col-sm-12\">\n<div class=\"teaser-text\">\n<p class=\"bodytext\">Carl Benz entwickelte 1886 das erste Fahrzeug, das als Ursprung des heutigen Autos gilt. Seit diesen Anf\u00e4ngen hat sich in der Automobilindustrie inzwischen einiges ver\u00e4ndert: Hochmoderne Infotainment- und Entertainmentsysteme beispielsweise sind eine von vielen Technologien unserer mobilen Gegenwart. Ob als Kombiinstrument oder als Bedienoberfl\u00e4che eines Touchdisplays \u2013 Displayanwendungen sorgen f\u00fcr ein komfortables, effizientes und individuelles Fahrerlebnis. Gesch\u00fctzt werden diese mit der innovativen Folienl\u00f6sung von Schreiner ProTech.<\/p>\n<\/div>\n<div class=\"news-text-wrap\">\n<p class=\"bodytext\">Von der Produktion \u00fcber die Lieferung bis hin zum Verbau im Fahrzeug muss das Display stets vor \u00e4u\u00dferen Einwirkungen wie Verunreinigungen oder potenziellen Besch\u00e4digungen wie Kratzern gesch\u00fctzt werden. Diese Aufgabe \u00fcbernehmen Displayschutzfolien von Schreiner ProTech. Denn die Entt\u00e4uschung beim Kunden und der dadurch entstehende Imageschaden beim Hersteller w\u00e4ren gro\u00df, wenn in einem Neuwagen bereits das Display im Armaturenbrett verkratzt w\u00e4re. Au\u00dferdem muss beim r\u00fcckstandsfreien Abziehen dieser Folie vom Display die Gefahr von Elektrostatischer Entladung (ESD) verringert werden. ESD-Schutzfolien senken die Wahrscheinlichkeit, dass es zu einem elektrischen \u00dcberschlag kommt, wenn die Schutzfolie vom Display abgel\u00f6st wird. Damit sinkt auch die Gefahr, dass elektronische Komponenten besch\u00e4digt werden oder Personen einen elektrischen Schlag erleiden.<\/p>\n<p class=\"bodytext\">\nDa Displays immer gr\u00f6\u00dfer werden, wird auch die Schutzfolie in einem ungew\u00f6hnlich gro\u00dfen Format ben\u00f6tigt. Die L\u00f6sung von Schreiner ProTech bietet ein optimales Preis-Leistungs-Verh\u00e4ltnis. Neben der erforderlichen Best\u00e4ndigkeit zeichnet sich das Produkt durch weitere Vorteile aus: \u201eDie Anwendung ist simpel und effizient; so kann man die Schutzfolie mit Hinweisen bedrucken, zum Beispiel als Verarbeitungshinweis beim Aufbringen der Folie zur Erleichterung des manuellen Applikationsprozesses. Optional ist dies auch vollautomatisiert m\u00f6glich\u201c, erkl\u00e4rt Dana Imminger, Produktmanagerin f\u00fcr Schutzfolien bei Schreiner ProTech.<br \/>\nDas Layout kann dabei kundenspezifisch und individuell angepasst werden. Zus\u00e4tzlich erm\u00f6glicht eine integrierte Anfasslasche das einfache Abziehen der Folie.<\/p>\n<\/div>\n<\/div>\n<\/div>\n","protected":false},"excerpt":{"rendered":"<p>Carl Benz entwickelte 1886 das erste Fahrzeug, das als Ursprung des heutigen Autos gilt. Seit diesen Anf\u00e4ngen hat sich in der Automobilindustrie&#8230;<\/p>\n","protected":false},"author":2,"featured_media":25186,"comment_status":"closed","ping_status":"closed","sticky":false,"template":"","format":"standard","meta":{"footnotes":""},"categories":[24,16],"tags":[],"series":[],"class_list":["post-25185","post","type-post","status-publish","format-standard","has-post-thumbnail","hentry","category-plas-tv-meldungen-auf-der-startseite-unterhalb-slider","category-plast-tv-textmeldungen"],"_links":{"self":[{"href":"https:\/\/plas.tv\/index.php?rest_route=\/wp\/v2\/posts\/25185","targetHints":{"allow":["GET"]}}],"collection":[{"href":"https:\/\/plas.tv\/index.php?rest_route=\/wp\/v2\/posts"}],"about":[{"href":"https:\/\/plas.tv\/index.php?rest_route=\/wp\/v2\/types\/post"}],"author":[{"embeddable":true,"href":"https:\/\/plas.tv\/index.php?rest_route=\/wp\/v2\/users\/2"}],"replies":[{"embeddable":true,"href":"https:\/\/plas.tv\/index.php?rest_route=%2Fwp%2Fv2%2Fcomments&post=25185"}],"version-history":[{"count":1,"href":"https:\/\/plas.tv\/index.php?rest_route=\/wp\/v2\/posts\/25185\/revisions"}],"predecessor-version":[{"id":25187,"href":"https:\/\/plas.tv\/index.php?rest_route=\/wp\/v2\/posts\/25185\/revisions\/25187"}],"wp:featuredmedia":[{"embeddable":true,"href":"https:\/\/plas.tv\/index.php?rest_route=\/wp\/v2\/media\/25186"}],"wp:attachment":[{"href":"https:\/\/plas.tv\/index.php?rest_route=%2Fwp%2Fv2%2Fmedia&parent=25185"}],"wp:term":[{"taxonomy":"category","embeddable":true,"href":"https:\/\/plas.tv\/index.php?rest_route=%2Fwp%2Fv2%2Fcategories&post=25185"},{"taxonomy":"post_tag","embeddable":true,"href":"https:\/\/plas.tv\/index.php?rest_route=%2Fwp%2Fv2%2Ftags&post=25185"},{"taxonomy":"series","embeddable":true,"href":"https:\/\/plas.tv\/index.php?rest_route=%2Fwp%2Fv2%2Fseries&post=25185"}],"curies":[{"name":"wp","href":"https:\/\/api.w.org\/{rel}","templated":true}]}}