{"id":25302,"date":"2021-03-30T08:03:10","date_gmt":"2021-03-30T06:03:10","guid":{"rendered":"https:\/\/php8.plastv.de\/?p=25302"},"modified":"2021-03-29T14:04:19","modified_gmt":"2021-03-29T12:04:19","slug":"kritik-an-neuen-kennzeichnungsregeln-fuer-einweg-getraenkebecher","status":"publish","type":"post","link":"https:\/\/plas.tv\/?p=25302","title":{"rendered":"Kritik an neuen Kennzeichnungsregeln f\u00fcr Einweg-Getr\u00e4nkebecher"},"content":{"rendered":"<h1 class=\"entry-title fusion-post-title fusion-responsive-typography-calculated\" data-fontsize=\"30\" data-lineheight=\"39px\"><\/h1>\n<div class=\"post-content\">\n<p>Der Bundestag hat neue Kennzeichnungsvorschriften f\u00fcr Einweg-Getr\u00e4nkebecher beschlossen. Danach m\u00fcssen Einweg-Getr\u00e4nkebecher aus Kunststoff und mit Kunststoff beschichtete Papierbecher mit einem neuen Piktogramm gekennzeichnet werden und den schriftlichen Hinweis enthalten, dass der Becher Kunststoff enth\u00e4lt beziehungsweise aus Kunststoff hergestellt ist. Diese Vorschrift gilt f\u00fcr Becher, die ab dem 3. Juli 2021 erstmalig in Deutschland in Verkehr gebracht werden.<\/p>\n<p>Auch wenn dadurch die Vorgaben der EU-Richtlinie f\u00fcr Einweg-Kunststoffprodukte 1:1 umgesetzt werden, kritisiert die IK Industrievereinigung Kunststoffverpackungen e.V. die Regelung in Bezug auf Kunststoffbecher als unn\u00f6tige und teure \u00dcberregulierung.<\/p>\n<p><a href=\"https:\/\/y9f2a7b2.rocketcdn.me\/wp-content\/uploads\/2021\/03\/Pressebild-Kennzeichnung-Einwegbecher.jpg\" data-caption=\"\"><img loading=\"lazy\" decoding=\"async\" class=\"alignright wp-image-18992 lazyautosizes lazyloaded\" src=\"https:\/\/y9f2a7b2.rocketcdn.me\/wp-content\/uploads\/2021\/03\/Pressebild-Kennzeichnung-Einwegbecher-450x287.jpg\" sizes=\"auto, 250px\" srcset=\"https:\/\/y9f2a7b2.rocketcdn.me\/wp-content\/uploads\/2021\/03\/Pressebild-Kennzeichnung-Einwegbecher-200x127.jpg 200w, https:\/\/y9f2a7b2.rocketcdn.me\/wp-content\/uploads\/2021\/03\/Pressebild-Kennzeichnung-Einwegbecher-320x202.jpg 320w, https:\/\/y9f2a7b2.rocketcdn.me\/wp-content\/uploads\/2021\/03\/Pressebild-Kennzeichnung-Einwegbecher-400x255.jpg 400w, https:\/\/y9f2a7b2.rocketcdn.me\/wp-content\/uploads\/2021\/03\/Pressebild-Kennzeichnung-Einwegbecher-450x287.jpg 450w, https:\/\/y9f2a7b2.rocketcdn.me\/wp-content\/uploads\/2021\/03\/Pressebild-Kennzeichnung-Einwegbecher-460x295.jpg 460w, https:\/\/y9f2a7b2.rocketcdn.me\/wp-content\/uploads\/2021\/03\/Pressebild-Kennzeichnung-Einwegbecher-600x382.jpg 600w, https:\/\/y9f2a7b2.rocketcdn.me\/wp-content\/uploads\/2021\/03\/Pressebild-Kennzeichnung-Einwegbecher-700x441.jpg 700w, https:\/\/y9f2a7b2.rocketcdn.me\/wp-content\/uploads\/2021\/03\/Pressebild-Kennzeichnung-Einwegbecher-768x490.jpg 768w, https:\/\/y9f2a7b2.rocketcdn.me\/wp-content\/uploads\/2021\/03\/Pressebild-Kennzeichnung-Einwegbecher-800x510.jpg 800w, https:\/\/y9f2a7b2.rocketcdn.me\/wp-content\/uploads\/2021\/03\/Pressebild-Kennzeichnung-Einwegbecher-900x574.jpg 900w, https:\/\/y9f2a7b2.rocketcdn.me\/wp-content\/uploads\/2021\/03\/Pressebild-Kennzeichnung-Einwegbecher.jpg 946w\" alt=\"Pressebild Kennzeichnung Einwegbecher\" width=\"250\" height=\"159\" data-orig-src=\"https:\/\/y9f2a7b2.rocketcdn.me\/wp-content\/uploads\/2021\/03\/Pressebild-Kennzeichnung-Einwegbecher-450x287.jpg\" data-srcset=\"https:\/\/y9f2a7b2.rocketcdn.me\/wp-content\/uploads\/2021\/03\/Pressebild-Kennzeichnung-Einwegbecher-200x127.jpg 200w, https:\/\/y9f2a7b2.rocketcdn.me\/wp-content\/uploads\/2021\/03\/Pressebild-Kennzeichnung-Einwegbecher-320x202.jpg 320w, https:\/\/y9f2a7b2.rocketcdn.me\/wp-content\/uploads\/2021\/03\/Pressebild-Kennzeichnung-Einwegbecher-400x255.jpg 400w, https:\/\/y9f2a7b2.rocketcdn.me\/wp-content\/uploads\/2021\/03\/Pressebild-Kennzeichnung-Einwegbecher-450x287.jpg 450w, https:\/\/y9f2a7b2.rocketcdn.me\/wp-content\/uploads\/2021\/03\/Pressebild-Kennzeichnung-Einwegbecher-460x295.jpg 460w, https:\/\/y9f2a7b2.rocketcdn.me\/wp-content\/uploads\/2021\/03\/Pressebild-Kennzeichnung-Einwegbecher-600x382.jpg 600w, https:\/\/y9f2a7b2.rocketcdn.me\/wp-content\/uploads\/2021\/03\/Pressebild-Kennzeichnung-Einwegbecher-700x441.jpg 700w, https:\/\/y9f2a7b2.rocketcdn.me\/wp-content\/uploads\/2021\/03\/Pressebild-Kennzeichnung-Einwegbecher-768x490.jpg 768w, https:\/\/y9f2a7b2.rocketcdn.me\/wp-content\/uploads\/2021\/03\/Pressebild-Kennzeichnung-Einwegbecher-800x510.jpg 800w, https:\/\/y9f2a7b2.rocketcdn.me\/wp-content\/uploads\/2021\/03\/Pressebild-Kennzeichnung-Einwegbecher-900x574.jpg 900w, https:\/\/y9f2a7b2.rocketcdn.me\/wp-content\/uploads\/2021\/03\/Pressebild-Kennzeichnung-Einwegbecher.jpg 946w\" data-sizes=\"auto\" data-orig-sizes=\"(max-width: 250px) 100vw, 250px\" \/><\/a><\/p>\n<blockquote>\n<div id=\"attachment_7076\" class=\"wp-caption alignleft\"><img loading=\"lazy\" decoding=\"async\" class=\"wp-image-7076 lazyautosizes lazyloaded\" src=\"https:\/\/y9f2a7b2.rocketcdn.me\/wp-content\/uploads\/2019\/07\/Dr-Martin-Engelmann-Hauptgeschaeftsfuehrer-IK-Industrievereinigung-Kunststoffverpackungen-Beitragsbild-e1606037301331-300x200.jpg\" sizes=\"auto, 300px\" srcset=\"https:\/\/y9f2a7b2.rocketcdn.me\/wp-content\/uploads\/2019\/07\/Dr-Martin-Engelmann-Hauptgeschaeftsfuehrer-IK-Industrievereinigung-Kunststoffverpackungen-Beitragsbild-e1606037301331-200x133.jpg 200w, https:\/\/y9f2a7b2.rocketcdn.me\/wp-content\/uploads\/2019\/07\/Dr-Martin-Engelmann-Hauptgeschaeftsfuehrer-IK-Industrievereinigung-Kunststoffverpackungen-Beitragsbild-e1606037301331-300x200.jpg 300w, https:\/\/y9f2a7b2.rocketcdn.me\/wp-content\/uploads\/2019\/07\/Dr-Martin-Engelmann-Hauptgeschaeftsfuehrer-IK-Industrievereinigung-Kunststoffverpackungen-Beitragsbild-e1606037301331-400x267.jpg 400w, https:\/\/y9f2a7b2.rocketcdn.me\/wp-content\/uploads\/2019\/07\/Dr-Martin-Engelmann-Hauptgeschaeftsfuehrer-IK-Industrievereinigung-Kunststoffverpackungen-Beitragsbild-e1606037301331-600x400.jpg 600w, https:\/\/y9f2a7b2.rocketcdn.me\/wp-content\/uploads\/2019\/07\/Dr-Martin-Engelmann-Hauptgeschaeftsfuehrer-IK-Industrievereinigung-Kunststoffverpackungen-Beitragsbild-e1606037301331-768x512.jpg 768w, https:\/\/y9f2a7b2.rocketcdn.me\/wp-content\/uploads\/2019\/07\/Dr-Martin-Engelmann-Hauptgeschaeftsfuehrer-IK-Industrievereinigung-Kunststoffverpackungen-Beitragsbild-e1606037301331-800x533.jpg 800w, https:\/\/y9f2a7b2.rocketcdn.me\/wp-content\/uploads\/2019\/07\/Dr-Martin-Engelmann-Hauptgeschaeftsfuehrer-IK-Industrievereinigung-Kunststoffverpackungen-Beitragsbild-e1606037301331-scaled-e1610815915477.jpg 900w, https:\/\/y9f2a7b2.rocketcdn.me\/wp-content\/uploads\/2019\/07\/Dr-Martin-Engelmann-Hauptgeschaeftsfuehrer-IK-Industrievereinigung-Kunststoffverpackungen-Beitragsbild-e1606037301331-1024x683.jpg 1024w, https:\/\/y9f2a7b2.rocketcdn.me\/wp-content\/uploads\/2019\/07\/Dr-Martin-Engelmann-Hauptgeschaeftsfuehrer-IK-Industrievereinigung-Kunststoffverpackungen-Beitragsbild-e1606037301331-1200x800.jpg 1200w, https:\/\/y9f2a7b2.rocketcdn.me\/wp-content\/uploads\/2019\/07\/Dr-Martin-Engelmann-Hauptgeschaeftsfuehrer-IK-Industrievereinigung-Kunststoffverpackungen-Beitragsbild-e1606037301331-1536x1024.jpg 1536w\" alt=\"Dr. Martin Engelmann \u2013 Hauptgesch\u00e4ftsf\u00fchrer IK Industrievereinigung Kunststoffverpackungen\" width=\"300\" height=\"200\" aria-describedby=\"caption-attachment-7076\" data-orig-src=\"https:\/\/y9f2a7b2.rocketcdn.me\/wp-content\/uploads\/2019\/07\/Dr-Martin-Engelmann-Hauptgeschaeftsfuehrer-IK-Industrievereinigung-Kunststoffverpackungen-Beitragsbild-e1606037301331-300x200.jpg\" data-srcset=\"https:\/\/y9f2a7b2.rocketcdn.me\/wp-content\/uploads\/2019\/07\/Dr-Martin-Engelmann-Hauptgeschaeftsfuehrer-IK-Industrievereinigung-Kunststoffverpackungen-Beitragsbild-e1606037301331-200x133.jpg 200w, https:\/\/y9f2a7b2.rocketcdn.me\/wp-content\/uploads\/2019\/07\/Dr-Martin-Engelmann-Hauptgeschaeftsfuehrer-IK-Industrievereinigung-Kunststoffverpackungen-Beitragsbild-e1606037301331-300x200.jpg 300w, https:\/\/y9f2a7b2.rocketcdn.me\/wp-content\/uploads\/2019\/07\/Dr-Martin-Engelmann-Hauptgeschaeftsfuehrer-IK-Industrievereinigung-Kunststoffverpackungen-Beitragsbild-e1606037301331-400x267.jpg 400w, https:\/\/y9f2a7b2.rocketcdn.me\/wp-content\/uploads\/2019\/07\/Dr-Martin-Engelmann-Hauptgeschaeftsfuehrer-IK-Industrievereinigung-Kunststoffverpackungen-Beitragsbild-e1606037301331-600x400.jpg 600w, https:\/\/y9f2a7b2.rocketcdn.me\/wp-content\/uploads\/2019\/07\/Dr-Martin-Engelmann-Hauptgeschaeftsfuehrer-IK-Industrievereinigung-Kunststoffverpackungen-Beitragsbild-e1606037301331-768x512.jpg 768w, https:\/\/y9f2a7b2.rocketcdn.me\/wp-content\/uploads\/2019\/07\/Dr-Martin-Engelmann-Hauptgeschaeftsfuehrer-IK-Industrievereinigung-Kunststoffverpackungen-Beitragsbild-e1606037301331-800x533.jpg 800w, https:\/\/y9f2a7b2.rocketcdn.me\/wp-content\/uploads\/2019\/07\/Dr-Martin-Engelmann-Hauptgeschaeftsfuehrer-IK-Industrievereinigung-Kunststoffverpackungen-Beitragsbild-e1606037301331-scaled-e1610815915477.jpg 900w, https:\/\/y9f2a7b2.rocketcdn.me\/wp-content\/uploads\/2019\/07\/Dr-Martin-Engelmann-Hauptgeschaeftsfuehrer-IK-Industrievereinigung-Kunststoffverpackungen-Beitragsbild-e1606037301331-1024x683.jpg 1024w, https:\/\/y9f2a7b2.rocketcdn.me\/wp-content\/uploads\/2019\/07\/Dr-Martin-Engelmann-Hauptgeschaeftsfuehrer-IK-Industrievereinigung-Kunststoffverpackungen-Beitragsbild-e1606037301331-1200x800.jpg 1200w, https:\/\/y9f2a7b2.rocketcdn.me\/wp-content\/uploads\/2019\/07\/Dr-Martin-Engelmann-Hauptgeschaeftsfuehrer-IK-Industrievereinigung-Kunststoffverpackungen-Beitragsbild-e1606037301331-1536x1024.jpg 1536w\" data-sizes=\"auto\" data-orig-sizes=\"(max-width: 300px) 100vw, 300px\" \/><\/p>\n<p id=\"caption-attachment-7076\" class=\"wp-caption-text\">Dr. Martin Engelmann, IK-Hauptgesch\u00e4ftsf\u00fchrer<\/p>\n<\/div>\n<p>\u201eJeder, der aus einem Kunststoffbecher trinkt, wei\u00df, dass der Becher aus Kunststoff besteht. Daher ist f\u00fcr reine Kunststoffbecher der Hinweis \u00bbHergestellt aus Kunststoff\u00ab v\u00f6llig sinnlos\u201c, kritisiert Dr. Martin Engelmann, Hauptgesch\u00e4ftsf\u00fchrer der IK, die EU-Regelung. Au\u00dferdem wissen die Menschen in Deutschland, dass Kunststoffbecher nicht einfach in die Umwelt geschmissen werden d\u00fcrfen. \u201eUnd diejenigen, die es trotzdem machen, werden sich auch durch die neue Kennzeichnung nicht davon abbringen lassen\u201c, so Engelmann.<\/p><\/blockquote>\n<p>Zus\u00e4tzlich \u00e4rgerlich ist, dass der Hinweis in der jeweiligen Amtssprache der EU-Mitgliedstaaten erfolgen m\u00fcsse. \u201eDies f\u00fchrt zwangsl\u00e4ufig zu einer Zersplitterung des EU-Binnenmarktes entlang der Sprachgrenzen, eine Entwicklung, die wir mit gro\u00dfer Sorge verfolgen\u201c, erl\u00e4utert Engelmann.<\/p>\n<p>In vielen Bereichen gibt es zudem bereits effektive R\u00fccknahme-systeme f\u00fcr Getr\u00e4nke-Becher, zum Beispiel Pfandsysteme bei Konzerten, Fu\u00dfballspielen und Festivals oder beim Catering beispielsweise im Flugzeug. \u201eDer Bundestag hat es leider vers\u00e4umt, den Anwendungsbereich der Regelung zu konkretisieren und verfassungsrechtlich gebotene Ausnahmen aufzunehmen\u201c, erkl\u00e4rt Engelmann. \u201eJetzt muss sich die Bundesregierung in Br\u00fcssel daf\u00fcr einsetzen, dass die EU-Kommission eine Kl\u00e4rung vornimmt.\u201c<\/p>\n<\/div>\n","protected":false},"excerpt":{"rendered":"<p>Der Bundestag hat neue Kennzeichnungsvorschriften f\u00fcr Einweg-Getr\u00e4nkebecher beschlossen. Danach m\u00fcssen Einweg-Getr\u00e4nkebecher&#8230;<\/p>\n","protected":false},"author":2,"featured_media":19343,"comment_status":"closed","ping_status":"closed","sticky":false,"template":"","format":"standard","meta":{"footnotes":""},"categories":[24,16],"tags":[],"series":[],"class_list":["post-25302","post","type-post","status-publish","format-standard","has-post-thumbnail","hentry","category-plas-tv-meldungen-auf-der-startseite-unterhalb-slider","category-plast-tv-textmeldungen"],"_links":{"self":[{"href":"https:\/\/plas.tv\/index.php?rest_route=\/wp\/v2\/posts\/25302","targetHints":{"allow":["GET"]}}],"collection":[{"href":"https:\/\/plas.tv\/index.php?rest_route=\/wp\/v2\/posts"}],"about":[{"href":"https:\/\/plas.tv\/index.php?rest_route=\/wp\/v2\/types\/post"}],"author":[{"embeddable":true,"href":"https:\/\/plas.tv\/index.php?rest_route=\/wp\/v2\/users\/2"}],"replies":[{"embeddable":true,"href":"https:\/\/plas.tv\/index.php?rest_route=%2Fwp%2Fv2%2Fcomments&post=25302"}],"version-history":[{"count":2,"href":"https:\/\/plas.tv\/index.php?rest_route=\/wp\/v2\/posts\/25302\/revisions"}],"predecessor-version":[{"id":25304,"href":"https:\/\/plas.tv\/index.php?rest_route=\/wp\/v2\/posts\/25302\/revisions\/25304"}],"wp:featuredmedia":[{"embeddable":true,"href":"https:\/\/plas.tv\/index.php?rest_route=\/wp\/v2\/media\/19343"}],"wp:attachment":[{"href":"https:\/\/plas.tv\/index.php?rest_route=%2Fwp%2Fv2%2Fmedia&parent=25302"}],"wp:term":[{"taxonomy":"category","embeddable":true,"href":"https:\/\/plas.tv\/index.php?rest_route=%2Fwp%2Fv2%2Fcategories&post=25302"},{"taxonomy":"post_tag","embeddable":true,"href":"https:\/\/plas.tv\/index.php?rest_route=%2Fwp%2Fv2%2Ftags&post=25302"},{"taxonomy":"series","embeddable":true,"href":"https:\/\/plas.tv\/index.php?rest_route=%2Fwp%2Fv2%2Fseries&post=25302"}],"curies":[{"name":"wp","href":"https:\/\/api.w.org\/{rel}","templated":true}]}}