{"id":25412,"date":"2021-04-07T08:39:36","date_gmt":"2021-04-07T06:39:36","guid":{"rendered":"https:\/\/php8.plastv.de\/?p=25412"},"modified":"2021-04-06T13:43:15","modified_gmt":"2021-04-06T11:43:15","slug":"thomas-schulz-verantwortet-kommunikationsagenden-von-constantia-flexibles","status":"publish","type":"post","link":"https:\/\/plas.tv\/?p=25412","title":{"rendered":"Thomas Schulz verantwortet Kommunikationsagenden von Constantia Flexibles"},"content":{"rendered":"<p><strong>Bereits zu Beginn dieses Jahres wurde Thomas Schulz zum VP Group Marketing &amp; Communication von Constantia Flexibles, dem weltweit drittgr\u00f6\u00dften Hersteller von flexiblen Verpackungen, ernannt. <\/strong><\/p>\n<p>Thomas Schulz (37) ist in seiner neuen Rolle als Pressesprecher f\u00fcr die Leitung aller Kommunikations- sowie Marketingaktivit\u00e4ten der beiden Divisionen Consumer und Pharma von Constantia Flexibles zust\u00e4ndig. Der Fokus der aktuellen und zuk\u00fcnftigen Kampagnen liegt auf der klaren Positionierung von Constantia Flexibles als f\u00fchrendes Unternehmen unter den Herstellern flexibler Verpackungen, vor allem im Bereich nachhaltigere Verpackungsl\u00f6sungen.<\/p>\n<p>\u201eBesonders spannend wird es in den n\u00e4chsten Jahren den Weg von Constantia Flexibles hin zu 100 Prozent recycelbaren Verpackungen bis 2025 kommunikativ zu begleiten\u201c, so Schulz.<\/p>\n<p>Der geb\u00fcrtige Deutsche ist bereits seit drei Jahren im Bereich Marketing \u202fbei Constantia Flexibles t\u00e4tig und war unter anderem f\u00fcr das Consumer Marketing und den Aufbau der Marke rund um die Verpackungsfamilie Ecolutions verantwortlich.<\/p>\n<p>Zuvor arbeitete Schulz f\u00fcr den Konsumg\u00fcterhersteller Procter &amp; Gamble in der DACH-Zentrale in Frankfurt in verschiedenen Brand Manager Positionen, durch welche er fundierte Erfahrung im Bereich der Fast Moving Consumer Goods (FMCG)- sammelte. Zuletzt leitete er als Direct-to-Consumer &amp; Corporate Marketing Brand Director alle Projekte im DACH-Raum.<\/p>\n<p>Thomas Schulz hat Angewandte Kulturwissenschaften an der Leuphana Universit\u00e4t L\u00fcneburg mit den Schwerpunkten Wirtschaft und Kommunikation studiert und im Zuge dessen auch Auslandserfahrungen in Barcelona und Hong Kong gesammelt.<\/p>\n","protected":false},"excerpt":{"rendered":"<p>Bereits zu Beginn dieses Jahres wurde Thomas Schulz zum VP Group Marketing &#038; Communication von Constantia Flexibles, dem weltweit&#8230;<\/p>\n","protected":false},"author":2,"featured_media":25413,"comment_status":"closed","ping_status":"closed","sticky":false,"template":"","format":"standard","meta":{"footnotes":""},"categories":[24,16],"tags":[],"series":[],"class_list":["post-25412","post","type-post","status-publish","format-standard","has-post-thumbnail","hentry","category-plas-tv-meldungen-auf-der-startseite-unterhalb-slider","category-plast-tv-textmeldungen"],"_links":{"self":[{"href":"https:\/\/plas.tv\/index.php?rest_route=\/wp\/v2\/posts\/25412","targetHints":{"allow":["GET"]}}],"collection":[{"href":"https:\/\/plas.tv\/index.php?rest_route=\/wp\/v2\/posts"}],"about":[{"href":"https:\/\/plas.tv\/index.php?rest_route=\/wp\/v2\/types\/post"}],"author":[{"embeddable":true,"href":"https:\/\/plas.tv\/index.php?rest_route=\/wp\/v2\/users\/2"}],"replies":[{"embeddable":true,"href":"https:\/\/plas.tv\/index.php?rest_route=%2Fwp%2Fv2%2Fcomments&post=25412"}],"version-history":[{"count":1,"href":"https:\/\/plas.tv\/index.php?rest_route=\/wp\/v2\/posts\/25412\/revisions"}],"predecessor-version":[{"id":25414,"href":"https:\/\/plas.tv\/index.php?rest_route=\/wp\/v2\/posts\/25412\/revisions\/25414"}],"wp:featuredmedia":[{"embeddable":true,"href":"https:\/\/plas.tv\/index.php?rest_route=\/wp\/v2\/media\/25413"}],"wp:attachment":[{"href":"https:\/\/plas.tv\/index.php?rest_route=%2Fwp%2Fv2%2Fmedia&parent=25412"}],"wp:term":[{"taxonomy":"category","embeddable":true,"href":"https:\/\/plas.tv\/index.php?rest_route=%2Fwp%2Fv2%2Fcategories&post=25412"},{"taxonomy":"post_tag","embeddable":true,"href":"https:\/\/plas.tv\/index.php?rest_route=%2Fwp%2Fv2%2Ftags&post=25412"},{"taxonomy":"series","embeddable":true,"href":"https:\/\/plas.tv\/index.php?rest_route=%2Fwp%2Fv2%2Fseries&post=25412"}],"curies":[{"name":"wp","href":"https:\/\/api.w.org\/{rel}","templated":true}]}}