{"id":25415,"date":"2021-04-07T13:43:32","date_gmt":"2021-04-07T11:43:32","guid":{"rendered":"https:\/\/php8.plastv.de\/?p=25415"},"modified":"2021-04-06T13:55:07","modified_gmt":"2021-04-06T11:55:07","slug":"krones-als-klimabewusstes-unternehmen-ausgezeichnet","status":"publish","type":"post","link":"https:\/\/plas.tv\/?p=25415","title":{"rendered":"Krones als klimabewusstes Unternehmen ausgezeichnet"},"content":{"rendered":"<ul>\n<li><strong>Krones unter den Top 50 der klimabewussten Unternehmen in Deutschland.<\/strong><\/li>\n<li><strong>Nachhaltigkeit ist Teil der gesamten Krones Wertsch\u00f6pfungskette.<\/strong><\/li>\n<\/ul>\n<p>In einer unabh\u00e4ngigen Erhebung hat Statista, einer der f\u00fchrenden Anbieter f\u00fcr Markt- und Konsumentendaten, gemeinsam mit dem Wirtschaftsmagazin Capital das Verh\u00e4ltnis von Umsatzwachstum und Reduzierung von CO<sub>2<\/sub>-Emissionen bei deutschen Unternehmen betrachtet. Herausgearbeitet wurden so die Top 100 der klimabewussten Unternehmen Deutschlands. Die Krones AG erreichte im Ranking dabei Platz 48. Ein weiterer Erfolg in der Nachhaltigkeitsstrategie des Konzerns. Bereits 2020 wurde Krones f\u00fcr seine Nachhaltigkeitsaktivit\u00e4ten von der renommierten Plattform EcoVadis mit einer Goldmedaille ausgezeichnet.<\/p>\n<p>\u201eNachhaltigkeit, Reduktion von Emissionen und schonender Umgang mit nat\u00fcrlichen Ressourcen sind in den vergangenen Jahren stark in den Fokus der Gesellschaft ger\u00fcckt. F\u00fcr uns beschr\u00e4nken sich diese Themen jedoch nicht nur auf die eigene Produktion \u2013 vielmehr ist Nachhaltigkeit eine Aufgabe, die entlang der gesamten Wertsch\u00f6pfungskette l\u00e4uft: Beginnend bei unseren Lieferanten \u00fcber unsere eigene Produktion bis hin zu den Kunden\u201c, erkl\u00e4rt Welf Kramer, Head of Corporate Governance. \u201eDie Auszeichnung als eines der nachhaltigsten Unternehmen in Deutschland freut uns und zeigt, dass wir auf dem richtigen Weg sind.\u201c<\/p>\n<p><strong>Ambitionierte Klimaziele<\/strong><\/p>\n<p>Dass Krones seine Verantwortung ernst nimmt, zeigen die Klimaschutzziele. die sich das Unternehmen selbst auferlegt. Seit 2010 konnten die energiebezogenen CO<sub>2<\/sub>-Emissionen um 30 bis 40 Prozent pro Million Euro Umsatz gesenkt werden.<\/p>\n<p>Jetzt hat das Unternehmen seine Anspr\u00fcche an die eigene Nachhaltigkeitsleistung noch einmal deutlich nach oben geschraubt. Bis 2030 sollen alle Treibhausgas-Emissionen, die an eigenen Standorten verursacht werden (Scope 1 und 2), beispielsweise durch den Betrieb von Produktionsanlagen und Fahrzeugen, um 80 % reduziert werden. Die Emissionen, die in der vor- und nachgelagerten Wertsch\u00f6pfungskette entstehen (Scope 3), sollen um 25 % gesenkt werden. Zus\u00e4tzlich wurde auch der Geltungsbereich der Ma\u00dfnahmen erweitert: Wurden bisher nur die Emissionen der deutschen Krones AG betrachtet, werden k\u00fcnftig alle produzierenden Standorte weltweit einbezogen.<\/p>\n<p>Und auch die Produktion der Kunden wird von Krones ber\u00fccksichtigt. Mit L\u00f6sungen, die den nachhaltigen Einsatz von Ressourcen so einfach und gleichzeitig so profitabel wie m\u00f6glich machen, unterst\u00fctzt Krones seine Kunden, ihre jeweiligen Ziele zum Schutz von Umwelt und Klima zu erreichen.<\/p>\n<p>&nbsp;<\/p>\n","protected":false},"excerpt":{"rendered":"<p>In einer unabh\u00e4ngigen Erhebung hat Statista, einer der f\u00fchrenden Anbieter f\u00fcr Markt- und Konsumentendaten, gemeinsam mit dem&#8230;<\/p>\n","protected":false},"author":2,"featured_media":25416,"comment_status":"closed","ping_status":"closed","sticky":false,"template":"","format":"standard","meta":{"footnotes":""},"categories":[24,16],"tags":[],"series":[],"class_list":["post-25415","post","type-post","status-publish","format-standard","has-post-thumbnail","hentry","category-plas-tv-meldungen-auf-der-startseite-unterhalb-slider","category-plast-tv-textmeldungen"],"_links":{"self":[{"href":"https:\/\/plas.tv\/index.php?rest_route=\/wp\/v2\/posts\/25415","targetHints":{"allow":["GET"]}}],"collection":[{"href":"https:\/\/plas.tv\/index.php?rest_route=\/wp\/v2\/posts"}],"about":[{"href":"https:\/\/plas.tv\/index.php?rest_route=\/wp\/v2\/types\/post"}],"author":[{"embeddable":true,"href":"https:\/\/plas.tv\/index.php?rest_route=\/wp\/v2\/users\/2"}],"replies":[{"embeddable":true,"href":"https:\/\/plas.tv\/index.php?rest_route=%2Fwp%2Fv2%2Fcomments&post=25415"}],"version-history":[{"count":1,"href":"https:\/\/plas.tv\/index.php?rest_route=\/wp\/v2\/posts\/25415\/revisions"}],"predecessor-version":[{"id":25417,"href":"https:\/\/plas.tv\/index.php?rest_route=\/wp\/v2\/posts\/25415\/revisions\/25417"}],"wp:featuredmedia":[{"embeddable":true,"href":"https:\/\/plas.tv\/index.php?rest_route=\/wp\/v2\/media\/25416"}],"wp:attachment":[{"href":"https:\/\/plas.tv\/index.php?rest_route=%2Fwp%2Fv2%2Fmedia&parent=25415"}],"wp:term":[{"taxonomy":"category","embeddable":true,"href":"https:\/\/plas.tv\/index.php?rest_route=%2Fwp%2Fv2%2Fcategories&post=25415"},{"taxonomy":"post_tag","embeddable":true,"href":"https:\/\/plas.tv\/index.php?rest_route=%2Fwp%2Fv2%2Ftags&post=25415"},{"taxonomy":"series","embeddable":true,"href":"https:\/\/plas.tv\/index.php?rest_route=%2Fwp%2Fv2%2Fseries&post=25415"}],"curies":[{"name":"wp","href":"https:\/\/api.w.org\/{rel}","templated":true}]}}