{"id":25418,"date":"2021-04-06T14:29:32","date_gmt":"2021-04-06T12:29:32","guid":{"rendered":"https:\/\/php8.plastv.de\/?p=25418"},"modified":"2021-04-06T14:29:32","modified_gmt":"2021-04-06T12:29:32","slug":"ice-europe-cce-international-und-inprint-munich-verschoben","status":"publish","type":"post","link":"https:\/\/plas.tv\/?p=25418","title":{"rendered":"ICE Europe, CCE International und InPrint Munich verschoben"},"content":{"rendered":"<p><strong>Ein neues Datum f\u00fcr das Messekollektiv f\u00fcr Converting, Papier und Druck wird in K\u00fcrze bekannt gegeben<\/strong><\/p>\n<p>Mack-Brooks Exhibitions hat heute die Verschiebung der ICE Europe, CCE International und InPrint Munich bekannt gegeben, die vom 22. \u2013 24. Juni 2021 auf dem Messegel\u00e4nde M\u00fcnchen stattfinden sollten. Das Messekollektiv f\u00fcr Converting, Papier und Druck wurde im Hinblick auf die derzeitige Covid-19-Pandemie verschoben.<\/p>\n<p>\u201eDer aktuelle Pandemieverlauf und die derzeitigen Beschr\u00e4nkungen in Deutschland bieten keine ausreichende Planungssicherheit f\u00fcr die Beteiligten. Trotz eines erweiterten Gesundheits- und Sicherheitskonzepts und der Bereitschaft der Aussteller, die Messen im Juni stattfinden zu lassen, sind wir der Ansicht, dass es gegenw\u00e4rtig die beste Entscheidung ist, die Veranstaltungen zu verschieben\u201c, erkl\u00e4rte Patrick Herman, Messedirektor f\u00fcr Converting, Papier und Druck, im Namen des Veranstalters Mack-Brooks Exhibitions.<\/p>\n<p>\u201eDie Situation unterstreicht die Wichtigkeit unserer Events f\u00fcr die Branche, allerdings wurden bisher keine Rahmenbedingen zur Umsetzung von Fachmessen definiert und uns sind die H\u00e4nde gebunden. Da sich die Umst\u00e4nde wahrscheinlich nicht in absehbarer Zeit \u00e4ndern werden, m\u00fcssen wir realistisch bleiben und die wirtschaftlichen Risiken f\u00fcr alle Beteiligten minimieren. Mit der Austragung zu einem sp\u00e4teren Zeitpunkt hoffen wir sicherzustellen, dass die Messen ihrer kritischen Rolle als zentraler Treffpunkt f\u00fcr die Converting-, Papier- und Druck-Branche wieder nachkommen k\u00f6nnen. Die genauen Messetermine werden in K\u00fcrze bekannt gegeben\u201c, sagt Patrick Herman abschlie\u00dfend.<\/p>\n<p>In den kommenden Wochen wird das ICE Europe-, CCE International- und InPrint Munich-Team intensiv mit Kunden und Partnern kommunizieren. Wir danken allen Ausstellern, Partnern, Lieferanten und Besuchern f\u00fcr ihre Unterst\u00fctzung in diesen herausfordernden Zeiten.<\/p>\n<p><strong>\u00dcber die ICE Europe<\/strong><br \/>\nICE Europe, die Internationale Ausstellung f\u00fcr Papier-, Film- und Folienverarbeitung, ist die weltweit f\u00fchrende Fachmesse f\u00fcr die Verarbeitung und Veredelung flexibler Bahnmaterialien wie Papier, Film, Folie und Vliesstoffe. Die Veranstaltung lockt Experten aus einer Vielzahl von Branchen, wie Verpackungen, Druckindustrie, Kunststoffe, Textilien und Vliesstoffe, Papier, Ingenieurswesen, Chemie, Medizin und Pharma, Lebensmittel, Automobil, Luftfahrt und Elektronik.<\/p>\n<p><strong>\u00dcber die CCE International<br \/>\n<\/strong>CCE International ist Europas wichtigstes Branchenevent f\u00fcr die Wellpappen- und Faltschachtelindustrie und deckt die gesamte Lieferkette bei der Herstellung und Verarbeitung von Wellpappen- und Kartonmaterial ab. Die Messe richtet sich an Technologieeink\u00e4ufer und -anwender aus der Wellpappen- und Faltschachtelindustrie sowie deren Zielm\u00e4rkte, wie Kartonagenhersteller, H\u00fclsenkarton- und H\u00fclsenrohr-Produzenten, Verpackungsdesigner, Produktions- und Werksleiter, technische Ingenieure sowie Unternehmensleiter.<\/p>\n<p><strong>\u00dcber die InPrint Munich<\/strong><br \/>\nInPrint Munich ist Europas Leitveranstaltung der erfolgreichen InPrint-Eventreihe f\u00fcr die wachsende Community aus Druckspezialisten und Industrieherstellern, die neue Wege und neues Gesch\u00e4ftspotential f\u00fcr Druckanwendungen in der industriellen Produktion erschlie\u00dfen m\u00f6chten. Die Messe lockt ein hochrangiges Fachpublikum aus der Druckindustrie sowie aus einer gro\u00dfen Bandbreite von Industriesektoren, wie Aeronautik, Luft- und Raumfahrt, Verpackungs- und Formk\u00f6rperdruck, Architektur und Design, Automotiv-Sektor, Konsumg\u00fcterherstellung, Medizinische Ger\u00e4te und viele mehr.<\/p>\n","protected":false},"excerpt":{"rendered":"<p>Mack-Brooks Exhibitions hat heute die Verschiebung der ICE Europe, CCE International und InPrint Munich bekannt gegeben, die vom&#8230;<\/p>\n","protected":false},"author":2,"featured_media":25419,"comment_status":"closed","ping_status":"closed","sticky":false,"template":"","format":"standard","meta":{"footnotes":""},"categories":[24,16],"tags":[],"series":[],"class_list":["post-25418","post","type-post","status-publish","format-standard","has-post-thumbnail","hentry","category-plas-tv-meldungen-auf-der-startseite-unterhalb-slider","category-plast-tv-textmeldungen"],"_links":{"self":[{"href":"https:\/\/plas.tv\/index.php?rest_route=\/wp\/v2\/posts\/25418","targetHints":{"allow":["GET"]}}],"collection":[{"href":"https:\/\/plas.tv\/index.php?rest_route=\/wp\/v2\/posts"}],"about":[{"href":"https:\/\/plas.tv\/index.php?rest_route=\/wp\/v2\/types\/post"}],"author":[{"embeddable":true,"href":"https:\/\/plas.tv\/index.php?rest_route=\/wp\/v2\/users\/2"}],"replies":[{"embeddable":true,"href":"https:\/\/plas.tv\/index.php?rest_route=%2Fwp%2Fv2%2Fcomments&post=25418"}],"version-history":[{"count":1,"href":"https:\/\/plas.tv\/index.php?rest_route=\/wp\/v2\/posts\/25418\/revisions"}],"predecessor-version":[{"id":25420,"href":"https:\/\/plas.tv\/index.php?rest_route=\/wp\/v2\/posts\/25418\/revisions\/25420"}],"wp:featuredmedia":[{"embeddable":true,"href":"https:\/\/plas.tv\/index.php?rest_route=\/wp\/v2\/media\/25419"}],"wp:attachment":[{"href":"https:\/\/plas.tv\/index.php?rest_route=%2Fwp%2Fv2%2Fmedia&parent=25418"}],"wp:term":[{"taxonomy":"category","embeddable":true,"href":"https:\/\/plas.tv\/index.php?rest_route=%2Fwp%2Fv2%2Fcategories&post=25418"},{"taxonomy":"post_tag","embeddable":true,"href":"https:\/\/plas.tv\/index.php?rest_route=%2Fwp%2Fv2%2Ftags&post=25418"},{"taxonomy":"series","embeddable":true,"href":"https:\/\/plas.tv\/index.php?rest_route=%2Fwp%2Fv2%2Fseries&post=25418"}],"curies":[{"name":"wp","href":"https:\/\/api.w.org\/{rel}","templated":true}]}}