{"id":25433,"date":"2021-04-07T12:14:57","date_gmt":"2021-04-07T10:14:57","guid":{"rendered":"https:\/\/php8.plastv.de\/?p=25433"},"modified":"2021-04-07T12:14:57","modified_gmt":"2021-04-07T10:14:57","slug":"henkel-erwartet-starken-start-ins-geschaeftsjahr-2021","status":"publish","type":"post","link":"https:\/\/plas.tv\/?p=25433","title":{"rendered":"Henkel erwartet starken Start ins Gesch\u00e4ftsjahr 2021"},"content":{"rendered":"<p><strong>Henkel ver\u00f6ffentlicht vorl\u00e4ufiges organisches Umsatzwachstum f\u00fcr das erste Quartal 2021<\/strong><\/p>\n<p>Trotz eines weiterhin herausfordernden Marktumfelds infolge der COVID-19-Krise erwartet Henkel im ersten Quartal 2021 ein sehr starkes organisches Umsatzwachstum. Auf Basis vorl\u00e4ufiger Zahlen geht Henkel im ersten Quartal von einem <strong>organischen<\/strong> Umsatzwachstum (bereinigt um Wechselkurseffekte und Akquisitionen\/Divestments) von <strong>rund 7 Prozent<\/strong> aus, das deutlich \u00fcber der aktuellen Markterwartung von rund 3,5 Prozent liegt.<\/p>\n<p>\u201eTrotz der anhaltenden COVID-19-Pandemie erwarten wir, dass Henkel im ersten Quartal des aktuellen Gesch\u00e4ftsjahres eine sehr gute Entwicklung berichten wird, getragen vor allem durch den Unternehmensbereich Adhesive Technologies\u201c, sagte Henkel-CEO Carsten Knobel.<\/p>\n<p>Vor dem Hintergrund der Erholung der industriellen Nachfrage im ersten Quartal d\u00fcrfte der Unternehmensbereich <strong>Adhesive Technologies<\/strong> voraussichtlich eine organische Umsatzsteigerung von rund 12,5 Prozent erreichen.<\/p>\n<p>F\u00fcr den Unternehmensbereich <strong>Beauty Care<\/strong>, der im ersten Quartal vor allem durch pandemiebedingte Markteffekte beeintr\u00e4chtigt war, geht Henkel von einem insgesamt positiven organischen Umsatzwachstum von rund 1,0 Prozent aus.<\/p>\n<p>Obwohl sich die Entwicklung in f\u00fcr <strong>Laundry &amp; Home Care<\/strong> wesentlichen reifen M\u00e4rkten zu verlangsamen beginnt, wird auf Basis vorl\u00e4ufiger Zahlen f\u00fcr diesen Unternehmensbereich ein starkes organisches Umsatzwachstum von voraussichtlich rund 3,5 Prozent im ersten Quartal erwartet.<\/p>\n<p>Weitere Kennzahlen und Erl\u00e4uterungen zur Umsatzentwicklung im ersten Quartal 2021 wird Henkel im Rahmen der Berichterstattung am 6. Mai 2021 bekanntgeben.<\/p>\n","protected":false},"excerpt":{"rendered":"<p>Trotz eines weiterhin herausfordernden Marktumfelds infolge der COVID-19-Krise erwartet Henkel im ersten Quartal 2021 ein sehr&#8230;<\/p>\n","protected":false},"author":2,"featured_media":17207,"comment_status":"closed","ping_status":"closed","sticky":false,"template":"","format":"standard","meta":{"footnotes":""},"categories":[24,16],"tags":[],"series":[],"class_list":["post-25433","post","type-post","status-publish","format-standard","has-post-thumbnail","hentry","category-plas-tv-meldungen-auf-der-startseite-unterhalb-slider","category-plast-tv-textmeldungen"],"_links":{"self":[{"href":"https:\/\/plas.tv\/index.php?rest_route=\/wp\/v2\/posts\/25433","targetHints":{"allow":["GET"]}}],"collection":[{"href":"https:\/\/plas.tv\/index.php?rest_route=\/wp\/v2\/posts"}],"about":[{"href":"https:\/\/plas.tv\/index.php?rest_route=\/wp\/v2\/types\/post"}],"author":[{"embeddable":true,"href":"https:\/\/plas.tv\/index.php?rest_route=\/wp\/v2\/users\/2"}],"replies":[{"embeddable":true,"href":"https:\/\/plas.tv\/index.php?rest_route=%2Fwp%2Fv2%2Fcomments&post=25433"}],"version-history":[{"count":1,"href":"https:\/\/plas.tv\/index.php?rest_route=\/wp\/v2\/posts\/25433\/revisions"}],"predecessor-version":[{"id":25434,"href":"https:\/\/plas.tv\/index.php?rest_route=\/wp\/v2\/posts\/25433\/revisions\/25434"}],"wp:featuredmedia":[{"embeddable":true,"href":"https:\/\/plas.tv\/index.php?rest_route=\/wp\/v2\/media\/17207"}],"wp:attachment":[{"href":"https:\/\/plas.tv\/index.php?rest_route=%2Fwp%2Fv2%2Fmedia&parent=25433"}],"wp:term":[{"taxonomy":"category","embeddable":true,"href":"https:\/\/plas.tv\/index.php?rest_route=%2Fwp%2Fv2%2Fcategories&post=25433"},{"taxonomy":"post_tag","embeddable":true,"href":"https:\/\/plas.tv\/index.php?rest_route=%2Fwp%2Fv2%2Ftags&post=25433"},{"taxonomy":"series","embeddable":true,"href":"https:\/\/plas.tv\/index.php?rest_route=%2Fwp%2Fv2%2Fseries&post=25433"}],"curies":[{"name":"wp","href":"https:\/\/api.w.org\/{rel}","templated":true}]}}