{"id":25452,"date":"2021-04-09T08:07:04","date_gmt":"2021-04-09T06:07:04","guid":{"rendered":"https:\/\/php8.plastv.de\/?p=25452"},"modified":"2021-04-07T13:08:48","modified_gmt":"2021-04-07T11:08:48","slug":"biesterfeld-plastic-suisse-ag-nun-100-iges-tochterunternehmen-der-biesterfeld-gruppe","status":"publish","type":"post","link":"https:\/\/plas.tv\/?p=25452","title":{"rendered":"Biesterfeld Plastic Suisse AG nun 100%-iges Tochterunternehmen der Biesterfeld Gruppe"},"content":{"rendered":"<div class=\"col-md-8 col-sm-12 nsingle\">\n<div class=\"news-text-wrap\">\n<p>Biesterfeld Plastic \u00fcbernimmt die ausstehenden Anteile des Joint Ventures Biesterfeld Plastic Suisse AG r\u00fcckwirkend per Januar 2021. Zuvor hatten dem Gesch\u00e4ftsbereich der Biesterfeld Gruppe seit Gr\u00fcndung der Schweizer Tochtergesellschaft im Jahr 2003 60% der Unternehmensanteile geh\u00f6rt. Mit der \u00dcbernahme der Anteile tr\u00e4gt Biesterfeld der positiven Entwicklung der Gesch\u00e4ftsaktivit\u00e4ten in der Schweiz sowie ihrer eigenen strategischen Marktpositionierung Rechnung.<\/p>\n<p>\u201eDie Schweiz ist f\u00fcr uns ein wichtiger Markt. Unser Tochterunternehmen vollzog in den vergangenen Jahren eine beeindruckende Entwicklung. Biesterfeld pr\u00e4gte hierbei stets allein die strategische und operative Ausrichtung der Gesellschaft. Aus diesen Gr\u00fcnden haben wir uns dazu entschlossen, die ausstehenden 40%-Anteile zu \u00fcbernehmen\u201c, sagt Carsten Harms, Sprecher der Gesch\u00e4ftsf\u00fchrung Biesterfeld Plastic und Vorstandsmitglied der Biesterfeld AG. \u201eDie Anteils\u00fcbernahme ist auch ein Kompliment an unser tolles Schweizer Team f\u00fcr die hervorragende Positionierung unserer Gesellschaft.\u201c<\/p>\n<p>Biesterfeld Plastic Suisse ist es in den vergangenen Monaten auch gelungen, ihr Portfolio f\u00fcr Spezialit\u00e4ten weiter auszubauen. Beispielsweise vertritt das Unternehmen den internationalen Produzenten Solvay zus\u00e4tzlich zu \u00a0Ryton<sup>\u00ae<\/sup>, Radel<sup>\u00ae<\/sup>, Udel<sup>\u00ae <\/sup>und Veradel<sup>\u00ae<\/sup>, nun auch f\u00fcr Halar<sup>\u00ae<\/sup> und Hyflon<sup>\u00ae<\/sup> PFA. Hochleistungspolymere, Compounds und Additive von Lehmann &amp; Voss, Ethylen-Copolymere von Westlake Chemical<sup>\u00ae<\/sup> und Omikron<sup>\u00ae<\/sup>-Polypropylen-Compounds erweitern zus\u00e4tzlich die Produktpalette des Schweizer Distributeurs seit 2020.<\/p>\n<p>\u201eMit den j\u00fcngsten Entwicklungen setzen wir den strategischen Fokus auf Spezialit\u00e4ten der Biesterfeld Plastic regional um\u201c, erl\u00e4utert Stefan Tschanz, Head of Sales und Mitglied des Verwaltungsrats der Biesterfeld Plastic Suisse AG. \u201eWir freuen uns schon, diesen Weg zuk\u00fcnftig weiterzugehen, unseren Kunden die neusten Innovationen zu vermitteln und mit ihnen sowie unseren Lieferanten spannende Entwicklungsprojekte voranzutreiben.\u201c<\/p>\n<\/div>\n<\/div>\n<div class=\"col-md-4 col-sm-12\"><\/div>\n","protected":false},"excerpt":{"rendered":"<p>Biesterfeld Plastic \u00fcbernimmt die ausstehenden Anteile des Joint Ventures Biesterfeld Plastic Suisse AG r\u00fcckwirkend per Januar 2021. Zuvor&#8230;<\/p>\n","protected":false},"author":2,"featured_media":7136,"comment_status":"closed","ping_status":"closed","sticky":false,"template":"","format":"standard","meta":{"footnotes":""},"categories":[24,16],"tags":[],"series":[],"class_list":["post-25452","post","type-post","status-publish","format-standard","has-post-thumbnail","hentry","category-plas-tv-meldungen-auf-der-startseite-unterhalb-slider","category-plast-tv-textmeldungen"],"_links":{"self":[{"href":"https:\/\/plas.tv\/index.php?rest_route=\/wp\/v2\/posts\/25452","targetHints":{"allow":["GET"]}}],"collection":[{"href":"https:\/\/plas.tv\/index.php?rest_route=\/wp\/v2\/posts"}],"about":[{"href":"https:\/\/plas.tv\/index.php?rest_route=\/wp\/v2\/types\/post"}],"author":[{"embeddable":true,"href":"https:\/\/plas.tv\/index.php?rest_route=\/wp\/v2\/users\/2"}],"replies":[{"embeddable":true,"href":"https:\/\/plas.tv\/index.php?rest_route=%2Fwp%2Fv2%2Fcomments&post=25452"}],"version-history":[{"count":1,"href":"https:\/\/plas.tv\/index.php?rest_route=\/wp\/v2\/posts\/25452\/revisions"}],"predecessor-version":[{"id":25453,"href":"https:\/\/plas.tv\/index.php?rest_route=\/wp\/v2\/posts\/25452\/revisions\/25453"}],"wp:featuredmedia":[{"embeddable":true,"href":"https:\/\/plas.tv\/index.php?rest_route=\/wp\/v2\/media\/7136"}],"wp:attachment":[{"href":"https:\/\/plas.tv\/index.php?rest_route=%2Fwp%2Fv2%2Fmedia&parent=25452"}],"wp:term":[{"taxonomy":"category","embeddable":true,"href":"https:\/\/plas.tv\/index.php?rest_route=%2Fwp%2Fv2%2Fcategories&post=25452"},{"taxonomy":"post_tag","embeddable":true,"href":"https:\/\/plas.tv\/index.php?rest_route=%2Fwp%2Fv2%2Ftags&post=25452"},{"taxonomy":"series","embeddable":true,"href":"https:\/\/plas.tv\/index.php?rest_route=%2Fwp%2Fv2%2Fseries&post=25452"}],"curies":[{"name":"wp","href":"https:\/\/api.w.org\/{rel}","templated":true}]}}