{"id":25459,"date":"2021-04-09T08:17:29","date_gmt":"2021-04-09T06:17:29","guid":{"rendered":"https:\/\/php8.plastv.de\/?p=25459"},"modified":"2021-04-07T13:21:17","modified_gmt":"2021-04-07T11:21:17","slug":"christian-winter-erweitert-die-geschaeftsfuehrung-der-hirsch-porozell-gmbh","status":"publish","type":"post","link":"https:\/\/plas.tv\/?p=25459","title":{"rendered":"Christian Winter erweitert die Gesch\u00e4ftsf\u00fchrung der HIRSCH Porozell GmbH"},"content":{"rendered":"<div class=\"flex_column av_one_full  flex_column_div first  avia-builder-el-4  el_before_av_one_half  avia-builder-el-first  \">\n<section id=\"Perimeter-Daemmplatte\" class=\"av_textblock_section \">\n<div class=\"avia_textblock  \">\n<div class=\"einleitung\"><strong>\u00a0<\/strong><\/div>\n<\/div>\n<\/section>\n<\/div>\n<div class=\"flex_column_table av-equal-height-column-flextable -flextable\">\n<div class=\"flex_column av_one_half  flex_column_table_cell av-equal-height-column av-align-top first  avia-builder-el-6  el_after_av_one_full  el_before_av_two_fifth  column-top-margin\">\n<section class=\"av_textblock_section \">\n<div class=\"avia_textblock  \">\n<div class=\"news\">\n<p><strong>Mit Wirkung zum 1. April wird Christian Winter in die Gesch\u00e4ftsf\u00fchrung der HIRSCH Porozell GmbH berufen.<\/strong><\/p>\n<p>Aufgrund seiner 25-j\u00e4hrigen Erfahrung und F\u00fchrungsverantwortung im Unternehmen hat Christian Winter die f\u00fcr diese Aufgabe notwendige Kompetenz, um die operative Verantwortung zu \u00fcbernehmen. Der jetzige Gesch\u00e4ftsf\u00fchrer der HIRSCH Porozell GmbH, Christian Grimm, wird nach 35 Jahren Gesch\u00e4ftsf\u00fchrert\u00e4tigkeit noch weiterhin f\u00fcr eine bestimmte Zeit in der Gesch\u00e4ftsf\u00fchrung verbleiben, um wesentliche und wichtige strategische Entscheidungen zu begleiten.<\/p>\n<p>Die Gesch\u00e4ftsf\u00fchrung ist sich sicher, durch diese personelle Ver\u00e4nderung eine weiterhin hohe Kontinuit\u00e4t und Stabilit\u00e4t zu garantieren und eine gute partnerschaftliche Zusammenarbeit in bew\u00e4hrter Form erfolgreich fortzusetzen.<\/p>\n<\/div>\n<\/div>\n<\/section>\n<\/div>\n<\/div>\n","protected":false},"excerpt":{"rendered":"<p>Aufgrund seiner 25-j\u00e4hrigen Erfahrung und F\u00fchrungsverantwortung im Unternehmen hat Christian Winter die f\u00fcr diese Aufgabe&#8230;<\/p>\n","protected":false},"author":2,"featured_media":25460,"comment_status":"closed","ping_status":"closed","sticky":false,"template":"","format":"standard","meta":{"footnotes":""},"categories":[24,16],"tags":[],"series":[],"class_list":["post-25459","post","type-post","status-publish","format-standard","has-post-thumbnail","hentry","category-plas-tv-meldungen-auf-der-startseite-unterhalb-slider","category-plast-tv-textmeldungen"],"_links":{"self":[{"href":"https:\/\/plas.tv\/index.php?rest_route=\/wp\/v2\/posts\/25459","targetHints":{"allow":["GET"]}}],"collection":[{"href":"https:\/\/plas.tv\/index.php?rest_route=\/wp\/v2\/posts"}],"about":[{"href":"https:\/\/plas.tv\/index.php?rest_route=\/wp\/v2\/types\/post"}],"author":[{"embeddable":true,"href":"https:\/\/plas.tv\/index.php?rest_route=\/wp\/v2\/users\/2"}],"replies":[{"embeddable":true,"href":"https:\/\/plas.tv\/index.php?rest_route=%2Fwp%2Fv2%2Fcomments&post=25459"}],"version-history":[{"count":1,"href":"https:\/\/plas.tv\/index.php?rest_route=\/wp\/v2\/posts\/25459\/revisions"}],"predecessor-version":[{"id":25461,"href":"https:\/\/plas.tv\/index.php?rest_route=\/wp\/v2\/posts\/25459\/revisions\/25461"}],"wp:featuredmedia":[{"embeddable":true,"href":"https:\/\/plas.tv\/index.php?rest_route=\/wp\/v2\/media\/25460"}],"wp:attachment":[{"href":"https:\/\/plas.tv\/index.php?rest_route=%2Fwp%2Fv2%2Fmedia&parent=25459"}],"wp:term":[{"taxonomy":"category","embeddable":true,"href":"https:\/\/plas.tv\/index.php?rest_route=%2Fwp%2Fv2%2Fcategories&post=25459"},{"taxonomy":"post_tag","embeddable":true,"href":"https:\/\/plas.tv\/index.php?rest_route=%2Fwp%2Fv2%2Ftags&post=25459"},{"taxonomy":"series","embeddable":true,"href":"https:\/\/plas.tv\/index.php?rest_route=%2Fwp%2Fv2%2Fseries&post=25459"}],"curies":[{"name":"wp","href":"https:\/\/api.w.org\/{rel}","templated":true}]}}