{"id":25498,"date":"2021-04-12T09:17:02","date_gmt":"2021-04-12T07:17:02","guid":{"rendered":"https:\/\/php8.plastv.de\/?p=25498"},"modified":"2021-04-09T14:26:40","modified_gmt":"2021-04-09T12:26:40","slug":"10-jahre-joyson-preh-10-jahre-win-win","status":"publish","type":"post","link":"https:\/\/plas.tv\/?p=25498","title":{"rendered":"10 Jahre Joyson &#038; Preh: 10 Jahre Win-win"},"content":{"rendered":"<p><strong>Mit \u201ePassion for Excellence\u201c die Zukunft des Automobils mitgestalten<\/strong><\/p>\n<p><strong>Bad Neustadt a.d. Saale. Am 8. April 2021 j\u00e4hrt sich die Akquisition der Preh GmbH durch die Joyson-Gruppe aus Ningbo\/China zum 10. Mal. Die Transaktionsvereinbarung hatten der vorherige Gesellschafter Deutsche Beteiligungs AG (DBAG) aus Frankfurt und Joyson-Gr\u00fcnder Jeff Wang vor zehn Jahren unterzeichnet. Nach Zustimmung der zust\u00e4ndigen Beh\u00f6rden war das vertragliche Closing Ende Juni 2011 erfolgt. In der Partnerschaft mit Joyson konnte Preh in der Folge einen au\u00dfergew\u00f6hnlich dynamischen Wachstumskurs mit zweistelligen j\u00e4hrlichen Zuwachsraten einschlagen. Auch wenn das Wachstum durch die allgemeine Abk\u00fchlung der Branchenkonjunktur und die Corona-Pandemie zuletzt an Dynamik eingeb\u00fc\u00dft hat, so verf\u00fcgt Preh aufgrund seiner starken Marktpositionierung in den Gesch\u00e4ftsfeldern f\u00fcr HMI (Human Machine Interfaces) und Elektromobilit\u00e4t \u00fcber beste Voraussetzungen, die Erfolgsstory mit Joyson auch in den kommenden Jahren fortzuschreiben. \u00a0<\/strong><\/p>\n<p>Am 8. April 2011 stand die Transaktion unter der Headline: \u201eJoyson und Preh schmieden stark wachsendes Technologieunternehmen im Automotive-Markt\u201c. Joyson-Gr\u00fcnder und Mehrheitsgesellschafter Jeff Wang hatte anl\u00e4sslich der \u00dcbernahme erkl\u00e4rt: \u201eWir haben Preh durch ein Joint-Venture kennen und sch\u00e4tzen gelernt und uns aufgrund der erstklassigen Kompetenzen von Preh schlie\u00dflich f\u00fcr eine Mehrheits\u00fcbernahme entschieden. Joyson und Preh erg\u00e4nzen sich durch ihre Wurzeln in unterschiedlichen Marktregionen ideal. Wir werden unseren gemeinsamen Kunden weltweit qualitativ hochwertige und zugleich kosteng\u00fcnstige Bediensysteme f\u00fcr das Fahrzeuginterieur bieten.\u201c<\/p>\n<p><strong>Beide Seiten haben Wort gehalten und eine klassische Win-win-Situation geschaffen<\/strong>: W\u00e4hrend Preh 2010 mit 2.471 Mitarbeitern noch einen Umsatz von 351 Mio. EUR erzielt hatte, besch\u00e4ftigt Preh heute rund 7.200 Mitarbeiter und konnte unter der \u00c4gide von Joyson seinen Umsatz auf rund 1,2 Mrd. EUR steigen. Zudem ist die Internationalisierung des Preh-Gesch\u00e4fts insbesondere mit der Erschlie\u00dfung des chinesischen Marktes konsequent vorangetrieben worden. Ebenso wichtig: Neben der Weiterentwicklung des Kerngesch\u00e4fts im Bereich der Fahrerbediensysteme\/HMI hat Preh in den vergangenen zehn Jahren massiv in das zukunftstr\u00e4chtige Gesch\u00e4ftsfeld der Elektromobilit\u00e4t investiert. Das dynamische Wachstum hat jedoch auch Kraft gekostet. Die zweistelligen j\u00e4hrlichen Wachstumsraten haben 2019\/2020 ein Kostensenkungsprogramm und eine neue organisatorische Aufstellung erforderlich gemacht. Es konnten bereits erhebliche positive Effekte durch das Kostensenkungsprogramm erzielt werden und dieses wird mit verschiedenen Ma\u00dfnahmen fortgesetzt. Trotz der Belastungen durch die Corona-Krise und des allgemein hohen Kostendrucks in der Automobilbranche blickt Preh optimistisch in die Zukunft.<\/p>\n<p>Mit innovativen Technologien wie z.B. aktivem haptischen Feedback, der Kombination haptischer Bedienelemente mit Touchscreens sowie Steuerger\u00e4ten, Boostern und On-Board-Chargern ist Preh sowohl auf neue Entwicklungen in der Cockpitgestaltung als auch im Bereich der Elektromobilit\u00e4t gut vorbereitet. Die aktuellen Herausforderungen in der Automobilindustrie geht Preh mit einem H\u00f6chstma\u00df an Kundenorientierung und Qualit\u00e4tsbewusstsein an und bringt dies mit dem Claim <strong>\u201ePassion for Excellence\u201c<\/strong> zum Ausdruck.<\/p>\n<p>Mit dem neuen CEO Zhengxin \u201eCharlie\u201c Cai steht bei Preh p\u00fcnktlich zum 10-j\u00e4hrigen Jubil\u00e4um ein erfahrener Automotive-Manager an der Spitze, der die chinesisch-deutsche Erfolgsstory als Mitglied der Preh-Gesch\u00e4ftsf\u00fchrung von Anfang an mitgeschrieben hat: \u201eIch selbst werde im Sommer 2021 ebenfalls seit zehn Jahren bei Preh an Bord sein und denke, dass meine Gesch\u00e4ftsf\u00fchrungskollegen und ich stolz auf das gemeinsam Erreichte zur\u00fcckblicken k\u00f6nnen. Als Teil der Joyson-Gruppe haben wir mit Preh eine klassische Win-win-Situation geschaffen und konnten das Unternehmen auch stabil durch die Corona-Krise steuern. Wir stehen weiterhin vor gro\u00dfen Herausforderungen, aber die grunds\u00e4tzliche Richtung stimmt. Wir machen Preh jetzt f\u00fcr die n\u00e4chsten 10 Jahre fit.\u201c<\/p>\n","protected":false},"excerpt":{"rendered":"<p>Am 8. April 2021 j\u00e4hrt sich die Akquisition der Preh GmbH durch die Joyson-Gruppe aus Ningbo\/China zum 10. Mal. Die Transaktionsvereinbarung&#8230;<\/p>\n","protected":false},"author":2,"featured_media":17620,"comment_status":"closed","ping_status":"closed","sticky":false,"template":"","format":"standard","meta":{"footnotes":""},"categories":[24,16],"tags":[],"series":[],"class_list":["post-25498","post","type-post","status-publish","format-standard","has-post-thumbnail","hentry","category-plas-tv-meldungen-auf-der-startseite-unterhalb-slider","category-plast-tv-textmeldungen"],"_links":{"self":[{"href":"https:\/\/plas.tv\/index.php?rest_route=\/wp\/v2\/posts\/25498","targetHints":{"allow":["GET"]}}],"collection":[{"href":"https:\/\/plas.tv\/index.php?rest_route=\/wp\/v2\/posts"}],"about":[{"href":"https:\/\/plas.tv\/index.php?rest_route=\/wp\/v2\/types\/post"}],"author":[{"embeddable":true,"href":"https:\/\/plas.tv\/index.php?rest_route=\/wp\/v2\/users\/2"}],"replies":[{"embeddable":true,"href":"https:\/\/plas.tv\/index.php?rest_route=%2Fwp%2Fv2%2Fcomments&post=25498"}],"version-history":[{"count":1,"href":"https:\/\/plas.tv\/index.php?rest_route=\/wp\/v2\/posts\/25498\/revisions"}],"predecessor-version":[{"id":25499,"href":"https:\/\/plas.tv\/index.php?rest_route=\/wp\/v2\/posts\/25498\/revisions\/25499"}],"wp:featuredmedia":[{"embeddable":true,"href":"https:\/\/plas.tv\/index.php?rest_route=\/wp\/v2\/media\/17620"}],"wp:attachment":[{"href":"https:\/\/plas.tv\/index.php?rest_route=%2Fwp%2Fv2%2Fmedia&parent=25498"}],"wp:term":[{"taxonomy":"category","embeddable":true,"href":"https:\/\/plas.tv\/index.php?rest_route=%2Fwp%2Fv2%2Fcategories&post=25498"},{"taxonomy":"post_tag","embeddable":true,"href":"https:\/\/plas.tv\/index.php?rest_route=%2Fwp%2Fv2%2Ftags&post=25498"},{"taxonomy":"series","embeddable":true,"href":"https:\/\/plas.tv\/index.php?rest_route=%2Fwp%2Fv2%2Fseries&post=25498"}],"curies":[{"name":"wp","href":"https:\/\/api.w.org\/{rel}","templated":true}]}}