{"id":25504,"date":"2021-04-12T08:29:37","date_gmt":"2021-04-12T06:29:37","guid":{"rendered":"https:\/\/php8.plastv.de\/?p=25504"},"modified":"2021-04-09T14:30:56","modified_gmt":"2021-04-09T12:30:56","slug":"der-countdown-laeuft","status":"publish","type":"post","link":"https:\/\/plas.tv\/?p=25504","title":{"rendered":"Der Countdown l\u00e4uft"},"content":{"rendered":"<p><strong>Der Hanser Verlag l\u00e4dt zum internationalen virtuellen Event mit Ausstellern und Vortragsprogramm rund um die Themen Nachhaltigkeit, Recycling, Eco-Design, Life-Cycle und mehr. Jetzt f\u00fcr den Besuch registrieren und kostenfrei teilnehmen!<\/strong><\/p>\n<p>Die Einsatzm\u00f6glichkeiten f\u00fcr Kunststoff werden immer vielf\u00e4ltiger. Gleichzeitig steigt die Produktion j\u00e4hrlich weiter an und damit w\u00e4chst global die Verantwortung von Wirtschaft und Industrie, den Einsatz nachhaltiger, ressourcenschonender und umweltfreundlicher zu machen. Die digitale <strong>D-EXPO Circular Economy &#8211; Digital Trade Fair for Plastics Sustainabilty<\/strong> des Carl Hanser Verlages bietet hierzu vom 13.-16. April 2021 eine internationale Branchenplattform mit Live-Interaktion, einem spannenden Rahmenprogramm und besetzten Messest\u00e4nden. Registrierung, Besuch der Ausstellung und des Rahmenprogramms sind kostenfrei.<\/p>\n<p>Namhafte Unternehmen wie Coperion GmbH, HexPOL TPE GmbH, INEOS Styrolution Group GmbH, Leistritz Extrustionstechnik GmbH, Matmatch GmbH und Starlinger &amp; Co. Ges.m.b.H. sowie Verb\u00e4nde und Fachmedien rund um die Themen Circular Economy und Nachhaltigkeit nutzen auf der D-EXPO Circular Economy die Gelegenheit, sich vom 13. -16. April 2021 zu pr\u00e4sentieren und sich mit den Besucherinnen und Besuchern auszutauschen.<\/p>\n<p>Das Rahmenprogramm er\u00f6ffnet als Keynote-Speaker Ingemar B\u00fchler, Hauptgesch\u00e4ftsf\u00fchrer von PlasticsEurope.\u00a0 Die Themen auf der Agenda reichen vom Kunststoffrecycling bis zum Eco-Design und zur Verpackung\u2013 alles in englischer Sprache. Auch die Standardisierung wird angesprochen im Vortrag des Verbandes GKV\/TecPart \u2013 au\u00dferdem steht ein Vortrag des Instituts f\u00fcr Kunststoff-verarbeitung (IKV Aachen) \u00fcber Perspektiven und M\u00f6glichkeiten des Kunststoffrecyclings auf dem Programm. Ebenfalls zugeschaltet werden (u.a.) Stefan Schmidt vom Kunststoff-Institut L\u00fcdenscheid, Prof. Achim Schmiemann von der Ostfalia Hochschule, Raphael Kiesel vonder RWTH Aachen, Dr. Karine Van Doorselaer von der University of Antwerp, Dr. Muhammad Rabnawaz von der Michigan State University sowie Dr. Michael Thielen, Herausgeber des bioplastics MAGAZINE. Die komplette Programm\u00fcbersicht ist auf der Webseite der Veranstaltung zu finden.Das Rahmenprogramm wird per Livestream \u00fcbertragen &#8211; nach jedem Beitrag k\u00f6nnen individuelle Fragen an die Experten gestellt werden. Die Vortragsdateien stehen im Anschluss als \u201eVideo on-demand\u201c zur Verf\u00fcgung.<\/p>\n<p>Die Online-Veranstaltung bietet die M\u00f6glichkeit zur direkten Kommunikation per Live-Chat zwischen Besuchern und Ausstellern. Die D-EXPO Circular Economy steht f\u00fcr ein gro\u00dfes Branchennetzwerk \u2013 und sie steht f\u00fcr gro\u00dfe Transparenz: Wer die Messe besucht, erkl\u00e4rt sich bei der Registrierung einverstanden, mindestens mit seinem Namen sichtbar zu sein. W\u00e4hrend des Events kann also \u201ejeder jeden sehen\u201c und auf Wunsch direkt per Chat ansprechen.<\/p>\n<p>Mehr Informationen, das Rahmenprogramm sowie kostenfreie Registrierung f\u00fcr Besucherinnen und Besucher unter: <a href=\"http:\/\/www.d-expo-circulareconomy.com\"><strong>www.d-expo-circulareconomy.com<\/strong><\/a><\/p>\n<p><strong>\u00a0<\/strong><\/p>\n","protected":false},"excerpt":{"rendered":"<p>Die Einsatzm\u00f6glichkeiten f\u00fcr Kunststoff werden immer vielf\u00e4ltiger. Gleichzeitig steigt die Produktion j\u00e4hrlich weiter an und damit w\u00e4chst global&#8230;<\/p>\n","protected":false},"author":2,"featured_media":22118,"comment_status":"closed","ping_status":"closed","sticky":false,"template":"","format":"standard","meta":{"footnotes":""},"categories":[24,16],"tags":[],"series":[],"class_list":["post-25504","post","type-post","status-publish","format-standard","has-post-thumbnail","hentry","category-plas-tv-meldungen-auf-der-startseite-unterhalb-slider","category-plast-tv-textmeldungen"],"_links":{"self":[{"href":"https:\/\/plas.tv\/index.php?rest_route=\/wp\/v2\/posts\/25504","targetHints":{"allow":["GET"]}}],"collection":[{"href":"https:\/\/plas.tv\/index.php?rest_route=\/wp\/v2\/posts"}],"about":[{"href":"https:\/\/plas.tv\/index.php?rest_route=\/wp\/v2\/types\/post"}],"author":[{"embeddable":true,"href":"https:\/\/plas.tv\/index.php?rest_route=\/wp\/v2\/users\/2"}],"replies":[{"embeddable":true,"href":"https:\/\/plas.tv\/index.php?rest_route=%2Fwp%2Fv2%2Fcomments&post=25504"}],"version-history":[{"count":1,"href":"https:\/\/plas.tv\/index.php?rest_route=\/wp\/v2\/posts\/25504\/revisions"}],"predecessor-version":[{"id":25505,"href":"https:\/\/plas.tv\/index.php?rest_route=\/wp\/v2\/posts\/25504\/revisions\/25505"}],"wp:featuredmedia":[{"embeddable":true,"href":"https:\/\/plas.tv\/index.php?rest_route=\/wp\/v2\/media\/22118"}],"wp:attachment":[{"href":"https:\/\/plas.tv\/index.php?rest_route=%2Fwp%2Fv2%2Fmedia&parent=25504"}],"wp:term":[{"taxonomy":"category","embeddable":true,"href":"https:\/\/plas.tv\/index.php?rest_route=%2Fwp%2Fv2%2Fcategories&post=25504"},{"taxonomy":"post_tag","embeddable":true,"href":"https:\/\/plas.tv\/index.php?rest_route=%2Fwp%2Fv2%2Ftags&post=25504"},{"taxonomy":"series","embeddable":true,"href":"https:\/\/plas.tv\/index.php?rest_route=%2Fwp%2Fv2%2Fseries&post=25504"}],"curies":[{"name":"wp","href":"https:\/\/api.w.org\/{rel}","templated":true}]}}