{"id":25522,"date":"2021-04-12T09:31:32","date_gmt":"2021-04-12T07:31:32","guid":{"rendered":"https:\/\/php8.plastv.de\/?p=25522"},"modified":"2021-04-09T15:32:57","modified_gmt":"2021-04-09T13:32:57","slug":"medienschau-innovation-kooperation-und-information-fuer-die-kreislaufwirtschaft-der-zukunft","status":"publish","type":"post","link":"https:\/\/plas.tv\/?p=25522","title":{"rendered":"Medienschau: Innovation, Kooperation und Information f\u00fcr die Kreislaufwirtschaft der Zukunft"},"content":{"rendered":"<div class=\"post-content\">\n<p>Das Doppel Nachhaltigkeit und Zukunftsf\u00e4higkeit spielen nicht nur f\u00fcr die Politik eine Rolle \u2013 beispielsweise beim Green Deal der EU oder dem Verpackungsgesetz in Deutschland.<span id=\"more-19098\"><\/span> Auch Unternehmen und Verb\u00e4nde der Industrie suchen und finden Antworten \u2013 etwa in zukunftsweisenden Recyclinganlagen oder Vorschl\u00e4gen zu Quotenregelungen f\u00fcr Rezyklate. Die aktuellen Technologieentwicklungen lassen auf weitere rasche Fortschritte aus der Industrie hin zu mehr Nachhaltigkeit und Effizienz schlie\u00dfen.<\/p>\n<h4 class=\"fusion-responsive-typography-calculated\" data-fontsize=\"18\" data-lineheight=\"21.9667px\">Vom Green Deal zum Sustainable Deal<\/h4>\n<p>Die EU hat der Kreislaufwirtschaft in ihrem <a href=\"https:\/\/prozesstechnik.industrie.de\/xing\/green-deal-kreislaufwirtschaft-wird-eu-ziel\/\" target=\"_blank\" rel=\"noopener noreferrer\">\u201eGreen Deal\u201c<\/a> eine zentrale Rolle zugewiesen: Bis 2050 will die EU klimaneutral sein. Als Resultat ergeben sich Novellierungen f\u00fcr das deutsche Verpackungsgesetz: Ab Juli diesen Jahres werden Wegwerfprodukte aus Plastik wie Einwegbesteck verboten und von 2023 an muss auch die Gastronomie Essen und Getr\u00e4nke zum Mitnehmen in Mehrwegbeh\u00e4ltnissen vorhalten. Zudem gibt es Neuerungen bei der Pfandpflicht, unter anderem werden Getr\u00e4nkedosen ausnahmslos pfandpflichtig.<\/p>\n<p>Diesen politischen Zielen stimmen auch Vertreter der Industrie zu: So will die chemisch-pharmazeutische Industrie zu den \u00fcbergeordneten Zielen des Green Deal beitragen und bekennt sich zum Ziel der Treibhausgasneutralit\u00e4t bis 2050. In <a href=\"https:\/\/www.vci.de\/themen\/europa\/green-deal\/green-deal.jsp\" target=\"_blank\" rel=\"noopener noreferrer\">seinem Statement<\/a> verweist der Verband der Chemischen Industrie e.V. allerdings darauf, dass es Innovationskraft und Wettbewerbsf\u00e4higkeit durch marktwirtschaftliche Impulse sowie gute Standortbedingungen braucht, um dieses Ziel zu erreichen \u2013 einen Sustainable Deal.<\/p>\n<p><img loading=\"lazy\" decoding=\"async\" class=\"alignleft wp-image-19066 lazyautosizes lazyloaded\" src=\"https:\/\/y9f2a7b2.rocketcdn.me\/wp-content\/uploads\/2021\/03\/plastic-bottles-115071_640-Bild-Hans-Braxmeier.jpg\" sizes=\"auto, 450px\" srcset=\"https:\/\/y9f2a7b2.rocketcdn.me\/wp-content\/uploads\/2021\/03\/plastic-bottles-115071_640-Bild-Hans-Braxmeier-200x150.jpg 200w, https:\/\/y9f2a7b2.rocketcdn.me\/wp-content\/uploads\/2021\/03\/plastic-bottles-115071_640-Bild-Hans-Braxmeier-400x300.jpg 400w, https:\/\/y9f2a7b2.rocketcdn.me\/wp-content\/uploads\/2021\/03\/plastic-bottles-115071_640-Bild-Hans-Braxmeier-600x450.jpg 600w, https:\/\/y9f2a7b2.rocketcdn.me\/wp-content\/uploads\/2021\/03\/plastic-bottles-115071_640-Bild-Hans-Braxmeier.jpg 640w\" alt=\"Plastik Flaschen Recycling (Bild Hans Braxmeier)\" width=\"450\" height=\"338\" data-orig-src=\"https:\/\/y9f2a7b2.rocketcdn.me\/wp-content\/uploads\/2021\/03\/plastic-bottles-115071_640-Bild-Hans-Braxmeier.jpg\" data-srcset=\"https:\/\/y9f2a7b2.rocketcdn.me\/wp-content\/uploads\/2021\/03\/plastic-bottles-115071_640-Bild-Hans-Braxmeier-200x150.jpg 200w, https:\/\/y9f2a7b2.rocketcdn.me\/wp-content\/uploads\/2021\/03\/plastic-bottles-115071_640-Bild-Hans-Braxmeier-400x300.jpg 400w, https:\/\/y9f2a7b2.rocketcdn.me\/wp-content\/uploads\/2021\/03\/plastic-bottles-115071_640-Bild-Hans-Braxmeier-600x450.jpg 600w, https:\/\/y9f2a7b2.rocketcdn.me\/wp-content\/uploads\/2021\/03\/plastic-bottles-115071_640-Bild-Hans-Braxmeier.jpg 640w\" data-sizes=\"auto\" data-orig-sizes=\"(max-width: 450px) 100vw, 450px\" \/><\/p>\n<p>Ebenfalls Gedanken zu einer nachhaltigen Zukunft hat der Verband Deutscher Maschinen- und Anlagenbau (VDMA,\u00a0Frankfurt am Main) skizziert: Er schl\u00e4gt vor, eine Quotenregelung f\u00fcr Rezyklate und \u00a0CO\u2082-Bepreisung f\u00fcr Kunststoffprodukte zu etablieren. <a href=\"https:\/\/www.recyclingmagazin.de\/2021\/03\/09\/vdma-wie-die-luecke-bei-kunststoffen-geschlossen-werden-kann\/\" target=\"_blank\" rel=\"noopener noreferrer\">Ziel w\u00e4re es,<\/a> Kunststoffe mehrfach einzusetzen, was zu einer Reduktion der CO\u2082-Bilanz beitr\u00fcge.<\/p>\n<p>Damit sorgt er f\u00fcr ein gemischtes Echo in der Branche. PlasticsEurope etwa wertet die Initiative als \u201eVorpreschen\u201c, die Industrievereinigung Kunststoffverpackungen (IK) spricht sich gegen eine verbindliche Quotenregelung aus. Und der Verband Technische Kunststoff-Produkte e.V. schl\u00e4gt vor, Rezyklate direkt zu f\u00f6rdern.<\/p>\n<p>Einigkeit herrscht dagegen dar\u00fcber, dass es in vielen Bereichen <a href=\"https:\/\/www.mdr.de\/nachrichten\/deutschland\/wirtschaft\/mangel-plastik-kunststoff-100.html\" target=\"_blank\" rel=\"noopener noreferrer\">ohne Kunststoff nicht geht<\/a> \u2013 beispielsweise bei bestimmten Lebensmitteln oder in der Labor- und Medizintechnik. So herrscht in manchen Wirtschaftsbereichen bereits ein Mangel an geeignetem Kunststoff. Denn: Recyceltes Material eignet sich nicht ohne Weiteres f\u00fcr alle Anwendungen. Dar\u00fcber hinaus gibt es eine gestiegene Nachfrage nach Kunststoff aus Asien und aus der hiesigen Automobilindustrie, Produktionsstopps durch Ausf\u00e4lle oder Wartung sorgen ebenfalls f\u00fcr Verknappungen.<\/p>\n<h4 class=\"fusion-responsive-typography-calculated\" data-fontsize=\"18\" data-lineheight=\"21.9667px\">Zusammenarbeit f\u00fcr mehr Nachhaltigkeit<\/h4>\n<p>Mehr denn je steht das Thema Ressourcenschonung auf der Agenda von Politik und Wirtschaft. Die Kunststoffindustrie selbst kennt die Relevanz der Kreislaufwirtschaft, geht es doch um die Zukunftsf\u00e4higkeit der Branche sowie deren Leistung im Bereich Klimaschutz: Mit Innovationen wie EcoDesign, chemischem Recycling\u00a0 und neuen Sortiertechniken leistet die Branche <a href=\"https:\/\/www.packreport.de\/news\/biooekonomie\/rohstoffsicherung-kreislaufwirtschaft\/Wie-staerkt-die-Industrie-das-Recycling-IK-Kunststoffe-holen-auf-23672\" target=\"_blank\" rel=\"noopener noreferrer\">ihren Beitrag<\/a>.<\/p>\n<p>Die Fachzeitschrift Plastverarbeiter beispielsweise begleitet die Themen mechanische und chemische Recyclingtechnologien auf ihren Seiten. Die Redaktion hat anl\u00e4sslich des Global Recycling Day am 18. M\u00e4rz die spannendsten Meldungen in <a href=\"https:\/\/www.plastverarbeiter.de\/110051\/global-recycling-day-kunststoffrecycling-macht-fortschritte\/\" target=\"_blank\" rel=\"noopener noreferrer\">einem Text zusammengefasst.<\/a><\/p>\n<p>Premiere feierte an diesem Tag auch der Film <a href=\"https:\/\/www.kunststoffe.de\/a\/article-316459?etcc_cmp=Newsletter+KU-News&amp;etcc_med=Newsletter\" target=\"_blank\" rel=\"noopener noreferrer\">\u201eTobi Krell erkl\u00e4rt: Die richtige M\u00fclltrennung\u201c<\/a>. Dieser Informationsfilm der Initiative \u201eM\u00fclltrennung wirkt\u201c entstand in Kooperation mit Tobias Krell, alias \u201eChecker Tobi\u201c, aus der gleichnamigen TV-Sendung. Dass derartiges Wissen zur Umweltbildung geh\u00f6rt, best\u00e4tigen laut einer <a href=\"https:\/\/www.blickpunktdeutschland.de\/news\/693373\/weltrecyclingtag-tobi-krell-erklaert-richtige-muelltrennung-aktuelle-yougov-umfrage-wissen-ueber-muelltrennung-und-recycling-gehoert-zur-umweltbildung-foto.html\" target=\"_blank\" rel=\"noopener noreferrer\">aktuellen YouGov-Umfrage<\/a> im Auftrag der dualen Systeme auch 89 Prozent der Deutschen. Zu Hintergr\u00fcnden rund um Kunststoff-Recycling und -Verwertung generell k\u00f6nnen sich Interessierte auch im Newsroom.Kunststoffverpackungen <a href=\"https:\/\/newsroom.kunststoffverpackungen.de\/sicher-verpackt-trennen-entsorgung-recycling\/\">informieren<\/a>.<\/p>\n<h4 class=\"fusion-responsive-typography-calculated\" data-fontsize=\"18\" data-lineheight=\"21.9667px\">Circular Economy f\u00fcr Verpackungen<\/h4>\n<p>Nachhaltigkeit funktioniert am besten, wenn alle beteiligten Akteure an einem Strang ziehen. Und so haben sich mit der <a href=\"https:\/\/www.circular-economy-initiative.de\/publikationen\" target=\"_blank\" rel=\"noopener noreferrer\">Arbeitsgruppe Verpackung<\/a> 20 Mitgliedsorganisationen aus Industrie, Wissenschaft und Zivilgesellschaft zusammengefunden, um ein gemeinsames Zielbild 2030 und Handlungsempfehlungen hin zu einer Circular Economy f\u00fcr Verpackungen zu erarbeiten.<\/p>\n<div id=\"attachment_17602\" class=\"wp-caption alignright\"><img loading=\"lazy\" decoding=\"async\" class=\"wp-image-17602 size-medium lazyautosizes lazyloaded\" src=\"https:\/\/y9f2a7b2.rocketcdn.me\/wp-content\/uploads\/2021\/02\/Alfred-Stern_020_2019cBorealis-450x300.jpg\" sizes=\"auto, 450px\" srcset=\"https:\/\/y9f2a7b2.rocketcdn.me\/wp-content\/uploads\/2021\/02\/Alfred-Stern_020_2019cBorealis-200x133.jpg 200w, https:\/\/y9f2a7b2.rocketcdn.me\/wp-content\/uploads\/2021\/02\/Alfred-Stern_020_2019cBorealis-400x267.jpg 400w, https:\/\/y9f2a7b2.rocketcdn.me\/wp-content\/uploads\/2021\/02\/Alfred-Stern_020_2019cBorealis-450x300.jpg 450w, https:\/\/y9f2a7b2.rocketcdn.me\/wp-content\/uploads\/2021\/02\/Alfred-Stern_020_2019cBorealis-600x400.jpg 600w, https:\/\/y9f2a7b2.rocketcdn.me\/wp-content\/uploads\/2021\/02\/Alfred-Stern_020_2019cBorealis-768x512.jpg 768w, https:\/\/y9f2a7b2.rocketcdn.me\/wp-content\/uploads\/2021\/02\/Alfred-Stern_020_2019cBorealis-800x534.jpg 800w, https:\/\/y9f2a7b2.rocketcdn.me\/wp-content\/uploads\/2021\/02\/Alfred-Stern_020_2019cBorealis-900x600.jpg 900w, https:\/\/y9f2a7b2.rocketcdn.me\/wp-content\/uploads\/2021\/02\/Alfred-Stern_020_2019cBorealis.jpg 1000w\" alt=\"Alfred Stern Borealis\" width=\"450\" height=\"300\" aria-describedby=\"caption-attachment-17602\" data-orig-src=\"https:\/\/y9f2a7b2.rocketcdn.me\/wp-content\/uploads\/2021\/02\/Alfred-Stern_020_2019cBorealis-450x300.jpg\" data-srcset=\"https:\/\/y9f2a7b2.rocketcdn.me\/wp-content\/uploads\/2021\/02\/Alfred-Stern_020_2019cBorealis-200x133.jpg 200w, https:\/\/y9f2a7b2.rocketcdn.me\/wp-content\/uploads\/2021\/02\/Alfred-Stern_020_2019cBorealis-400x267.jpg 400w, https:\/\/y9f2a7b2.rocketcdn.me\/wp-content\/uploads\/2021\/02\/Alfred-Stern_020_2019cBorealis-450x300.jpg 450w, https:\/\/y9f2a7b2.rocketcdn.me\/wp-content\/uploads\/2021\/02\/Alfred-Stern_020_2019cBorealis-600x400.jpg 600w, https:\/\/y9f2a7b2.rocketcdn.me\/wp-content\/uploads\/2021\/02\/Alfred-Stern_020_2019cBorealis-768x512.jpg 768w, https:\/\/y9f2a7b2.rocketcdn.me\/wp-content\/uploads\/2021\/02\/Alfred-Stern_020_2019cBorealis-800x534.jpg 800w, https:\/\/y9f2a7b2.rocketcdn.me\/wp-content\/uploads\/2021\/02\/Alfred-Stern_020_2019cBorealis-900x600.jpg 900w, https:\/\/y9f2a7b2.rocketcdn.me\/wp-content\/uploads\/2021\/02\/Alfred-Stern_020_2019cBorealis.jpg 1000w\" data-sizes=\"auto\" data-orig-sizes=\"(max-width: 450px) 100vw, 450px\" \/><\/p>\n<p id=\"caption-attachment-17602\" class=\"wp-caption-text\">Alfred Stern, Vorstand \u201cChemicals &amp; Materials\u201d bei OMV und Ex-CEO Borealis<\/p>\n<\/div>\n<p>Ziel ist es, \u00fcbergreifend zu arbeiten und Anreize sowie Nutzen der Kreislaufwirtschaft entlang der gesamten Wertsch\u00f6pfungskette zu erarbeiten. Welche Herausforderungen mit dem Werkstoff Kunststoff dabei verbunden sind, wie eine bessere Kreislaufwirtschaft gelingen kann und warum lokale L\u00f6sungsans\u00e4tze so wichtig sind, dar\u00fcber spricht Alfred Stern, bis zum 31. M\u00e4rz Vorstandsvorsitzender von Borealis und jetzt Vorstand beim \u00d6l- und Gaskonzern OMV AG, im <a href=\"https:\/\/newsroom.kunststoffverpackungen.de\/2021\/03\/15\/interview-alfred-stern-borealis\/\">Interview<\/a> mit dem Newsroom.Kunststoffverpackungen.<\/p>\n<p>Auch J\u00f6rg Deppmeyer vom Gr\u00fcnen Punkt informiert im <a href=\"https:\/\/packaging-journal.de\/nachhaltiges-verpackungsdesign-interview\/\" target=\"_blank\" rel=\"noopener noreferrer\">Videointerview<\/a> mit Packaging Journal dar\u00fcber, wie gut sich bestimmte Verpackungen recyceln lassen, welche Rolle Verpackungsdesign spielt und wie Hersteller von nachhaltigen Verpackungen profitieren k\u00f6nnen.<\/p>\n<h4 class=\"fusion-responsive-typography-calculated\" data-fontsize=\"18\" data-lineheight=\"21.9667px\">Innovationen f\u00fcr Recycling und Nachhaltigkeit<\/h4>\n<p>Dass die Industrie in die Zukunft blickt und kontinuierlich an der Entwicklung neuer Technologien und Verfahren arbeitet, das zeigen auch aktuelle Innovationen im Recycling. So ging beispielsweise im rheinland-pf\u00e4lzischen Lahnstein <a href=\"https:\/\/www.kunststoff-magazin.de\/zerkleinerung-recycling\/pilotanlage-fuer-kunststoff-rezyklat-gestartet.htm\" target=\"_blank\" rel=\"noopener noreferrer\">eine Pilotanlage<\/a> f\u00fcr mechanisches Recycling an den Start: Hier sollen hoch qualitative Werkstoffe entstehen und neue M\u00f6glichkeiten zur Weiterverarbeitung verf\u00fcgbar gemacht werden. Die Anlage ist ein gemeinsames Projekt von Borealis, Tomra und Zimmermann.<\/p>\n<p>Auch der Essener Chemiekonzern <a href=\"https:\/\/rp-online.de\/wirtschaft\/evonik-steigt-ins-recyclinggeschaeft-ein_aid-56965391?utm_source=twitter&amp;utm_medium=referral&amp;utm_campaign=share\" target=\"_blank\" rel=\"noopener noreferrer\">Evonik<\/a> engagiert sich f\u00fcr die Kreislaufwirtschaft: Das Unternehmen plant mit Additiven und Recyclingtechniken im Jahr 2030 rund 350 Millionen Euro zu erl\u00f6sen. Eine Innovation beim chemischen Recycling ist <a href=\"https:\/\/www.kunststoff-magazin.de\/zerkleinerung-recycling\/1-million-tonnen-jaehrlich-abfaelle-verarbeiten.htm\" target=\"_blank\" rel=\"noopener noreferrer\">Neste<\/a> in Finnland gelungen. Dort hat das Unternehmen mit 400\u2005Tonnen erstmals verfl\u00fcssigte Kunststoffabf\u00e4lle in gro\u00dfer Menge verarbeitet. Doch nicht nur durch Recycling leisten Kunststoffe ihren Beitrag zur Nachhaltigkeit. Tats\u00e4chlich tr\u00e4gt das Material schon in der Phase, in der es genutzt wird, zum <a href=\"https:\/\/newsroom.kunststoffverpackungen.de\/2021\/03\/16\/rezyklateinsatz-steigt-um-50-prozent\/\">Klimaschutz<\/a> bei. Mit Kunststoff werden empfindliche Produkte gesch\u00fctzt, zudem verursacht das Material im Vergleich mit anderen Stoffen weniger CO<sub>2<\/sub>-Emissionen.<\/p>\n<p><a href=\"https:\/\/y9f2a7b2.rocketcdn.me\/wp-content\/uploads\/2020\/12\/recyclingquoten-bei-Kunststoffverpackungen-erreicht.jpg\" data-caption=\"\"><img loading=\"lazy\" decoding=\"async\" class=\"alignleft wp-image-16478 lazyautosizes lazyloaded\" src=\"https:\/\/y9f2a7b2.rocketcdn.me\/wp-content\/uploads\/2020\/12\/recyclingquoten-bei-Kunststoffverpackungen-erreicht-357x300.jpg\" sizes=\"auto, 450px\" srcset=\"https:\/\/y9f2a7b2.rocketcdn.me\/wp-content\/uploads\/2020\/12\/recyclingquoten-bei-Kunststoffverpackungen-erreicht-200x168.jpg 200w, https:\/\/y9f2a7b2.rocketcdn.me\/wp-content\/uploads\/2020\/12\/recyclingquoten-bei-Kunststoffverpackungen-erreicht-357x300.jpg 357w, https:\/\/y9f2a7b2.rocketcdn.me\/wp-content\/uploads\/2020\/12\/recyclingquoten-bei-Kunststoffverpackungen-erreicht-400x336.jpg 400w, https:\/\/y9f2a7b2.rocketcdn.me\/wp-content\/uploads\/2020\/12\/recyclingquoten-bei-Kunststoffverpackungen-erreicht-600x504.jpg 600w, https:\/\/y9f2a7b2.rocketcdn.me\/wp-content\/uploads\/2020\/12\/recyclingquoten-bei-Kunststoffverpackungen-erreicht-714x600.jpg 714w, https:\/\/y9f2a7b2.rocketcdn.me\/wp-content\/uploads\/2020\/12\/recyclingquoten-bei-Kunststoffverpackungen-erreicht-768x645.jpg 768w, https:\/\/y9f2a7b2.rocketcdn.me\/wp-content\/uploads\/2020\/12\/recyclingquoten-bei-Kunststoffverpackungen-erreicht-800x672.jpg 800w, https:\/\/y9f2a7b2.rocketcdn.me\/wp-content\/uploads\/2020\/12\/recyclingquoten-bei-Kunststoffverpackungen-erreicht.jpg 1000w\" alt=\"Recyclingquoten Bei Kunststoffverpackungen Erreicht\" width=\"450\" height=\"378\" data-orig-src=\"https:\/\/y9f2a7b2.rocketcdn.me\/wp-content\/uploads\/2020\/12\/recyclingquoten-bei-Kunststoffverpackungen-erreicht-357x300.jpg\" data-srcset=\"https:\/\/y9f2a7b2.rocketcdn.me\/wp-content\/uploads\/2020\/12\/recyclingquoten-bei-Kunststoffverpackungen-erreicht-200x168.jpg 200w, https:\/\/y9f2a7b2.rocketcdn.me\/wp-content\/uploads\/2020\/12\/recyclingquoten-bei-Kunststoffverpackungen-erreicht-357x300.jpg 357w, https:\/\/y9f2a7b2.rocketcdn.me\/wp-content\/uploads\/2020\/12\/recyclingquoten-bei-Kunststoffverpackungen-erreicht-400x336.jpg 400w, https:\/\/y9f2a7b2.rocketcdn.me\/wp-content\/uploads\/2020\/12\/recyclingquoten-bei-Kunststoffverpackungen-erreicht-600x504.jpg 600w, https:\/\/y9f2a7b2.rocketcdn.me\/wp-content\/uploads\/2020\/12\/recyclingquoten-bei-Kunststoffverpackungen-erreicht-714x600.jpg 714w, https:\/\/y9f2a7b2.rocketcdn.me\/wp-content\/uploads\/2020\/12\/recyclingquoten-bei-Kunststoffverpackungen-erreicht-768x645.jpg 768w, https:\/\/y9f2a7b2.rocketcdn.me\/wp-content\/uploads\/2020\/12\/recyclingquoten-bei-Kunststoffverpackungen-erreicht-800x672.jpg 800w, https:\/\/y9f2a7b2.rocketcdn.me\/wp-content\/uploads\/2020\/12\/recyclingquoten-bei-Kunststoffverpackungen-erreicht.jpg 1000w\" data-sizes=\"auto\" data-orig-sizes=\"(max-width: 450px) 100vw, 450px\" \/><\/a><\/p>\n<p>Im Alltag spielen Verpackungen derzeit gerade bei Speisen zum Mitnehmen eine gro\u00dfe Rolle. Oft kommt dabei Einweggeschirr zum Einsatz \u2013 mit entsprechenden Folgen f\u00fcr die Umwelt \u2013 auch dann, wenn Teller, Besteck und Becher aus pflanzlichen Materialien bestehen. Das Unternehmen <a href=\"https:\/\/www.capital.de\/wirtschaft-politik\/grosses-problem-smarte-loesung-rebowl\" target=\"_blank\" rel=\"noopener noreferrer\">Rebowl<\/a> tritt dem mit einem Pfandsystem entgegen.<\/p>\n<p>Die <a href=\"https:\/\/www.prozesstechnik-portal.com\/schrumpffolie-aus-100-prozent-rezyklat-verarbeiten\/\" target=\"_blank\" rel=\"noopener noreferrer\">KHS Gruppe<\/a> aus Dortmund wiederum realisiert eine nachhaltige Alternative im Bereich der Sekund\u00e4rverpackungen: die M\u00f6glichkeit, mit KHS-Schrumpfpackern auch Folie aus 100 Prozent Recyclingmaterial zu verarbeiten. Und das Mainzer Unternehmen <a href=\"https:\/\/www.swr.de\/swraktuell\/rheinland-pfalz\/mainz\/werner-und-mertz-setzt-auf-nachhaltigkeit-100.html\" target=\"_blank\" rel=\"noopener noreferrer\">Werner &amp; Mertz<\/a> stellt Produktverpackungen insbesondere f\u00fcr den Drogeriebereich her, die sich bereits zu 50 Prozent aus Plastik aus dem Gelben Sack zusammensetzen.<\/p>\n<h4 class=\"fusion-responsive-typography-calculated\" data-fontsize=\"18\" data-lineheight=\"21.9667px\">Nachhaltig in die Zukunft<\/h4>\n<p>Viele Menschen versuchen heutzutage Plastik zu vermeiden. Nichtsdestotrotz erf\u00fcllt das Material f\u00fcr viele Produkte eine <a href=\"https:\/\/newsroom.kunststoffverpackungen.de\/sicher-verpackt-plastikverpackungen-schuetzen\/\">Schutzfunktion<\/a> und erweist sich mitunter als emissions\u00e4rmer als andere Materialien. Tats\u00e4chlich w\u00fcrde die Umweltbilanz des Konsums ohne Plastik sogar <a href=\"https:\/\/newsroom.kunststoffverpackungen.de\/sicher-verpackt-klimaschutz-schutz-der-meere\/\">deutlich schlechter ausfallen<\/a>.<\/p>\n<p>Diese beiden Meinungspole hat beispielsweise auch \u201eIhre Chemie\u201c in der Online-Diskussion <a href=\"https:\/\/www.plasticseurope.org\/de\/newsroom\/neuigkeiten\/plattform-ihre-chemie-greift-kontroverse-auf\" target=\"_blank\" rel=\"noopener noreferrer\">\u201ePlastik: In Zukunft ohne?\u201c<\/a> er\u00f6rtert.<\/p>\n<p>Zudem ist die Verschmutzung der Meere durch Plastik derzeit ein vielbesprochenes Thema. Im Webtalk <a href=\"https:\/\/www.plasticseurope.org\/de\/resources\/events\/2020\/weniger-ins-meer\" target=\"_blank\" rel=\"noopener noreferrer\">\u201eWeniger ins Meer\u201c<\/a> diskutierten Gesine Mei\u00dfner, Vorsitzende des\u00a0deutschen Komitees f\u00fcr die UN-Dekade der Ozeane,\u00a0Ingemar B\u00fchler, Hauptgesch\u00e4ftsf\u00fchrer von\u00a0PlasticsEurope Deutschland, und\u00a0Timothy Glaz, Leiter Corporate Affairs von\u00a0Werner &amp; Mertz, zum Zusammenwirken von Politik, Herstellern und Verbraucher:innen bei den Themen Plastik, Meer und Alltagspraxis.<\/p>\n<p><a href=\"https:\/\/y9f2a7b2.rocketcdn.me\/wp-content\/uploads\/2020\/06\/Marine-Litter-Weltkarte.png\" data-caption=\"\"><img loading=\"lazy\" decoding=\"async\" class=\"alignright wp-image-14002 lazyautosizes lazyloaded\" src=\"https:\/\/y9f2a7b2.rocketcdn.me\/wp-content\/uploads\/2020\/06\/Marine-Litter-Weltkarte-300x158.png\" sizes=\"auto, 450px\" srcset=\"https:\/\/y9f2a7b2.rocketcdn.me\/wp-content\/uploads\/2020\/06\/Marine-Litter-Weltkarte-200x105.png 200w, https:\/\/y9f2a7b2.rocketcdn.me\/wp-content\/uploads\/2020\/06\/Marine-Litter-Weltkarte-300x158.png 300w, https:\/\/y9f2a7b2.rocketcdn.me\/wp-content\/uploads\/2020\/06\/Marine-Litter-Weltkarte-400x210.png 400w, https:\/\/y9f2a7b2.rocketcdn.me\/wp-content\/uploads\/2020\/06\/Marine-Litter-Weltkarte-600x315.png 600w, https:\/\/y9f2a7b2.rocketcdn.me\/wp-content\/uploads\/2020\/06\/Marine-Litter-Weltkarte-768x403.png 768w, https:\/\/y9f2a7b2.rocketcdn.me\/wp-content\/uploads\/2020\/06\/Marine-Litter-Weltkarte-800x420.png 800w, https:\/\/y9f2a7b2.rocketcdn.me\/wp-content\/uploads\/2020\/06\/Marine-Litter-Weltkarte-1024x538.png 1024w, https:\/\/y9f2a7b2.rocketcdn.me\/wp-content\/uploads\/2020\/06\/Marine-Litter-Weltkarte-1200x630.png 1200w, https:\/\/y9f2a7b2.rocketcdn.me\/wp-content\/uploads\/2020\/06\/Marine-Litter-Weltkarte.png 1400w\" alt=\"Marine Litter Weltkarte - Verschmutzung der Meere durch Plastikm\u00fcll \u00fcber 80 Prozent Asien\" width=\"450\" height=\"236\" data-orig-src=\"https:\/\/y9f2a7b2.rocketcdn.me\/wp-content\/uploads\/2020\/06\/Marine-Litter-Weltkarte-300x158.png\" data-srcset=\"https:\/\/y9f2a7b2.rocketcdn.me\/wp-content\/uploads\/2020\/06\/Marine-Litter-Weltkarte-200x105.png 200w, https:\/\/y9f2a7b2.rocketcdn.me\/wp-content\/uploads\/2020\/06\/Marine-Litter-Weltkarte-300x158.png 300w, https:\/\/y9f2a7b2.rocketcdn.me\/wp-content\/uploads\/2020\/06\/Marine-Litter-Weltkarte-400x210.png 400w, https:\/\/y9f2a7b2.rocketcdn.me\/wp-content\/uploads\/2020\/06\/Marine-Litter-Weltkarte-600x315.png 600w, https:\/\/y9f2a7b2.rocketcdn.me\/wp-content\/uploads\/2020\/06\/Marine-Litter-Weltkarte-768x403.png 768w, https:\/\/y9f2a7b2.rocketcdn.me\/wp-content\/uploads\/2020\/06\/Marine-Litter-Weltkarte-800x420.png 800w, https:\/\/y9f2a7b2.rocketcdn.me\/wp-content\/uploads\/2020\/06\/Marine-Litter-Weltkarte-1024x538.png 1024w, https:\/\/y9f2a7b2.rocketcdn.me\/wp-content\/uploads\/2020\/06\/Marine-Litter-Weltkarte-1200x630.png 1200w, https:\/\/y9f2a7b2.rocketcdn.me\/wp-content\/uploads\/2020\/06\/Marine-Litter-Weltkarte.png 1400w\" data-sizes=\"auto\" data-orig-sizes=\"(max-width: 450px) 100vw, 450px\" \/><\/a><\/p>\n<p>Auch Hersteller flexibler Verpackungen machen sich f\u00fcr eine nachhaltige Entwicklung stark \u2013 und spielen eine Schl\u00fcsselrolle beim Thema Nachhaltigkeit. Im <a href=\"https:\/\/newsroom.kunststoffverpackungen.de\/2021\/03\/01\/im-dialog-mit-guido-aufdemkamp-flexiblen-verpackungen\/\">Interview<\/a> mit dem Newsroom.Kunststoffverpackungen spricht Guido Aufdemkamp, Executive Director von Flexible Packaging Europe (FPE) dar\u00fcber, wie sich flexible Verpackungen positiv auf die Reduktion der globalen Erw\u00e4rmung auswirken. Dass Plastik oft nachhaltiger als andere Materialien ist, zeigt zudem ein <a href=\"https:\/\/www.deutschlandfunknova.de\/beitrag\/kleidung-aus-kunststoff-polyethylen-hat-eine-viel-bessere-umweltbilanz-als-baumwolle\" target=\"_blank\" rel=\"noopener noreferrer\">Beitrag<\/a> des Deutschlandfunk Nova auf, der sich mit dem \u00f6kologischen Fu\u00dfabdruck von Textilien besch\u00e4ftigt.<\/p>\n<\/div>\n","protected":false},"excerpt":{"rendered":"<p>Das Doppel Nachhaltigkeit und Zukunftsf\u00e4higkeit spielen nicht nur f\u00fcr die Politik eine Rolle \u2013 beispielsweise beim Green Deal der EU oder dem&#8230;<\/p>\n","protected":false},"author":2,"featured_media":7017,"comment_status":"closed","ping_status":"closed","sticky":false,"template":"","format":"standard","meta":{"footnotes":""},"categories":[24,16],"tags":[],"series":[],"class_list":["post-25522","post","type-post","status-publish","format-standard","has-post-thumbnail","hentry","category-plas-tv-meldungen-auf-der-startseite-unterhalb-slider","category-plast-tv-textmeldungen"],"_links":{"self":[{"href":"https:\/\/plas.tv\/index.php?rest_route=\/wp\/v2\/posts\/25522","targetHints":{"allow":["GET"]}}],"collection":[{"href":"https:\/\/plas.tv\/index.php?rest_route=\/wp\/v2\/posts"}],"about":[{"href":"https:\/\/plas.tv\/index.php?rest_route=\/wp\/v2\/types\/post"}],"author":[{"embeddable":true,"href":"https:\/\/plas.tv\/index.php?rest_route=\/wp\/v2\/users\/2"}],"replies":[{"embeddable":true,"href":"https:\/\/plas.tv\/index.php?rest_route=%2Fwp%2Fv2%2Fcomments&post=25522"}],"version-history":[{"count":1,"href":"https:\/\/plas.tv\/index.php?rest_route=\/wp\/v2\/posts\/25522\/revisions"}],"predecessor-version":[{"id":25523,"href":"https:\/\/plas.tv\/index.php?rest_route=\/wp\/v2\/posts\/25522\/revisions\/25523"}],"wp:featuredmedia":[{"embeddable":true,"href":"https:\/\/plas.tv\/index.php?rest_route=\/wp\/v2\/media\/7017"}],"wp:attachment":[{"href":"https:\/\/plas.tv\/index.php?rest_route=%2Fwp%2Fv2%2Fmedia&parent=25522"}],"wp:term":[{"taxonomy":"category","embeddable":true,"href":"https:\/\/plas.tv\/index.php?rest_route=%2Fwp%2Fv2%2Fcategories&post=25522"},{"taxonomy":"post_tag","embeddable":true,"href":"https:\/\/plas.tv\/index.php?rest_route=%2Fwp%2Fv2%2Ftags&post=25522"},{"taxonomy":"series","embeddable":true,"href":"https:\/\/plas.tv\/index.php?rest_route=%2Fwp%2Fv2%2Fseries&post=25522"}],"curies":[{"name":"wp","href":"https:\/\/api.w.org\/{rel}","templated":true}]}}