{"id":25536,"date":"2021-04-13T08:10:23","date_gmt":"2021-04-13T06:10:23","guid":{"rendered":"https:\/\/php8.plastv.de\/?p=25536"},"modified":"2021-04-12T11:58:39","modified_gmt":"2021-04-12T09:58:39","slug":"elektro-mobilitaet-bietet-grosse-chancen-fuer-den-einsatz-voncomposites","status":"publish","type":"post","link":"https:\/\/plas.tv\/?p=25536","title":{"rendered":"Elektro-Mobilit\u00e4t bietet gro\u00dfe Chancen f\u00fcr den Einsatz vonComposites"},"content":{"rendered":"<p>Die anstehende Verkehrswende ist eines der zentralen wirtschaftlichen und industriellen Themen unserer Zeit. Umweltschutz und ein m\u00f6glichst nachhaltiger Umgang mit unserem Planeten und seinen endlichen Ressourcen sowie der Wunsch nach individueller Mobilit\u00e4t d\u00fcrfen sich zuk\u00fcnftig nicht mehr gegenseitig ausstechen.<\/p>\n<p>Es gilt L\u00f6sungen zu finden, die beide W\u00fcnsche gleichberechtigt ber\u00fccksichtigen. In den letzten Jahren steht bei der Betrachtung m\u00f6glicher Alternativer Antriebssysteme vor allem der Wechsel von klassischen Verbrennungsmotoren hin zur Elektro-Mobilit\u00e4t im Fokus. Auch wenn es zahlreiche weitere Optionen gibt, so ist diese das derzeit politisch und auch wirtschaftlich oftmals pr\u00e4ferierte Modell, auf das die Automobilindustrie mit allen vor- und nachgelagerten Industriezweigen reagieren muss.<\/p>\n<p>Auch f\u00fcr die Composites-Industrie ergeben sich neue Herausforderungen. Bislang ist der Transportbereich mit einem Anteil von 32 % das zweitwichtigste Anwendungssegment der Composites Industrie. Betrachtet werden hier alle Lang- sowie Endlosfaserverst\u00e4rkten Materialsysteme. \u00c4nderungen und neue Impulse in diesem so wichtigen Bereich haben, sowohl f\u00fcr die deutsche Industrie generell als auch f\u00fcr die Zulieferindustrie im Speziellen, einen fundamentalen Einfluss auf viele Akteure im Composites-Markt.<\/p>\n<p>Bereits vielfach wurde in den letzten Monaten ein Abgesang auf die Composites im Automobilbereich angestimmt, da Leichtbau seinen Einfluss bei der E-Mobilit\u00e4t vermeintlich verloren habe. Dies muss sich, wenn man die reine Physik betrachtet, schon grundlegend als falsch herausstellen und wurde mittlerweile ja auch vielfach entkr\u00e4ftet. Dar\u00fcber hinaus wird aber \u00fcbersehen, dass Composites \u00fcber ein enorm vielf\u00e4ltiges und breites Eigenschaftsniveau, auch \u00fcber den Leichtbau hinaus aufweisen. Die Leichtbaum\u00f6glichkeiten sind nur ein Baustein der f\u00fcr den Einsatz von Composites, vor allem auch in der Elektromobilit\u00e4t spricht.<\/p>\n<p>Wie genau Composites zuk\u00fcnftig eingesetzt werden k\u00f6nnen und wo sich die meisten Potenziale zeigen, dass war Thema einer Arbeitskreissitzung der AVK zum Thema\u00a0 &#8220;Werkstoffeigenschaften und -anforderungen f\u00fcr die E-Mobilit\u00e4t\u201c. Mehr als 150 angemeldete Teilnehmer informierten sich am 24. M\u00e4rz \u00fcber den aktuellen Stand aus Forschung und Entwicklung sowie derzeitige und zuk\u00fcnftige Anwendungsszenarien. Leitf\u00e4hige Kunststoffe, Kunststoffe im Hochvoltbereich, aber auch direktgek\u00fchlte Motoren aus faserverst\u00e4rkten Kunststoffen waren dabei ebenso Thema, wie neue Materialentwicklungen und konkrete Anwendungsfelder im PKW-Bereich.<\/p>\n","protected":false},"excerpt":{"rendered":"<p>Die anstehende Verkehrswende ist eines der zentralen wirtschaftlichen und industriellen Themen unserer Zeit. Umweltschutz und ein&#8230;<\/p>\n","protected":false},"author":2,"featured_media":10317,"comment_status":"closed","ping_status":"closed","sticky":false,"template":"","format":"standard","meta":{"footnotes":""},"categories":[24,16],"tags":[],"series":[],"class_list":["post-25536","post","type-post","status-publish","format-standard","has-post-thumbnail","hentry","category-plas-tv-meldungen-auf-der-startseite-unterhalb-slider","category-plast-tv-textmeldungen"],"_links":{"self":[{"href":"https:\/\/plas.tv\/index.php?rest_route=\/wp\/v2\/posts\/25536","targetHints":{"allow":["GET"]}}],"collection":[{"href":"https:\/\/plas.tv\/index.php?rest_route=\/wp\/v2\/posts"}],"about":[{"href":"https:\/\/plas.tv\/index.php?rest_route=\/wp\/v2\/types\/post"}],"author":[{"embeddable":true,"href":"https:\/\/plas.tv\/index.php?rest_route=\/wp\/v2\/users\/2"}],"replies":[{"embeddable":true,"href":"https:\/\/plas.tv\/index.php?rest_route=%2Fwp%2Fv2%2Fcomments&post=25536"}],"version-history":[{"count":2,"href":"https:\/\/plas.tv\/index.php?rest_route=\/wp\/v2\/posts\/25536\/revisions"}],"predecessor-version":[{"id":25538,"href":"https:\/\/plas.tv\/index.php?rest_route=\/wp\/v2\/posts\/25536\/revisions\/25538"}],"wp:featuredmedia":[{"embeddable":true,"href":"https:\/\/plas.tv\/index.php?rest_route=\/wp\/v2\/media\/10317"}],"wp:attachment":[{"href":"https:\/\/plas.tv\/index.php?rest_route=%2Fwp%2Fv2%2Fmedia&parent=25536"}],"wp:term":[{"taxonomy":"category","embeddable":true,"href":"https:\/\/plas.tv\/index.php?rest_route=%2Fwp%2Fv2%2Fcategories&post=25536"},{"taxonomy":"post_tag","embeddable":true,"href":"https:\/\/plas.tv\/index.php?rest_route=%2Fwp%2Fv2%2Ftags&post=25536"},{"taxonomy":"series","embeddable":true,"href":"https:\/\/plas.tv\/index.php?rest_route=%2Fwp%2Fv2%2Fseries&post=25536"}],"curies":[{"name":"wp","href":"https:\/\/api.w.org\/{rel}","templated":true}]}}