{"id":25550,"date":"2021-04-13T09:11:22","date_gmt":"2021-04-13T07:11:22","guid":{"rendered":"https:\/\/php8.plastv.de\/?p=25550"},"modified":"2021-04-12T13:12:24","modified_gmt":"2021-04-12T11:12:24","slug":"skz-jubilaeumswochen-mit-spannendem-fach-programm","status":"publish","type":"post","link":"https:\/\/plas.tv\/?p=25550","title":{"rendered":"SKZ-Jubil\u00e4umswochen mit spannendem Fach-Programm"},"content":{"rendered":"<p>\u201eOrakel gesucht!\u201c, m\u00fcsste die aktuelle Stellenbeschreibung bei Veranstaltern lauten. Davon wei\u00df SKZ-Bereichsleiterin Netzwerk und Event, Bettina Dempewolf, ein Lied zu singen. \u201eWer wei\u00df schon, was im Juni ist?&#8221;, fragt sich ihr Team fast t\u00e4glich. \u201eEigentlich eine gro\u00dfe Jubil\u00e4umsparty\u201c, ist die Antwort. Aber so richtig freuen kann sich zum jetzigen Zeitpunkt niemand darauf. \u201eWir planen, \u00fcber drei Wochen ein gro\u00dfes, gut bel\u00fcftetes Festzelt am Schenkenturm in W\u00fcrzburg aufzustellen. Auf diese Weise k\u00f6nnen wir f\u00fcr unsere Teilnehmer\/-innen die gr\u00f6\u00dftm\u00f6gliche Sicherheit bei der Durchf\u00fchrung unserer Veranstaltungen garantieren\u201c, sagt Dempewolf. \u201eAber wer wei\u00df, wie dann die Inzidenzen aussehen, oder ob sich das Berliner Philharmonie-Modell f\u00fcr Kultur- und auch f\u00fcr Tagungsveranstaltungen deutschlandweit durchsetzen wird?\u201c F\u00fcr Dempewolf steht fest: \u201eDas SKZ ist in der Lage, mit Hilfe von Schnelltests, negativen Corona-Tests, die nicht \u00e4lter als 24 Stunden sind, mit Masken und Abstandsregeln sichere Veranstaltungen am SKZ durchzuf\u00fchren, wenn die Genehmigung von der Politik vorliegt.\u201c<\/p>\n<p>Im Rahmen der drei Jubil\u00e4umswochen, anl\u00e4sslich des 60-j\u00e4hrigen Bestehens des SKZ, sind <strong>ab dem 15. Juni bis zum 1. Juli 2021 <\/strong>diverse Fachtagungen und beliebte Branchentreffs wie die <strong>Siliconelastomere<\/strong>, die <strong>3D-Druck<\/strong>-Tagung, die <strong>W\u00fcrzburger Rohrtage<\/strong>, die Fachtagung <strong>Fluorpolymere<\/strong>, die <strong>Recycling<\/strong>-Tagung sowie der <strong>SKZ-Technologietag<\/strong> in Pr\u00e4senz geplant. Unverbindliche Anmeldungen sind ohne Storno-Risiko schon heute m\u00f6glich: <a href=\"https:\/\/www.skz.de\/bildung\/tagungen\">www.skz.de\/bildung\/tagungen<\/a><\/p>\n<p>Der beliebte SKZ-Netzwerktag ist aktuell f\u00fcr den 30. Juni geplant, einen Tag nach der Recycling-Tagung und vor dem SKZ-Technologietag, der am 1. Juli stattfinden soll, sofern es die Corona-Rahmenbedingungen zulassen.<\/p>\n<p><strong>Damals und heute<\/strong><\/p>\n<p>Am 20. Januar 1961 fand in M\u00fcnchen ein Schulterschluss zwischen Industrieunternehmen der Kunststoffbranche, Handwerksbetrieben und beh\u00f6rdlichen Stellen statt. In einer gemeinsamen Aktion gr\u00fcndeten sie die F\u00f6rdergemeinschaft f\u00fcr das S\u00fcddeutsche Kunststoff-Zentrum &#8211; FSKZ e.V. Ziel war es, die Aus- und Fortbildung des Ingenieurnachwuchses f\u00fcr die Kunststoffindustrie sowie von Fachkr\u00e4ften aus Industrie, Handwerk und Handel deutlich zu verbessern. In den vergangenen 60 Jahren hat sich viel getan. Insbesondere hat das SKZ seine Aktivit\u00e4ten im Bereich der Lobbyarbeit, der industrienahen Forschung und nicht zuletzt im Bereich der Fachtagungen und Netzwerkevents ausgebaut. Das SKZ, ein Mitglied der Zuse-Gemeinschaft, setzt sich f\u00fcr den Mittelstand in der Kunststoffbranche ein, betreibt aktiv Nachwuchsf\u00f6rderung, z. B. mit dem \u201eSKZ Lab \u2013 Sch\u00fclerlabor\u201c oder der Meisterausbildung, bietet zugeschnittenen Weiterbildungsma\u00dfnahmen, Gremienarbeit f\u00fcr sinnvolle Normvorgaben, anwendungsorientierte Forschungsantr\u00e4ge f\u00fcr Industriepartner, entwickelt Events zur Vernetzung der Branche auch in Nischenthemen, baut Expertenkreises f\u00fcr Mitgliedsfirmen auf und vieles mehr. <a href=\"https:\/\/www.skz.de\/netzwerk\">www.skz.de\/netzwerk<\/a><\/p>\n<p>&nbsp;<\/p>\n","protected":false},"excerpt":{"rendered":"<p>\u201eOrakel gesucht!\u201c, m\u00fcsste die aktuelle Stellenbeschreibung bei Veranstaltern lauten. Davon wei\u00df SKZ-Bereichsleiterin Netzwerk und Event&#8230;<\/p>\n","protected":false},"author":2,"featured_media":6734,"comment_status":"closed","ping_status":"closed","sticky":false,"template":"","format":"standard","meta":{"footnotes":""},"categories":[24,16],"tags":[],"series":[],"class_list":["post-25550","post","type-post","status-publish","format-standard","has-post-thumbnail","hentry","category-plas-tv-meldungen-auf-der-startseite-unterhalb-slider","category-plast-tv-textmeldungen"],"_links":{"self":[{"href":"https:\/\/plas.tv\/index.php?rest_route=\/wp\/v2\/posts\/25550","targetHints":{"allow":["GET"]}}],"collection":[{"href":"https:\/\/plas.tv\/index.php?rest_route=\/wp\/v2\/posts"}],"about":[{"href":"https:\/\/plas.tv\/index.php?rest_route=\/wp\/v2\/types\/post"}],"author":[{"embeddable":true,"href":"https:\/\/plas.tv\/index.php?rest_route=\/wp\/v2\/users\/2"}],"replies":[{"embeddable":true,"href":"https:\/\/plas.tv\/index.php?rest_route=%2Fwp%2Fv2%2Fcomments&post=25550"}],"version-history":[{"count":1,"href":"https:\/\/plas.tv\/index.php?rest_route=\/wp\/v2\/posts\/25550\/revisions"}],"predecessor-version":[{"id":25551,"href":"https:\/\/plas.tv\/index.php?rest_route=\/wp\/v2\/posts\/25550\/revisions\/25551"}],"wp:featuredmedia":[{"embeddable":true,"href":"https:\/\/plas.tv\/index.php?rest_route=\/wp\/v2\/media\/6734"}],"wp:attachment":[{"href":"https:\/\/plas.tv\/index.php?rest_route=%2Fwp%2Fv2%2Fmedia&parent=25550"}],"wp:term":[{"taxonomy":"category","embeddable":true,"href":"https:\/\/plas.tv\/index.php?rest_route=%2Fwp%2Fv2%2Fcategories&post=25550"},{"taxonomy":"post_tag","embeddable":true,"href":"https:\/\/plas.tv\/index.php?rest_route=%2Fwp%2Fv2%2Ftags&post=25550"},{"taxonomy":"series","embeddable":true,"href":"https:\/\/plas.tv\/index.php?rest_route=%2Fwp%2Fv2%2Fseries&post=25550"}],"curies":[{"name":"wp","href":"https:\/\/api.w.org\/{rel}","templated":true}]}}