{"id":25567,"date":"2021-04-14T10:21:53","date_gmt":"2021-04-14T08:21:53","guid":{"rendered":"https:\/\/php8.plastv.de\/?p=25567"},"modified":"2021-04-12T15:23:59","modified_gmt":"2021-04-12T13:23:59","slug":"menge-an-verpackungsabfall-nimmt-weiter-zu","status":"publish","type":"post","link":"https:\/\/plas.tv\/?p=25567","title":{"rendered":"Menge an Verpackungsabfall nimmt weiter zu"},"content":{"rendered":"<div class=\"post-content\">\n<p>Verpackungen begleiten Verbraucher:innen durch den Alltag: Ob bei Online-Bestellungen, im Supermarkt oder f\u00fcr\u2019s Essen to go. Stets f\u00e4llt Verpackungsabfall an. <span id=\"more-19094\"><\/span>Grunds\u00e4tzlich gilt, dass Verpackungen fast immer unerl\u00e4ssliche Schutzfunktionen erf\u00fcllen. Allerdings gilt auch: Was den Bereich der Endverbraucher:innen angeht, steigt die Menge an Konsumprodukten und damit auch an Verpackungsabfall.<\/p>\n<p>So wurden laut statistischem Bundesamt im Jahr 2019 bei den privaten Verbraucher:innen in Deutschland pro Kopf 72 Kilogramm Verpackungsm\u00fcll eingesammelt \u2013 das sind im Durchschnitt vier Kilogramm mehr pro Person als noch 2018. Entsprechend ist die Gesamtmenge an Verpackungsm\u00fcll im Jahr 2019 um knapp 0,3 Millionen Tonnen auf fast sechs Millionen Tonnen im Jahr 2019 angewachsen.<\/p>\n<p><a href=\"https:\/\/newsroom.kunststoffverpackungen.de\/2020\/10\/27\/umweltbundesamt-gestiegener-verpackungsverbrauch-in-2018\/\">Schon 2018<\/a> war laut Umweltbundesamt (UBA) der private und gewerbliche Verpackungsverbrauch in Deutschland angestiegen. Zu diesem Zeitpunkt wuchs die Abfallmenge erneut, und zwar um 0,7 Prozent im Jahresvergleich auf knapp 19 Millionen Tonnen.<\/p>\n<p><img loading=\"lazy\" decoding=\"async\" class=\"alignleft wp-image-15489 lazyautosizes lazyloaded\" src=\"https:\/\/y9f2a7b2.rocketcdn.me\/wp-content\/uploads\/2020\/10\/Verpackung-Abfall-Aus-Papier-Holz-Plastik-Glas-Metall-Deutschland-2018-1-300x300.jpg\" sizes=\"auto, 450px\" srcset=\"https:\/\/y9f2a7b2.rocketcdn.me\/wp-content\/uploads\/2020\/10\/Verpackung-Abfall-Aus-Papier-Holz-Plastik-Glas-Metall-Deutschland-2018-1-66x66.jpg 66w, https:\/\/y9f2a7b2.rocketcdn.me\/wp-content\/uploads\/2020\/10\/Verpackung-Abfall-Aus-Papier-Holz-Plastik-Glas-Metall-Deutschland-2018-1-150x150.jpg 150w, https:\/\/y9f2a7b2.rocketcdn.me\/wp-content\/uploads\/2020\/10\/Verpackung-Abfall-Aus-Papier-Holz-Plastik-Glas-Metall-Deutschland-2018-1-200x200.jpg 200w, https:\/\/y9f2a7b2.rocketcdn.me\/wp-content\/uploads\/2020\/10\/Verpackung-Abfall-Aus-Papier-Holz-Plastik-Glas-Metall-Deutschland-2018-1-300x300.jpg 300w, https:\/\/y9f2a7b2.rocketcdn.me\/wp-content\/uploads\/2020\/10\/Verpackung-Abfall-Aus-Papier-Holz-Plastik-Glas-Metall-Deutschland-2018-1-400x400.jpg 400w, https:\/\/y9f2a7b2.rocketcdn.me\/wp-content\/uploads\/2020\/10\/Verpackung-Abfall-Aus-Papier-Holz-Plastik-Glas-Metall-Deutschland-2018-1-600x600.jpg 600w, https:\/\/y9f2a7b2.rocketcdn.me\/wp-content\/uploads\/2020\/10\/Verpackung-Abfall-Aus-Papier-Holz-Plastik-Glas-Metall-Deutschland-2018-1-768x768.jpg 768w, https:\/\/y9f2a7b2.rocketcdn.me\/wp-content\/uploads\/2020\/10\/Verpackung-Abfall-Aus-Papier-Holz-Plastik-Glas-Metall-Deutschland-2018-1-800x800.jpg 800w, https:\/\/y9f2a7b2.rocketcdn.me\/wp-content\/uploads\/2020\/10\/Verpackung-Abfall-Aus-Papier-Holz-Plastik-Glas-Metall-Deutschland-2018-1.jpg 1000w\" alt=\"Verpackung Abfall Aus Papier Holz Plastik Glas Metall Deutschland 2018 - Verpackungsm\u00fcll in Deutschland\" width=\"450\" height=\"450\" data-orig-src=\"https:\/\/y9f2a7b2.rocketcdn.me\/wp-content\/uploads\/2020\/10\/Verpackung-Abfall-Aus-Papier-Holz-Plastik-Glas-Metall-Deutschland-2018-1-300x300.jpg\" data-srcset=\"https:\/\/y9f2a7b2.rocketcdn.me\/wp-content\/uploads\/2020\/10\/Verpackung-Abfall-Aus-Papier-Holz-Plastik-Glas-Metall-Deutschland-2018-1-66x66.jpg 66w, https:\/\/y9f2a7b2.rocketcdn.me\/wp-content\/uploads\/2020\/10\/Verpackung-Abfall-Aus-Papier-Holz-Plastik-Glas-Metall-Deutschland-2018-1-150x150.jpg 150w, https:\/\/y9f2a7b2.rocketcdn.me\/wp-content\/uploads\/2020\/10\/Verpackung-Abfall-Aus-Papier-Holz-Plastik-Glas-Metall-Deutschland-2018-1-200x200.jpg 200w, https:\/\/y9f2a7b2.rocketcdn.me\/wp-content\/uploads\/2020\/10\/Verpackung-Abfall-Aus-Papier-Holz-Plastik-Glas-Metall-Deutschland-2018-1-300x300.jpg 300w, https:\/\/y9f2a7b2.rocketcdn.me\/wp-content\/uploads\/2020\/10\/Verpackung-Abfall-Aus-Papier-Holz-Plastik-Glas-Metall-Deutschland-2018-1-400x400.jpg 400w, https:\/\/y9f2a7b2.rocketcdn.me\/wp-content\/uploads\/2020\/10\/Verpackung-Abfall-Aus-Papier-Holz-Plastik-Glas-Metall-Deutschland-2018-1-600x600.jpg 600w, https:\/\/y9f2a7b2.rocketcdn.me\/wp-content\/uploads\/2020\/10\/Verpackung-Abfall-Aus-Papier-Holz-Plastik-Glas-Metall-Deutschland-2018-1-768x768.jpg 768w, https:\/\/y9f2a7b2.rocketcdn.me\/wp-content\/uploads\/2020\/10\/Verpackung-Abfall-Aus-Papier-Holz-Plastik-Glas-Metall-Deutschland-2018-1-800x800.jpg 800w, https:\/\/y9f2a7b2.rocketcdn.me\/wp-content\/uploads\/2020\/10\/Verpackung-Abfall-Aus-Papier-Holz-Plastik-Glas-Metall-Deutschland-2018-1.jpg 1000w\" data-sizes=\"auto\" data-orig-sizes=\"(max-width: 450px) 100vw, 450px\" \/><\/p>\n<p>Abseits der steigenden Quantit\u00e4t entwickelt sich die Qualit\u00e4t von Verpackungen st\u00e4rker in Richtung Nachhaltigkeit. So sehen 44 Prozent der vom<a href=\"https:\/\/www.verpackung.org\/aktuelles\/news\/klares-buergervotum-verpackungen-so-nachhaltig-und-gut-wie-nie-zuvor?return=aktuelles%2Fnews\" target=\"_blank\" rel=\"noopener noreferrer\"> Deutschen Verpackungsinstitut<\/a> befragten Verbraucher:innen klare Fortschritte bei der Umweltfreundlichkeit von Verpackungen.<\/p>\n<p>74,6 Prozent geben zudem an, dass dies ohne Verlust oder sogar mit Fortschritten bei Funktionalit\u00e4t und Convenience geschieht. Im Audiobeitrag auf <a href=\"https:\/\/www.tagesschau.de\/multimedia\/audio\/audio-103759.html\" target=\"_blank\" rel=\"noopener noreferrer\">tagesschau.de<\/a> gibt Daniela Sieber vom Deutschlandfunk einen Eindruck dazu, wie die Verpackungsbranche auf die aktuelle Situation blickt.<\/p>\n<p>Schon l\u00e4nger gilt, dass Kunststoffverpackungen deutlich mehr Ressourcen sparen als f\u00fcr ihre Herstellung n\u00f6tig sind. W\u00fcrde man Kunststoffverpackungen durch andere Materialien ersetzen, w\u00fcrde man laut einer <a href=\"https:\/\/www.plasticseurope.org\/de\/resources\/publications\/206-denkstatt-studie-kurzfassung\" target=\"_blank\" rel=\"noopener noreferrer\">denkstatt-Studie<\/a> im \u00dcbrigen deutlich mehr Energie und Wasser verbrauchen und mehr CO<sub>2<\/sub>-Emissionen verursachen.<\/p>\n<\/div>\n","protected":false},"excerpt":{"rendered":"<p>Verpackungen begleiten Verbraucher:innen durch den Alltag: Ob bei Online-Bestellungen, im Supermarkt oder f\u00fcr\u2019s Essen to go. Stets f\u00e4llt&#8230;<\/p>\n","protected":false},"author":2,"featured_media":7017,"comment_status":"closed","ping_status":"closed","sticky":false,"template":"","format":"standard","meta":{"footnotes":""},"categories":[24,16],"tags":[],"series":[],"class_list":["post-25567","post","type-post","status-publish","format-standard","has-post-thumbnail","hentry","category-plas-tv-meldungen-auf-der-startseite-unterhalb-slider","category-plast-tv-textmeldungen"],"_links":{"self":[{"href":"https:\/\/plas.tv\/index.php?rest_route=\/wp\/v2\/posts\/25567","targetHints":{"allow":["GET"]}}],"collection":[{"href":"https:\/\/plas.tv\/index.php?rest_route=\/wp\/v2\/posts"}],"about":[{"href":"https:\/\/plas.tv\/index.php?rest_route=\/wp\/v2\/types\/post"}],"author":[{"embeddable":true,"href":"https:\/\/plas.tv\/index.php?rest_route=\/wp\/v2\/users\/2"}],"replies":[{"embeddable":true,"href":"https:\/\/plas.tv\/index.php?rest_route=%2Fwp%2Fv2%2Fcomments&post=25567"}],"version-history":[{"count":1,"href":"https:\/\/plas.tv\/index.php?rest_route=\/wp\/v2\/posts\/25567\/revisions"}],"predecessor-version":[{"id":25568,"href":"https:\/\/plas.tv\/index.php?rest_route=\/wp\/v2\/posts\/25567\/revisions\/25568"}],"wp:featuredmedia":[{"embeddable":true,"href":"https:\/\/plas.tv\/index.php?rest_route=\/wp\/v2\/media\/7017"}],"wp:attachment":[{"href":"https:\/\/plas.tv\/index.php?rest_route=%2Fwp%2Fv2%2Fmedia&parent=25567"}],"wp:term":[{"taxonomy":"category","embeddable":true,"href":"https:\/\/plas.tv\/index.php?rest_route=%2Fwp%2Fv2%2Fcategories&post=25567"},{"taxonomy":"post_tag","embeddable":true,"href":"https:\/\/plas.tv\/index.php?rest_route=%2Fwp%2Fv2%2Ftags&post=25567"},{"taxonomy":"series","embeddable":true,"href":"https:\/\/plas.tv\/index.php?rest_route=%2Fwp%2Fv2%2Fseries&post=25567"}],"curies":[{"name":"wp","href":"https:\/\/api.w.org\/{rel}","templated":true}]}}