{"id":25576,"date":"2021-04-12T15:58:29","date_gmt":"2021-04-12T13:58:29","guid":{"rendered":"https:\/\/php8.plastv.de\/?p=25576"},"modified":"2021-04-12T15:58:29","modified_gmt":"2021-04-12T13:58:29","slug":"blue-cap-beteiligung-con-pearl-staerkt-mit-zukauf-ihr-recyclinggeschaeft","status":"publish","type":"post","link":"https:\/\/plas.tv\/?p=25576","title":{"rendered":"Blue Cap Beteiligung con-pearl st\u00e4rkt mit Zukauf ihr Recyclinggesch\u00e4ft"},"content":{"rendered":"<div class=\"cell mt-xs medium-8 large-8 medium-order-2 cell-text\">\n<p><strong>\u00dcbernahme der Recyplast setzt wichtigen Akzent f\u00fcr die strategische Ausrichtung der con-pearl GmbH<\/strong><\/p>\n<p>Die con-pearl GmbH, ein Portfoliounternehmen der Blue Cap AG, erwirbt f\u00fcr einen niedrigen einstelligen Millionenbetrag alle wesentlichen Verm\u00f6gensgegenst\u00e4nde und Mitarbeiter der Recyplast GmbH. Der Kauf erfolgt aus der Insolvenzmasse der Fischer GmbH und dient der St\u00e4rkung des strategisch bedeutsamen Recyclinggesch\u00e4fts der con-pearl. Die Transaktion steht noch unter dem Vorbehalt der Zustimmung der Gl\u00e4ubigerversammlung sowie des Abschlusses eines langfristigen Mietvertrags. Recyplast mit Sitz in Hillscheid, Rheinland-Pfalz, ist auf die Produktion von Regranulaten aus verschiedenen Kunststoffen spezialisiert.<\/p>\n<p>Die con-pearl GmbH, Hersteller von thermisch-laminierten Hohlkammerplatten, verf\u00fcgt bereits \u00fcber ein Recycling-Werk in Leinefelde, Th\u00fcringen. Dort wird Kunststoffgranulat aus industriellen Polypropylenabf\u00e4llen gewonnen. Das Granulat wird entweder nach kundenspezifischen Anforderungen aufbereitet und als hochwertiges Recyclat direkt verkauft oder zum gr\u00f6\u00dferen Teil in der internen Produktion im Hauptwerk eingesetzt. Nach den erfolgreich abgeschlossenen Reorganisationsma\u00dfnahmen und der positiven Entwicklung im Jahr 2020 beabsichtigt con-pearl den Bereich Kunststoffrecycling weiter auszubauen. F\u00fcr die Absicherung des bestehenden Gesch\u00e4ftes und des weiteren Wachstums ist die Versorgung mit Recyclaten in hoher Qualit\u00e4t und ausreichender Menge essenziell.<\/p>\n<p>Mit dem Zukauf von Recyplast und weiteren Investitionen wird con-pearl in den kommenden Jahren einen zweiten, eigenst\u00e4ndigen Recycling-Standort f\u00fcr Polypropylen und Polyethylen Regranulate aufbauen. Damit verbreitert das Unternehmen seine Rohstoffbasis und wird attraktiver f\u00fcr Recyclatkunden und Industriebetriebe, die ihre Abf\u00e4lle entsorgen wollen.<\/p>\n<p>Tobias Hoffmann-Becking, CIO der Blue Cap AG, kommentiert: \u201eDer Ausbau der Recycling Kapazit\u00e4ten mit Recyplast ist eine strategisch wichtige Erg\u00e4nzung f\u00fcr con-pearl, um einerseits das Wachstum der con-pearl Produkte zu unterst\u00fctzen und andererseits das zunehmende Gesch\u00e4ft mit externen Kunden auszubauen. Die Intensivierung der Recycling-Aktivit\u00e4ten ist Teil der Blue Cap Strategie im Bereich Nachhaltigkeit und ist f\u00fcr die gesamte Gruppe die Chance einer teilweisen Absicherung der Rohstoffpreise im Kunststoffbereich.\u201c<\/p>\n<\/div>\n","protected":false},"excerpt":{"rendered":"<p>Die con-pearl GmbH, ein Portfoliounternehmen der Blue Cap AG, erwirbt f\u00fcr einen niedrigen einstelligen Millionenbetrag alle wesentlichen&#8230;<\/p>\n","protected":false},"author":2,"featured_media":15777,"comment_status":"closed","ping_status":"closed","sticky":false,"template":"","format":"standard","meta":{"footnotes":""},"categories":[24,16],"tags":[],"series":[],"class_list":["post-25576","post","type-post","status-publish","format-standard","has-post-thumbnail","hentry","category-plas-tv-meldungen-auf-der-startseite-unterhalb-slider","category-plast-tv-textmeldungen"],"_links":{"self":[{"href":"https:\/\/plas.tv\/index.php?rest_route=\/wp\/v2\/posts\/25576","targetHints":{"allow":["GET"]}}],"collection":[{"href":"https:\/\/plas.tv\/index.php?rest_route=\/wp\/v2\/posts"}],"about":[{"href":"https:\/\/plas.tv\/index.php?rest_route=\/wp\/v2\/types\/post"}],"author":[{"embeddable":true,"href":"https:\/\/plas.tv\/index.php?rest_route=\/wp\/v2\/users\/2"}],"replies":[{"embeddable":true,"href":"https:\/\/plas.tv\/index.php?rest_route=%2Fwp%2Fv2%2Fcomments&post=25576"}],"version-history":[{"count":1,"href":"https:\/\/plas.tv\/index.php?rest_route=\/wp\/v2\/posts\/25576\/revisions"}],"predecessor-version":[{"id":25577,"href":"https:\/\/plas.tv\/index.php?rest_route=\/wp\/v2\/posts\/25576\/revisions\/25577"}],"wp:featuredmedia":[{"embeddable":true,"href":"https:\/\/plas.tv\/index.php?rest_route=\/wp\/v2\/media\/15777"}],"wp:attachment":[{"href":"https:\/\/plas.tv\/index.php?rest_route=%2Fwp%2Fv2%2Fmedia&parent=25576"}],"wp:term":[{"taxonomy":"category","embeddable":true,"href":"https:\/\/plas.tv\/index.php?rest_route=%2Fwp%2Fv2%2Fcategories&post=25576"},{"taxonomy":"post_tag","embeddable":true,"href":"https:\/\/plas.tv\/index.php?rest_route=%2Fwp%2Fv2%2Ftags&post=25576"},{"taxonomy":"series","embeddable":true,"href":"https:\/\/plas.tv\/index.php?rest_route=%2Fwp%2Fv2%2Fseries&post=25576"}],"curies":[{"name":"wp","href":"https:\/\/api.w.org\/{rel}","templated":true}]}}