{"id":25585,"date":"2021-04-14T08:06:43","date_gmt":"2021-04-14T06:06:43","guid":{"rendered":"https:\/\/php8.plastv.de\/?p=25585"},"modified":"2021-04-13T10:20:17","modified_gmt":"2021-04-13T08:20:17","slug":"schur-flexibles-group-uebernimmt-verpackungsspezialisten-sidac-spa","status":"publish","type":"post","link":"https:\/\/plas.tv\/?p=25585","title":{"rendered":"Schur Flexibles Group \u00fcbernimmt Verpackungsspezialisten Sidac SpA"},"content":{"rendered":"<div>\n<p><span lang=\"DE-AT\" xml:lang=\"DE-AT\">Mit einem Jahresumsatz von zuletzt rund EUR 34 Mio. und 120 Mitarbeitenden ist die Sidac SpA in Forli bei Bologna ein schon seit 1929 erfolgreicher Produzent von flexiblen Verpackungen<\/span><span lang=\"DE\" xml:lang=\"DE\">, vor allem in den Segmenten <\/span><span lang=\"DE-AT\" xml:lang=\"DE-AT\">Nahrungsmittel, Getr\u00e4nke, S\u00fc\u00dfwaren<\/span><span lang=\"DE\" xml:lang=\"DE\"> und Tierfutter. Die Produktpalette umfasst allem voran komplexe Laminate als Rollenware und f\u00fcr Standbeutel im \u201eReady-to-Eat\u201c-Convenience- und Petfood-Segment. Ein Marktsegment, das dank Reduktion des Materialeinsatzes bei zugleich hoher Funktionalit\u00e4t als nachhaltige Verpackungsalternative ein dynamisches Wachstum verzeichnet. <\/span><\/p>\n<p><strong><span lang=\"DE\" xml:lang=\"DE\">Expansionsschritt auf einem wichtigen Markt<\/span><\/strong><\/p>\n<p><span lang=\"DE\" xml:lang=\"DE\">Mit seiner leistungsstarken Anlage zur L\u00f6semittelr\u00fcckgewinnung folgt Sidac auch dem Nachhaltigkeitsansatz einer Circular Economy, wie sie bei Schur Flexibles verfolgt wird. <\/span><span lang=\"DE-AT\" xml:lang=\"DE-AT\">Mit ihrem modernen Maschinenpark sowie einem attraktiven und st\u00e4ndig wachsenden Kundenstock unterschiedlicher Segmente ist Sidac heute einer der f\u00fchrenden Player in Italien. Sidac erg\u00e4nzt damit das Center of Excellence Konzept der Schur Flexibles Gruppe, die bislang an 22 Produktionsstandorten in bislang elf L\u00e4ndern Europas flexible Verpackungsinnovationen in einer vollst\u00e4ndig integrierten Wertsch\u00f6pfungskette entwickelt und produziert<\/span><span lang=\"DE\" xml:lang=\"DE\">.<\/span><\/p>\n<p><span lang=\"DE-AT\" xml:lang=\"DE-AT\">\u201e<em>F\u00fcr uns als europ\u00e4ischer Player ist Italien ein bedeutender Wachstumsmarkt. Mit Sidac gewinnen wir einen etablierten Partner f\u00fcr unsere regionale Erweiterung in Italien. Hier k\u00f6nnen wir unsere Kompetenzen im Bereich der flexiblen Verpackungsl\u00f6sungen in der Lebensmittelindustrie perfekt erg\u00e4nzen<\/em>\u201c, erkl\u00e4rt CEO Michael Schernthaner<\/span><span lang=\"DE\" xml:lang=\"DE\">.<\/span><\/p>\n<p><strong><span lang=\"DE\" xml:lang=\"DE\">Der gemeinsame Nenner: Innovationskraft und Unternehmergeist<\/span><\/strong><\/p>\n<p><span lang=\"DE\" xml:lang=\"DE\">Die Integration in die Schur Flexibles Gruppe ebnet f\u00fcr Sidac auch den Zugang zu einem gesamteurop\u00e4ischen Markt. Das lokale Sidac-Management ist seit rund 20 Jahren f\u00fcr den Kurs verantwortlich und erkennt gro\u00dfe Chancen durch den Zusammenschluss: \u201e<em>Als Teil einer international erfolgreichen Gruppe k\u00f6nnen wir unsere St\u00e4rken und unsere Kompetenzen auf dem gesamten europ\u00e4ischen Markt sichtbar machen<\/em>\u201c, ist Luca Mazzotti, Managing Director von Sidac, \u00fcberzeugt. \u201e<em>Wir freuen uns, k\u00fcnftig ein noch st\u00e4rkerer Partner f\u00fcr unsere bestehenden ebenso wie f\u00fcr unsere k\u00fcnftigen Kunden sein zu k\u00f6nnen<\/em>.\u201c<\/span><\/p>\n<p><span lang=\"DE\" xml:lang=\"DE\">\u00dcber den Kaufpreis wurde Stillschweigen vereinbart.<\/span><\/p>\n<\/div>\n","protected":false},"excerpt":{"rendered":"<p>Mit einem Jahresumsatz von zuletzt rund EUR 34 Mio. und 120 Mitarbeitenden ist die Sidac SpA in Forli bei Bologna ein schon seit 1929&#8230;<\/p>\n","protected":false},"author":2,"featured_media":6890,"comment_status":"closed","ping_status":"closed","sticky":false,"template":"","format":"standard","meta":{"footnotes":""},"categories":[24,16],"tags":[],"series":[],"class_list":["post-25585","post","type-post","status-publish","format-standard","has-post-thumbnail","hentry","category-plas-tv-meldungen-auf-der-startseite-unterhalb-slider","category-plast-tv-textmeldungen"],"_links":{"self":[{"href":"https:\/\/plas.tv\/index.php?rest_route=\/wp\/v2\/posts\/25585","targetHints":{"allow":["GET"]}}],"collection":[{"href":"https:\/\/plas.tv\/index.php?rest_route=\/wp\/v2\/posts"}],"about":[{"href":"https:\/\/plas.tv\/index.php?rest_route=\/wp\/v2\/types\/post"}],"author":[{"embeddable":true,"href":"https:\/\/plas.tv\/index.php?rest_route=\/wp\/v2\/users\/2"}],"replies":[{"embeddable":true,"href":"https:\/\/plas.tv\/index.php?rest_route=%2Fwp%2Fv2%2Fcomments&post=25585"}],"version-history":[{"count":1,"href":"https:\/\/plas.tv\/index.php?rest_route=\/wp\/v2\/posts\/25585\/revisions"}],"predecessor-version":[{"id":25586,"href":"https:\/\/plas.tv\/index.php?rest_route=\/wp\/v2\/posts\/25585\/revisions\/25586"}],"wp:featuredmedia":[{"embeddable":true,"href":"https:\/\/plas.tv\/index.php?rest_route=\/wp\/v2\/media\/6890"}],"wp:attachment":[{"href":"https:\/\/plas.tv\/index.php?rest_route=%2Fwp%2Fv2%2Fmedia&parent=25585"}],"wp:term":[{"taxonomy":"category","embeddable":true,"href":"https:\/\/plas.tv\/index.php?rest_route=%2Fwp%2Fv2%2Fcategories&post=25585"},{"taxonomy":"post_tag","embeddable":true,"href":"https:\/\/plas.tv\/index.php?rest_route=%2Fwp%2Fv2%2Ftags&post=25585"},{"taxonomy":"series","embeddable":true,"href":"https:\/\/plas.tv\/index.php?rest_route=%2Fwp%2Fv2%2Fseries&post=25585"}],"curies":[{"name":"wp","href":"https:\/\/api.w.org\/{rel}","templated":true}]}}