{"id":25691,"date":"2021-04-19T11:47:22","date_gmt":"2021-04-19T09:47:22","guid":{"rendered":"https:\/\/php8.plastv.de\/?p=25691"},"modified":"2021-04-19T11:47:22","modified_gmt":"2021-04-19T09:47:22","slug":"dividende-auf-vorjahresniveau-beschlossen-2","status":"publish","type":"post","link":"https:\/\/plas.tv\/?p=25691","title":{"rendered":"Dividende auf Vorjahresniveau beschlossen"},"content":{"rendered":"<p>Auf der virtuellen Hauptversammlung der Henkel AG &amp; Co. KGaA am 16. April 2021 stimmten die Aktion\u00e4rinnen und Aktion\u00e4r allen Tagesordnungspunkten zu. Insgesamt waren rund 84 Prozent des stimmberechtigten Grundkapitals vertreten. Vor dem Hintergrund der COVID-19-Pandemie fand die Hauptversammlung, wie bereits im Vorjahr, nicht als Pr\u00e4senzveranstaltung statt, sondern als virtuelle Veranstaltung. Im Vorfeld der Hauptversammlung waren 51 Fragen von den Aktion\u00e4rinnen und Aktion\u00e4ren eingereicht worden, die einzeln beantwortet wurden.<\/p>\n<p><strong>Dividende auf Vorjahresniveau beschlossen<\/strong><br \/>\nWie von den Gremien vorgeschlagen hat die Hauptversammlung f\u00fcr beide Aktiengattungen eine Dividende auf Vorjahresniveau beschlossen. Je Vorzugsaktie wird eine Dividende von 1,85 Euro und je Stammaktie von 1,83 Euro gezahlt. Insgesamt zahlt Henkel damit eine Dividende von 805 Mio. Euro. Dies entspricht einer Aussch\u00fcttungsquote von 43,7 Prozent. Die angestrebte Bandbreite von 30 bis 40 Prozent wird dabei vor dem Hintergrund des besonderen Charakters der Ergebnisbelastungen durch die COVID-19-Pandemie \u00fcberschritten. Dies ist auch dank der starken Finanzbasis und der geringen Nettofinanzverschuldung des Henkel-Konzerns m\u00f6glich. F\u00fcr die Zukunft will Henkel an seiner Dividendenpolitik festhalten.<\/p>\n<p><strong>James Rowan Nachfolger von Prof. Dr. Ulrich Lehner im Gesellschafterausschuss<\/strong><br \/>\nIm Rahmen der Erg\u00e4nzungswahl zum Gesellschafterausschuss wurde Prof. Dr. Ulrich Lehner, der mit Wirkung zum Ablauf der Hauptversammlung 2021 sein Mandat niedergelegt hat, aus dem Gesellschafterausschuss verabschiedet. Dr. Simone Bagel-Trah, die Vorsitzende des Gesellschafterausschusses und des Aufsichtsrats, dankte ihm ausdr\u00fccklich f\u00fcr seine langj\u00e4hrige T\u00e4tigkeit: \u201eIch danke Ulrich Lehner f\u00fcr den intensiven Austausch und die inspirierenden Diskussionen in unserem Gesellschafterausschuss in den vergangenen 13 Jahren. Wir werden seinen Rat vermissen und w\u00fcnschen ihm f\u00fcr die Zukunft alles Gute.\u201c Auf Prof. Dr. Ulrich Lehner folgt James Rowan in den Gesellschafterausschuss. Rowan war viele Jahre in verschiedenen Industrieunternehmen t\u00e4tig, unter anderem als CEO von Dyson.<\/p>\n","protected":false},"excerpt":{"rendered":"<p>Auf der virtuellen Hauptversammlung der Henkel AG &#038; Co. KGaA am 16. April 2021 stimmten die Aktion\u00e4rinnen und Aktion\u00e4r allen Tagesordnungspunkten&#8230;<\/p>\n","protected":false},"author":2,"featured_media":25692,"comment_status":"closed","ping_status":"closed","sticky":false,"template":"","format":"standard","meta":{"footnotes":""},"categories":[24,16],"tags":[],"series":[],"class_list":["post-25691","post","type-post","status-publish","format-standard","has-post-thumbnail","hentry","category-plas-tv-meldungen-auf-der-startseite-unterhalb-slider","category-plast-tv-textmeldungen"],"_links":{"self":[{"href":"https:\/\/plas.tv\/index.php?rest_route=\/wp\/v2\/posts\/25691","targetHints":{"allow":["GET"]}}],"collection":[{"href":"https:\/\/plas.tv\/index.php?rest_route=\/wp\/v2\/posts"}],"about":[{"href":"https:\/\/plas.tv\/index.php?rest_route=\/wp\/v2\/types\/post"}],"author":[{"embeddable":true,"href":"https:\/\/plas.tv\/index.php?rest_route=\/wp\/v2\/users\/2"}],"replies":[{"embeddable":true,"href":"https:\/\/plas.tv\/index.php?rest_route=%2Fwp%2Fv2%2Fcomments&post=25691"}],"version-history":[{"count":1,"href":"https:\/\/plas.tv\/index.php?rest_route=\/wp\/v2\/posts\/25691\/revisions"}],"predecessor-version":[{"id":25693,"href":"https:\/\/plas.tv\/index.php?rest_route=\/wp\/v2\/posts\/25691\/revisions\/25693"}],"wp:featuredmedia":[{"embeddable":true,"href":"https:\/\/plas.tv\/index.php?rest_route=\/wp\/v2\/media\/25692"}],"wp:attachment":[{"href":"https:\/\/plas.tv\/index.php?rest_route=%2Fwp%2Fv2%2Fmedia&parent=25691"}],"wp:term":[{"taxonomy":"category","embeddable":true,"href":"https:\/\/plas.tv\/index.php?rest_route=%2Fwp%2Fv2%2Fcategories&post=25691"},{"taxonomy":"post_tag","embeddable":true,"href":"https:\/\/plas.tv\/index.php?rest_route=%2Fwp%2Fv2%2Ftags&post=25691"},{"taxonomy":"series","embeddable":true,"href":"https:\/\/plas.tv\/index.php?rest_route=%2Fwp%2Fv2%2Fseries&post=25691"}],"curies":[{"name":"wp","href":"https:\/\/api.w.org\/{rel}","templated":true}]}}