{"id":25698,"date":"2021-04-19T11:57:17","date_gmt":"2021-04-19T09:57:17","guid":{"rendered":"https:\/\/php8.plastv.de\/?p=25698"},"modified":"2021-04-19T11:57:17","modified_gmt":"2021-04-19T09:57:17","slug":"arburg-freisprechfeier-59-auszubildende-und-dhbw-studenten-uebernommen","status":"publish","type":"post","link":"https:\/\/plas.tv\/?p=25698","title":{"rendered":"Arburg Freisprechfeier: 59 Auszubildende und DHBW-Studenten \u00fcbernommen"},"content":{"rendered":"<ul>\n<li><strong>Starkes Zeichen: Arburg \u00fcbernimmt alle ausgelernten Auszubildende und DHBW-Studierende<\/strong><\/li>\n<li><strong>Ausgezeichnet: 27 Preise und drei Sonderpreise f\u00fcr gute Leistungen und Zusatzqualifikationen<\/strong><\/li>\n<li><strong>Krisenfest: Arburg gibt 75 jungen Menschen im Jahr 2021 eine Berufsperspektive<\/strong><\/li>\n<\/ul>\n<p>Am 9. und 12. April 2021 fanden bei Arburg in Lo\u00dfburg Freisprechfeiern statt. Wie im Vorjahr wurde die Veranstaltung Corona-konform in vier kleinere Events gesplittet. Alle 59 ehemalige Auszubildende und Studierende der dualen Hochschule Baden-W\u00fcrttemberg (DHBW) wurden in ein festes Arbeitsverh\u00e4ltnis \u00fcbernommen. Renate Keinath, die als gesch\u00e4ftsf\u00fchrende Arburg-Gesellschafterin den Bereich Personalmanagement verantwortet, lobte die traditionell sehr guten Leistungen der Absolventen und \u00fcbergab pers\u00f6nlich insgesamt 30 Preise.<\/p>\n<p>\u201eIch freue mich, Sie heute offiziell von Ihren Ausbildungs\u00adverpflichtungen freizusprechen und als vollwertige Mitarbeitende in unserem Unternehmen zu begr\u00fc\u00dfen\u201c, betonte Renate Keinath in ihrer Rede und gratulierte im Namen der Gesch\u00e4ftsf\u00fchrung zum erfolgreichen Bestehen der Abschlusspr\u00fcfung. \u201eDass Sie auch schwierige Zeiten gut meistern, beweisen Sie Tag f\u00fcr Tag und gerade jetzt in der Corona-Pandemie. In dieser Krise zeigt sich einmal mehr der tolle Zusammenhalt im Unternehmen.\u201c Zudem habe das Thema Digitalisierung enorm an Schwung gewonnen \u2013 auch in der Ausbildung. Der Mix aus Pr\u00e4senz und digitalen Lernmethoden habe bei allen eine hohe IT-Kompetenz geschaffen, von der sich im weiteren Berufsleben profitieren lie\u00dfe.<\/p>\n<p><strong>Arburg bildet mit Weitblick aus<\/strong><\/p>\n<p>Die Gesellschafterin betonte weiterhin, dass Arburg seinen Kurs beibehalten werde und mit Weitblick in eine exzellente Ausbildung investiere. \u201eF\u00fcr den Start des Ausbildungsjahres im September 2021 haben wir bereits 73 Vertr\u00e4ge geschlossen und bieten aktuell noch zwei freie Pl\u00e4tze im Bereich Konstruktionsmechanik und Fachinformatik\u201c, so Renate Keinath. Michael Vieth, der das 16-k\u00f6pfige Ausbildungsteam leitet, blickte in seiner Rede darauf zur\u00fcck, dass der Jahrgang 2017 bei vielem der erste gewesen sei: \u201eIhr wart die ersten, die das neue Ausbildungszentrum bezogen, die ausw\u00e4rts ein zweit\u00e4giges Team-Building-Event machten und die ihre Pr\u00fcfung unter Corona-Bedingungen absolvierten.\u201c Dass die Auszubildenden und Studierenden hoch motiviert und engagiert bei der Sache waren, zeigten auch die vielen guten Abschl\u00fcsse und Ergebnisse in diesem Jahr: 27 Freigesprochene erhielten einen Preis f\u00fcr ihre guten und sehr guten Noten. Zudem wurden drei Sonderpreise vergeben f\u00fcr Zusatzqualifikationen in den Bereichen Wirtschaftsmanagement und Arburg Kunststoff-Freiformen.<\/p>\n<p><strong>N\u00e4chstes Azubi-Event: Info-Tage in Lo\u00dfburg<\/strong><\/p>\n<p>Arburg ist immer auf der Suche nach neuen Fachkr\u00e4ften und potenziellen Auszubildenden und DHBW-Studierenden. Die Vorbereitungen f\u00fcr die Arburg-Infotage am 2. und 3. Juli 2021 laufen bereits auf Hochtouren. Bei dieser Informations\u00adveranstaltung k\u00f6nnen sich nach heutigem Stand und den Entwicklungen der Pandemie folgend Sch\u00fclerinnen und Sch\u00fcler intensiv zu den 15 Ausbildungsberufen und DHBW-Studieng\u00e4ngen von Arburg beraten lassen und das Ausbildungscenter besichtigen. Eine Online-Anmeldung ist zwingend erforderlich. Infos dazu sind ab Mitte Juni auf der Ausbildungs-Website von Arburg (https:\/\/ausbildung.arburg.com\/#\/Infotage) zu finden.<\/p>\n","protected":false},"excerpt":{"rendered":"<p>Am 9. und 12. April 2021 fanden bei Arburg in Lo\u00dfburg Freisprechfeiern statt. Wie im Vorjahr wurde die Veranstaltung Corona-konform&#8230;<\/p>\n","protected":false},"author":2,"featured_media":25699,"comment_status":"closed","ping_status":"closed","sticky":false,"template":"","format":"standard","meta":{"footnotes":""},"categories":[24,16],"tags":[],"series":[],"class_list":["post-25698","post","type-post","status-publish","format-standard","has-post-thumbnail","hentry","category-plas-tv-meldungen-auf-der-startseite-unterhalb-slider","category-plast-tv-textmeldungen"],"_links":{"self":[{"href":"https:\/\/plas.tv\/index.php?rest_route=\/wp\/v2\/posts\/25698","targetHints":{"allow":["GET"]}}],"collection":[{"href":"https:\/\/plas.tv\/index.php?rest_route=\/wp\/v2\/posts"}],"about":[{"href":"https:\/\/plas.tv\/index.php?rest_route=\/wp\/v2\/types\/post"}],"author":[{"embeddable":true,"href":"https:\/\/plas.tv\/index.php?rest_route=\/wp\/v2\/users\/2"}],"replies":[{"embeddable":true,"href":"https:\/\/plas.tv\/index.php?rest_route=%2Fwp%2Fv2%2Fcomments&post=25698"}],"version-history":[{"count":1,"href":"https:\/\/plas.tv\/index.php?rest_route=\/wp\/v2\/posts\/25698\/revisions"}],"predecessor-version":[{"id":25700,"href":"https:\/\/plas.tv\/index.php?rest_route=\/wp\/v2\/posts\/25698\/revisions\/25700"}],"wp:featuredmedia":[{"embeddable":true,"href":"https:\/\/plas.tv\/index.php?rest_route=\/wp\/v2\/media\/25699"}],"wp:attachment":[{"href":"https:\/\/plas.tv\/index.php?rest_route=%2Fwp%2Fv2%2Fmedia&parent=25698"}],"wp:term":[{"taxonomy":"category","embeddable":true,"href":"https:\/\/plas.tv\/index.php?rest_route=%2Fwp%2Fv2%2Fcategories&post=25698"},{"taxonomy":"post_tag","embeddable":true,"href":"https:\/\/plas.tv\/index.php?rest_route=%2Fwp%2Fv2%2Ftags&post=25698"},{"taxonomy":"series","embeddable":true,"href":"https:\/\/plas.tv\/index.php?rest_route=%2Fwp%2Fv2%2Fseries&post=25698"}],"curies":[{"name":"wp","href":"https:\/\/api.w.org\/{rel}","templated":true}]}}