{"id":25835,"date":"2021-04-27T08:30:08","date_gmt":"2021-04-27T06:30:08","guid":{"rendered":"https:\/\/php8.plastv.de\/?p=25835"},"modified":"2021-04-26T13:30:24","modified_gmt":"2021-04-26T11:30:24","slug":"schreiner-group-verlaengert-teilnahme-am-umwelt-und-klimapakt-bayern","status":"publish","type":"post","link":"https:\/\/plas.tv\/?p=25835","title":{"rendered":"Schreiner Group verl\u00e4ngert Teilnahme am Umwelt- und Klimapakt Bayern"},"content":{"rendered":"<p><strong>Seit 1995 gibt es den Umwelt- und Klimapakt Bayern. Bereits seit 1996 ist auch die Schreiner Group aus Oberschlei\u00dfheim mit dabei. Das gemeinsame Ziel von bayerischer Staatsregierung, Verb\u00e4nden und Unternehmen ist es, den Umwelt- und Klimaschutz weiter voranzutreiben und die nat\u00fcrlichen Lebensgrundlagen besser zu sch\u00fctzen. F\u00fcr die Schreiner Group ist Nachhaltigkeit schon seit langem ein wichtiges Unternehmensziel. Davon zeugen nicht nur zahlreiche Ma\u00dfnahmen, die weit \u00fcber die gesetzlichen Vorgaben hinausgehen, sondern auch diverse Kooperationen. Nun \u00fcberreichte Oberschlei\u00dfheims B\u00fcrgermeister Markus B\u00f6ck dem Hightech-Unternehmen f\u00fcr die erneute Teilnahme am Umwelt- und Klimapakt Bayern eine Urkunde.<\/strong><\/p>\n<p>\u201eIch freue mich sehr, der Schreiner Group diese Urkunde \u00fcbergeben zu d\u00fcrfen. Wie wichtig Umwelt- und Klimaschutz sind, wie wichtig es ist, geeignete Ma\u00dfnahmen zu ergreifen, um die Natur zu sch\u00fctzen, sehen wir t\u00e4glich. Als Gemeinde sind wir stolz darauf, dass sich mit der Schreiner Group der gr\u00f6\u00dfte Arbeitgeber vor Ort so nachhaltig f\u00fcr die Bewahrung unserer Lebensgrundlagen einsetzt\u201c, sagt Markus B\u00f6ck, B\u00fcrgermeister von Oberschlei\u00dfheim. Auch das Bayerische Umweltministerium freut sich, dass die Schreiner Group f\u00fcr weitere drei Jahre Paktteilnehmer ist: \u201eF\u00fcr Ihr Umweltengagement danken wir Ihnen und w\u00fcnschen Ihnen viel positive Resonanz zu Ihrer Teilnahme am Umwelt- und Klimapakt Bayern.\u201c<\/p>\n<p>Wichtige Zwischenerfolge f\u00fcr die Schreiner Group sind besonders die starke Reduzierung von CO<sub>2<\/sub>-Emissionen, aber auch von L\u00f6semittelemissionen. Insgesamt wurde der CO<sub>2<\/sub>-Aussto\u00df um 65 Prozent verringert. Gelingen konnte dies durch einen Umstieg auf \u00d6kostrom, die Nutzung von Geothermie f\u00fcr Heizen und K\u00fchlen, viele einzelne Energieeffizienzma\u00dfnahmen und die kontinuierliche Ausrichtung auf die Herstellung von nachhaltigen Labels. Daneben wurden auf den eigenen Parkhausd\u00e4chern Photovoltaik-Anlagen installiert, zahlreiche Lampen auf LED umger\u00fcstet und erst zu Beginn dieses Jahres eigene Lades\u00e4ulen f\u00fcr Elektrofahrzeuge errichtet.<\/p>\n<p>\u201eF\u00fcr uns sind Klima- und Umweltschutz wichtige Ziele\u201c, so Dr. Thomas Gulden, Leiter des Umweltschutzmanagements bei der Schreiner Group. \u201eWir versuchen uns dabei kontinuierlich zu verbessern. Deshalb engagieren wir uns in zahlreichen Umweltorganisationen und \u2013Netzwerken, sei es das Zero Waste-Netzwerk, das Energieeffizienz-Netzwerk, der AK Recycling des VskE oder der Mobilit\u00e4tsmanagement-Klub M\u00fcnchen. Besonders wichtig ist uns die Teilnahme am Umwelt- und Klimapakt Bayern.\u201c<\/p>\n","protected":false},"excerpt":{"rendered":"<p>Seit 1995 gibt es den Umwelt- und Klimapakt Bayern. Bereits seit 1996 ist auch die Schreiner Group aus Oberschlei\u00dfheim mit dabei&#8230;<\/p>\n","protected":false},"author":2,"featured_media":25836,"comment_status":"closed","ping_status":"closed","sticky":false,"template":"","format":"standard","meta":{"footnotes":""},"categories":[24,16],"tags":[],"series":[],"class_list":["post-25835","post","type-post","status-publish","format-standard","has-post-thumbnail","hentry","category-plas-tv-meldungen-auf-der-startseite-unterhalb-slider","category-plast-tv-textmeldungen"],"_links":{"self":[{"href":"https:\/\/plas.tv\/index.php?rest_route=\/wp\/v2\/posts\/25835","targetHints":{"allow":["GET"]}}],"collection":[{"href":"https:\/\/plas.tv\/index.php?rest_route=\/wp\/v2\/posts"}],"about":[{"href":"https:\/\/plas.tv\/index.php?rest_route=\/wp\/v2\/types\/post"}],"author":[{"embeddable":true,"href":"https:\/\/plas.tv\/index.php?rest_route=\/wp\/v2\/users\/2"}],"replies":[{"embeddable":true,"href":"https:\/\/plas.tv\/index.php?rest_route=%2Fwp%2Fv2%2Fcomments&post=25835"}],"version-history":[{"count":1,"href":"https:\/\/plas.tv\/index.php?rest_route=\/wp\/v2\/posts\/25835\/revisions"}],"predecessor-version":[{"id":25837,"href":"https:\/\/plas.tv\/index.php?rest_route=\/wp\/v2\/posts\/25835\/revisions\/25837"}],"wp:featuredmedia":[{"embeddable":true,"href":"https:\/\/plas.tv\/index.php?rest_route=\/wp\/v2\/media\/25836"}],"wp:attachment":[{"href":"https:\/\/plas.tv\/index.php?rest_route=%2Fwp%2Fv2%2Fmedia&parent=25835"}],"wp:term":[{"taxonomy":"category","embeddable":true,"href":"https:\/\/plas.tv\/index.php?rest_route=%2Fwp%2Fv2%2Fcategories&post=25835"},{"taxonomy":"post_tag","embeddable":true,"href":"https:\/\/plas.tv\/index.php?rest_route=%2Fwp%2Fv2%2Ftags&post=25835"},{"taxonomy":"series","embeddable":true,"href":"https:\/\/plas.tv\/index.php?rest_route=%2Fwp%2Fv2%2Fseries&post=25835"}],"curies":[{"name":"wp","href":"https:\/\/api.w.org\/{rel}","templated":true}]}}