{"id":25844,"date":"2021-04-27T08:40:26","date_gmt":"2021-04-27T06:40:26","guid":{"rendered":"https:\/\/php8.plastv.de\/?p=25844"},"modified":"2021-04-26T13:41:08","modified_gmt":"2021-04-26T11:41:08","slug":"bidens-klimagipfel-wettbewerb-fuer-klimaschutz-technologien-wird-haerter","status":"publish","type":"post","link":"https:\/\/plas.tv\/?p=25844","title":{"rendered":"Bidens Klimagipfel: Wettbewerb f\u00fcr Klimaschutz-Technologien wird h\u00e4rter"},"content":{"rendered":"<p><strong>\u00a0<\/strong><\/p>\n<ul>\n<li><strong>Immer mehr Staaten geben sich deutlich sch\u00e4rfere Emissionsziele f\u00fcr 2030<\/strong><\/li>\n<li><strong>VDMA: Auch Klimaschutz braucht Wettbewerb und offene M\u00e4rkte<\/strong><\/li>\n<li><strong>EU und USA politisch auf gleichem Ambitionslevel<\/strong><\/li>\n<li><strong>China will H\u00f6hepunkt der Treibhausgas-Emissionen vor 2030 erreichen<\/strong><\/li>\n<\/ul>\n<p>Der US-Pr\u00e4sident Joe Biden hat auf einem gro\u00dfen Klima-Gipfel eine Verdopplung der amerikanischen Anstrengungen bis 2030 angek\u00fcndigt und damit ein globales Signal f\u00fcr mehr Ambitionen im Klimaschutz gesetzt. \u201eDieser Gipfel hat wichtige Signale ausgesendet, die wir unterst\u00fctzen. Klimaschutz funktioniert nur global. Viele Klimaschutz-Technologien brauchen eine Weltmarkt-Perspektive \u2013 und offene M\u00e4rkte! Vergleichbare Ambitionslevel k\u00f6nnten es erm\u00f6glichen, diesen Wettbewerb marktwirtschaftlich zu gestalten\u201c, kommentierte VDMA-Pr\u00e4sident Karl Haeusgen die Veranstaltung, an der 40 Staats- und Regierungschefs teilnahmen.<\/p>\n<p>Bemerkenswert seien die Ank\u00fcndigungen von L\u00e4ndern wie Kanada und Japan, die ihre Ziele f\u00fcr 2030 nun ebenfalls signifikant erh\u00f6hen, sagte Haeusgen. Aber auch Beitr\u00e4ge von Brasilien und Russland zeigten, dass die Weltgemeinschaft jetzt wieder in eine Richtung arbeitet. Selbst China will nun schneller auf einen Minderungspfad bei den Treibhausgasemissionen einschwenken.<\/p>\n<p>\u201eAmbitionierte Zielsetzungen sind wichtig f\u00fcr die Dynamik der Klimaschutz-Verhandlungen und ein wichtiges Signal f\u00fcr Investoren sowie an die M\u00e4rkte f\u00fcr Klimaschutztechnologien. Wir nehmen die Ank\u00fcndigungen der US-Regierung und anderer Staaten sehr ernst und sehen gro\u00dfe Dynamik im Weltmarkt. Diese Wirkungen verpuffen aber schnell, wenn die Ziele nicht zugleich schnell in langfristig verl\u00e4ssliche Gesetzgebungen umgesetzt werden und der Wandel sich nicht in konkretem Handeln zeigt\u201c, mahnte der VDMA-Pr\u00e4sident.<\/p>\n<p>Nach Ansicht des VDMA sehen die USA unter Joe Bidens F\u00fchrung Klimaschutz immer st\u00e4rker als Gesch\u00e4ftsmodell. Auch die angek\u00fcndigten bilateralen Partnerschaften zeigen, dass hier ein neuer Wettbewerber mit viel Wucht in den Weltmarkt f\u00fcr Klimaschutz-Technologien einsteigt. \u201eDie EU muss hier genauso agil sein und wir m\u00fcssen unseren aktuellen Technologie-Vorsprung unbedingt erhalten, forderte Haeusgen. \u201eDas bedeutet, dass die EU und Deutschland jetzt nicht nur einen innovationsfreundlichen, technologieneutralen Marktrahmen f\u00fcr das neue EU-Emissionsziel finden m\u00fcssen, sondern sich auch aktiv f\u00fcr Exportchancen in diesem Bereich einsetzen.\u201c<\/p>\n","protected":false},"excerpt":{"rendered":"<p>Der US-Pr\u00e4sident Joe Biden hat auf einem gro\u00dfen Klima-Gipfel eine Verdopplung der amerikanischen Anstrengungen bis 2030 angek\u00fcndigt&#8230;<\/p>\n","protected":false},"author":2,"featured_media":6409,"comment_status":"closed","ping_status":"closed","sticky":false,"template":"","format":"standard","meta":{"footnotes":""},"categories":[24,16],"tags":[],"series":[],"class_list":["post-25844","post","type-post","status-publish","format-standard","has-post-thumbnail","hentry","category-plas-tv-meldungen-auf-der-startseite-unterhalb-slider","category-plast-tv-textmeldungen"],"_links":{"self":[{"href":"https:\/\/plas.tv\/index.php?rest_route=\/wp\/v2\/posts\/25844","targetHints":{"allow":["GET"]}}],"collection":[{"href":"https:\/\/plas.tv\/index.php?rest_route=\/wp\/v2\/posts"}],"about":[{"href":"https:\/\/plas.tv\/index.php?rest_route=\/wp\/v2\/types\/post"}],"author":[{"embeddable":true,"href":"https:\/\/plas.tv\/index.php?rest_route=\/wp\/v2\/users\/2"}],"replies":[{"embeddable":true,"href":"https:\/\/plas.tv\/index.php?rest_route=%2Fwp%2Fv2%2Fcomments&post=25844"}],"version-history":[{"count":1,"href":"https:\/\/plas.tv\/index.php?rest_route=\/wp\/v2\/posts\/25844\/revisions"}],"predecessor-version":[{"id":25845,"href":"https:\/\/plas.tv\/index.php?rest_route=\/wp\/v2\/posts\/25844\/revisions\/25845"}],"wp:featuredmedia":[{"embeddable":true,"href":"https:\/\/plas.tv\/index.php?rest_route=\/wp\/v2\/media\/6409"}],"wp:attachment":[{"href":"https:\/\/plas.tv\/index.php?rest_route=%2Fwp%2Fv2%2Fmedia&parent=25844"}],"wp:term":[{"taxonomy":"category","embeddable":true,"href":"https:\/\/plas.tv\/index.php?rest_route=%2Fwp%2Fv2%2Fcategories&post=25844"},{"taxonomy":"post_tag","embeddable":true,"href":"https:\/\/plas.tv\/index.php?rest_route=%2Fwp%2Fv2%2Ftags&post=25844"},{"taxonomy":"series","embeddable":true,"href":"https:\/\/plas.tv\/index.php?rest_route=%2Fwp%2Fv2%2Fseries&post=25844"}],"curies":[{"name":"wp","href":"https:\/\/api.w.org\/{rel}","templated":true}]}}