{"id":25859,"date":"2021-04-27T09:57:43","date_gmt":"2021-04-27T07:57:43","guid":{"rendered":"https:\/\/php8.plastv.de\/?p=25859"},"modified":"2021-04-26T14:05:22","modified_gmt":"2021-04-26T12:05:22","slug":"starlinger-viscotec-feiert-2-millionen-tonnen-installierte-recycling-kapazitaet-weltweit","status":"publish","type":"post","link":"https:\/\/plas.tv\/?p=25859","title":{"rendered":"Starlinger viscotec feiert 2 Millionen Tonnen installierte Recycling-Kapazit\u00e4t weltweit"},"content":{"rendered":"<p><span dir=\"ltr\">Im Fr\u00fch<\/span><span dir=\"ltr\">jahr <\/span><span dir=\"ltr\">2021 konnte viscotec<\/span><span dir=\"ltr\">, eine Division des \u00f6sterreichischen Maschinenbauers Starlinger <\/span><span dir=\"ltr\">und Co. GmbH<\/span><span dir=\"ltr\">, <\/span><span dir=\"ltr\">einen Meilenstein verbuchen: <\/span><span dir=\"ltr\">D<\/span><span dir=\"ltr\">ie weltweit installierten viscotec<\/span><span dir=\"ltr\">&#8211;<\/span><span dir=\"ltr\">Anlagen haben <\/span><span dir=\"ltr\">die Kapazit\u00e4t erreicht, 2 Millionen Tonnen PET<\/span><span dir=\"ltr\">&#8211;<\/span><span dir=\"ltr\">Rezyklat herzustellen. <\/span><span dir=\"ltr\">Ein Ver<\/span><span dir=\"ltr\">gleich mit den Recyclingmengen in Europa hilft, diese Zahl in Relation zu setzen. <\/span><span dir=\"ltr\">Gesch\u00e4tzte 4,3 Millionen Tonnen PET<\/span><span dir=\"ltr\">&#8211;<\/span><span dir=\"ltr\">Verpackungsabf\u00e4lle fallen j\u00e4hrlich in der Europ\u00e4ischen <\/span><span dir=\"ltr\">Union an und rund die H\u00e4lfte wird tats\u00e4chlich f\u00fcr das Recycling sortiert. <\/span><span dir=\"ltr\">Mit der <\/span><span dir=\"ltr\">von Starlinger <\/span><span dir=\"ltr\">viscotec installierten Kapazit\u00e4t lie\u00dfe sich also nahezu die gesamte Menge der gesammelten und <\/span><span dir=\"ltr\">sortierten PET<\/span><span dir=\"ltr\">&#8211;<\/span><span dir=\"ltr\">Verpackungen der EU verarbeiten und recyceltes PET (rPET) herstellen. <\/span><\/p>\n<p><strong><span dir=\"ltr\">Bekenntnis zu<\/span><span dir=\"ltr\">m<\/span><span dir=\"ltr\"> Recycling<\/span><\/strong><\/p>\n<p><span dir=\"ltr\">Starlinger viscotec <\/span><span dir=\"ltr\">ist spezialisi<\/span><span dir=\"ltr\">ert auf Folien<\/span><span dir=\"ltr\">&#8211;<\/span><span dir=\"ltr\">Extrusionsanlagen und Anlagen f\u00fcr die <\/span><span dir=\"ltr\">Aufbereitung von PET<\/span><span dir=\"ltr\">&#8211;<\/span><span dir=\"ltr\">Verpackungsabf\u00e4llen zu Rezyklat, das so sauber ist, dass es wieder in <\/span><span dir=\"ltr\">Lebensmittelverpackungen eingesetzt wird. <\/span><span dir=\"ltr\">\u201e<\/span><span dir=\"ltr\">Mit unseren <\/span><span dir=\"ltr\">Anlagen <\/span><span dir=\"ltr\">ist <\/span><span dir=\"ltr\">es m\u00f6glich, wertvollen <\/span><span dir=\"ltr\">Rohstoff im Kreislauf <\/span><span dir=\"ltr\">zu f\u00fchren. Unsere Partner und Kunden teilen unsere \u00dcberzeugung, dass <\/span><span dir=\"ltr\">PET <\/span><span dir=\"ltr\">als wichtiger Wertstoff <\/span><span dir=\"ltr\">recycelt werden <\/span><span dir=\"ltr\">kann und <\/span><span dir=\"ltr\">muss<\/span><span dir=\"ltr\">,<\/span><span dir=\"ltr\">\u201c <\/span><span dir=\"ltr\">so <\/span><span dir=\"ltr\">Angelika Huemer, <\/span><span dir=\"ltr\">Gesch\u00e4ftsf\u00fchrerin <\/span><span dir=\"ltr\">von <\/span><span dir=\"ltr\">Starlinger GmbH &amp; Co. <\/span><span dir=\"ltr\">\u201e<\/span><span dir=\"ltr\">Im Wort Recycling steckt das Wort \u201eCycle\u201c <\/span><span dir=\"ltr\">\u2013<\/span><span dir=\"ltr\">also Kreis. Den Kreislauf zu schlie\u00dfen, genau das machen Recycler und Verpackungshersteller <\/span><span dir=\"ltr\">mit Starlinger <\/span><span dir=\"ltr\">recoSTAR und viscoSTAR<\/span><span dir=\"ltr\"> Anlagen: sie <\/span><span dir=\"ltr\">stellen lebensmittelsicheres Rezyklat her. So <\/span><span dir=\"ltr\">kann eine Getr\u00e4nkeflasc<\/span><span dir=\"ltr\">he nach dem Recycling wieder zu einer Getr\u00e4nkeflasche werden.\u201c <\/span><span dir=\"ltr\">F<\/span><span dir=\"ltr\">\u00fcr <\/span><span dir=\"ltr\">Lebensmittelverpackungen erf\u00fcllt <\/span><span dir=\"ltr\">derzeit <\/span><span dir=\"ltr\">PET\/rPET den Anspruch <\/span><span dir=\"ltr\">eines <\/span><span dir=\"ltr\">geschlossenen Kreislaufs. <\/span><span dir=\"ltr\">Eine Getr\u00e4nkeflasche <\/span><span dir=\"ltr\">allerdings<\/span><span dir=\"ltr\">, <\/span><span dir=\"ltr\">die nach <\/span><span dir=\"ltr\">dem Recycling <\/span><span dir=\"ltr\">zum Beispiel <\/span><span dir=\"ltr\">zur Auto<\/span><span dir=\"ltr\">&#8211;<\/span><span dir=\"ltr\">Innenverkleidung <\/span><span dir=\"ltr\">wird, geht in eine sog<\/span><span dir=\"ltr\">enannte <\/span><span dir=\"ltr\">\u201eend<\/span><span dir=\"ltr\">&#8211;<\/span><span dir=\"ltr\">of<\/span><span dir=\"ltr\">&#8211;<\/span><span dir=\"ltr\">life<\/span><span dir=\"ltr\">\u201c <\/span><span dir=\"ltr\">Anwendung <\/span><span dir=\"ltr\">und somit f\u00fcr den <\/span><span dir=\"ltr\">Lebensmittelverpackungskreislauf verloren. <\/span><\/p>\n<p><strong><span dir=\"ltr\">Warum <\/span><span dir=\"ltr\">recyceltes <\/span><span dir=\"ltr\">PET <\/span><span dir=\"ltr\">(rPET)<\/span><\/strong><span dir=\"ltr\"><strong>?<\/strong> <\/span><\/p>\n<p><span dir=\"ltr\">PET ist der Kunststoff mit der h\u00f6chsten Recyclingrate und hat eine besondere Bedeutung, <\/span><span dir=\"ltr\">denn <\/span><span dir=\"ltr\">er <\/span><span dir=\"ltr\">ist <\/span><span dir=\"ltr\">von allen K<\/span><span dir=\"ltr\">unststoff<\/span><span dir=\"ltr\">&#8211;<\/span><span dir=\"ltr\">Rezyklaten in der Europ\u00e4ischen Union <\/span><span dir=\"ltr\">derzeit <\/span><span dir=\"ltr\">der einzige, der f\u00fcr den <\/span><span dir=\"ltr\">Kontakt mit Lebensmittel zugelassen ist. <\/span><span dir=\"ltr\">\u201eEs ist uns wichtig<\/span><span dir=\"ltr\">, <\/span><span dir=\"ltr\">daf\u00fcr zu sensibilisieren, dass <\/span><span dir=\"ltr\">Lebensmittelverpackungen aus PET ein wertvoller Rohstoff sind. <\/span><span dir=\"ltr\">Verwendet man recyce<\/span><span dir=\"ltr\">ltes PET <\/span><span dir=\"ltr\">f\u00fcr Verpackungen, so werden viel<\/span><span dir=\"ltr\">e <\/span><span dir=\"ltr\">CO<\/span><span dir=\"ltr\">2<\/span><span dir=\"ltr\">&#8211;<\/span><span dir=\"ltr\">Emissionen vermieden. <\/span><span dir=\"ltr\">Die Tatsache<\/span><span dir=\"ltr\">, dass der <\/span><span dir=\"ltr\">Klimafu\u00dfabdruck von Getr\u00e4nkeflaschen aus rPET bedeutend geringer ist als der von Mehrweg<\/span><span dir=\"ltr\">&#8211;<\/span><span dir=\"ltr\">Glasflaschen<\/span><span dir=\"ltr\">, ist vielen leider nicht bekannt<\/span><span dir=\"ltr\">,<\/span><span dir=\"ltr\">\u201c <\/span><span dir=\"ltr\">so <\/span><span dir=\"ltr\">Julia Peherstorfer, <\/span><span dir=\"ltr\">die den Bereich <\/span><span dir=\"ltr\">Sustainability <\/span><span dir=\"ltr\">und Marketing bei viscotec <\/span><span dir=\"ltr\">verantwortet<\/span><span dir=\"ltr\">. \u201e<\/span><span dir=\"ltr\">Jede<\/span><span dir=\"ltr\">Konsumentin und jeder <\/span><span dir=\"ltr\">Konsument kann einen <\/span><span dir=\"ltr\">Beitrag leisten, indem die Getr\u00e4nkeflaschen und Verpackungen <\/span><span dir=\"ltr\">ge<\/span><span dir=\"ltr\">sammelt und \u00fcber <\/span><span dir=\"ltr\">die <\/span><span dir=\"ltr\">Abfallsysteme dem Recycling zu<\/span><span dir=\"ltr\">ge<\/span><span dir=\"ltr\">f\u00fchrt <\/span><span dir=\"ltr\">werden<\/span><span dir=\"ltr\">. <\/span><span dir=\"ltr\">Erst <\/span><span dir=\"ltr\">die Mit<\/span><span dir=\"ltr\">hilfe <\/span><span dir=\"ltr\">de<\/span><span dir=\"ltr\">r <\/span><span dir=\"ltr\">Konsumenten macht es <\/span><span dir=\"ltr\">m\u00f6glich, dass der PET<\/span><span dir=\"ltr\">&#8211;<\/span><span dir=\"ltr\">Verpackungsabfall wieder zu neuen Lebensmittelverpackungen <\/span><span dir=\"ltr\">aus <\/span><span dir=\"ltr\">recyceltem PET (rPET) <\/span><span dir=\"ltr\">verarbeitet werden kann.\u201c<\/span><\/p>\n<p><span dir=\"ltr\">\u00a0<\/span><\/p>\n","protected":false},"excerpt":{"rendered":"<p>Im Fr\u00fchjahr 2021 konnte viscotec, eine Division des \u00f6sterreichischen Maschinenbauers Starlinger und Co. GmbH, einen Meilenstein verbuchen&#8230;<\/p>\n","protected":false},"author":2,"featured_media":25860,"comment_status":"closed","ping_status":"closed","sticky":false,"template":"","format":"standard","meta":{"footnotes":""},"categories":[24,16],"tags":[],"series":[],"class_list":["post-25859","post","type-post","status-publish","format-standard","has-post-thumbnail","hentry","category-plas-tv-meldungen-auf-der-startseite-unterhalb-slider","category-plast-tv-textmeldungen"],"_links":{"self":[{"href":"https:\/\/plas.tv\/index.php?rest_route=\/wp\/v2\/posts\/25859","targetHints":{"allow":["GET"]}}],"collection":[{"href":"https:\/\/plas.tv\/index.php?rest_route=\/wp\/v2\/posts"}],"about":[{"href":"https:\/\/plas.tv\/index.php?rest_route=\/wp\/v2\/types\/post"}],"author":[{"embeddable":true,"href":"https:\/\/plas.tv\/index.php?rest_route=\/wp\/v2\/users\/2"}],"replies":[{"embeddable":true,"href":"https:\/\/plas.tv\/index.php?rest_route=%2Fwp%2Fv2%2Fcomments&post=25859"}],"version-history":[{"count":1,"href":"https:\/\/plas.tv\/index.php?rest_route=\/wp\/v2\/posts\/25859\/revisions"}],"predecessor-version":[{"id":25861,"href":"https:\/\/plas.tv\/index.php?rest_route=\/wp\/v2\/posts\/25859\/revisions\/25861"}],"wp:featuredmedia":[{"embeddable":true,"href":"https:\/\/plas.tv\/index.php?rest_route=\/wp\/v2\/media\/25860"}],"wp:attachment":[{"href":"https:\/\/plas.tv\/index.php?rest_route=%2Fwp%2Fv2%2Fmedia&parent=25859"}],"wp:term":[{"taxonomy":"category","embeddable":true,"href":"https:\/\/plas.tv\/index.php?rest_route=%2Fwp%2Fv2%2Fcategories&post=25859"},{"taxonomy":"post_tag","embeddable":true,"href":"https:\/\/plas.tv\/index.php?rest_route=%2Fwp%2Fv2%2Ftags&post=25859"},{"taxonomy":"series","embeddable":true,"href":"https:\/\/plas.tv\/index.php?rest_route=%2Fwp%2Fv2%2Fseries&post=25859"}],"curies":[{"name":"wp","href":"https:\/\/api.w.org\/{rel}","templated":true}]}}