{"id":25918,"date":"2021-04-30T13:21:52","date_gmt":"2021-04-30T11:21:52","guid":{"rendered":"https:\/\/php8.plastv.de\/?p=25918"},"modified":"2021-04-30T13:21:52","modified_gmt":"2021-04-30T11:21:52","slug":"borealis-ernennt-hilmar-kroat-reder-zum-vice-president-human-resources","status":"publish","type":"post","link":"https:\/\/plas.tv\/?p=25918","title":{"rendered":"Borealis ernennt Hilmar Kroat-Reder zum Vice President Human Resources"},"content":{"rendered":"<p>Borealis gibt die Bestellung von Hilmar Kroat-Reder (50) zum Vice President (VP) Human Resources bekannt. Er wird seine Rolle mit 1. Mai 2021 antreten.<\/p>\n<p>Hilmar Kroat-Reder war bislang f\u00fcr die OMV t\u00e4tig, bei der er im Jahr 2002 im Bereich Corporate Development und M&amp;A begann. Danach \u00fcbernahm er die Leitung des CEO-B\u00fcros, gefolgt von den Bereichen Corporate Affairs und Sustainability. Im Rahmen seiner nachfolgenden Aufgaben als Vorstandsmitglied von OMV Petrom in Rum\u00e4nien und Petrol Ofisi in der T\u00fcrkei, wo er f\u00fcr Gas &amp; Power &amp; Chemicals zust\u00e4ndig war, sammelte er umfassende Erfahrung, bevor er schlie\u00dflich die Gesch\u00e4ftsf\u00fchrung von EconGas \u00fcbernahm. Im Jahr 2016 stie\u00df Hilmar zum HR-Team der OMV, in dem er die Bereiche HR Services, Labour Law und Employer Relations leitete. Zuletzt bekleidete Hilmar Kroat-Reder die Position des VP Organizational Structure &amp; Design und leitete eine Reihe von Transformationsprojekten.<\/p>\n<p>Hilmar Kroat-Reder h\u00e4lt sowohl einen Doktor der Rechtswissenschaften der Universit\u00e4t Wien, als auch einen Master der McGeorge School of Law, USA. Dar\u00fcber hinaus absolvierte er eine Managementausbildung am IMD in der Schweiz und in Ashridge im Vereinigten K\u00f6nigreich. Er ist \u00f6sterreichischer Staatsb\u00fcrger, verheiratet und hat vier Kinder.<\/p>\n<p>\u201eWir freuen uns sehr, Hilmar Kroat-Reder bei Borealis willkommen hei\u00dfen zu d\u00fcrfen\u201c, sagt Borealis\u2018 CEO Thomas Gangl. \u201eHilmar bringt eine Menge Erfahrung aus einer Vielzahl an Gesch\u00e4ftsbereichen mit. Sein Antrieb und seine F\u00fchrungskompetenz werden eine Bereicherung sein, um Borealis\u2018 Mitarbeiter und Unternehmenskultur zu f\u00f6rdern und weiter voranzubringen.\u201c<\/p>\n","protected":false},"excerpt":{"rendered":"<p>Borealis gibt die Bestellung von Hilmar Kroat-Reder (50) zum Vice President (VP) Human Resources bekannt. Er wird seine Rolle mit 1. Mai 2021&#8230;<\/p>\n","protected":false},"author":2,"featured_media":25919,"comment_status":"closed","ping_status":"closed","sticky":false,"template":"","format":"standard","meta":{"footnotes":""},"categories":[24,16],"tags":[],"series":[],"class_list":["post-25918","post","type-post","status-publish","format-standard","has-post-thumbnail","hentry","category-plas-tv-meldungen-auf-der-startseite-unterhalb-slider","category-plast-tv-textmeldungen"],"_links":{"self":[{"href":"https:\/\/plas.tv\/index.php?rest_route=\/wp\/v2\/posts\/25918","targetHints":{"allow":["GET"]}}],"collection":[{"href":"https:\/\/plas.tv\/index.php?rest_route=\/wp\/v2\/posts"}],"about":[{"href":"https:\/\/plas.tv\/index.php?rest_route=\/wp\/v2\/types\/post"}],"author":[{"embeddable":true,"href":"https:\/\/plas.tv\/index.php?rest_route=\/wp\/v2\/users\/2"}],"replies":[{"embeddable":true,"href":"https:\/\/plas.tv\/index.php?rest_route=%2Fwp%2Fv2%2Fcomments&post=25918"}],"version-history":[{"count":1,"href":"https:\/\/plas.tv\/index.php?rest_route=\/wp\/v2\/posts\/25918\/revisions"}],"predecessor-version":[{"id":25920,"href":"https:\/\/plas.tv\/index.php?rest_route=\/wp\/v2\/posts\/25918\/revisions\/25920"}],"wp:featuredmedia":[{"embeddable":true,"href":"https:\/\/plas.tv\/index.php?rest_route=\/wp\/v2\/media\/25919"}],"wp:attachment":[{"href":"https:\/\/plas.tv\/index.php?rest_route=%2Fwp%2Fv2%2Fmedia&parent=25918"}],"wp:term":[{"taxonomy":"category","embeddable":true,"href":"https:\/\/plas.tv\/index.php?rest_route=%2Fwp%2Fv2%2Fcategories&post=25918"},{"taxonomy":"post_tag","embeddable":true,"href":"https:\/\/plas.tv\/index.php?rest_route=%2Fwp%2Fv2%2Ftags&post=25918"},{"taxonomy":"series","embeddable":true,"href":"https:\/\/plas.tv\/index.php?rest_route=%2Fwp%2Fv2%2Fseries&post=25918"}],"curies":[{"name":"wp","href":"https:\/\/api.w.org\/{rel}","templated":true}]}}