{"id":26576,"date":"2021-06-18T12:03:51","date_gmt":"2021-06-18T10:03:51","guid":{"rendered":"https:\/\/php8.plastv.de\/?p=26576"},"modified":"2021-06-18T12:03:51","modified_gmt":"2021-06-18T10:03:51","slug":"sanner-erzielt-rekordumsatz-2020-mit-fast-15-prozent-plus","status":"publish","type":"post","link":"https:\/\/plas.tv\/?p=26576","title":{"rendered":"Sanner erzielt Rekordumsatz 2020 mit fast 15 Prozent plus"},"content":{"rendered":"<div class=\"teaser-text-own\">\n<p>Die Sanner GmbH verzeichnet 2020 einen Rekordumsatz von rund 98 Millionen Euro \u2013 ein Plus von beinahe 15 Prozent. Dieses signifikante Wachstum ist auch auf die Corona-bedingte Nachfrage zur\u00fcckzuf\u00fchren. Beim Hersteller von Medizintechnikprodukten und pharmazeutischen Verpackungen geht man dennoch in den kommenden Jahren von einem stetigen Wachstum aus. Dieses Jahr soll sogar die 100 Millionen-Marke geknackt werden.<\/p>\n<\/div>\n<div class=\"news-text-wrap\">\n<p>Bei Sanner stehen alle Zeichen auf Wachstum: Nach einem \u00fcberdurchschnittlich erfolgreichen Gesch\u00e4ftsjahr 2020 sind die Prognosen auch f\u00fcr die kommenden Jahre positiv: \u201eGerade unsere Entwicklungen in den Bereichen intelligente Medizinprodukte und kundenindividuelle L\u00f6sungen versprechen weitere Zugewinne. So gehen wir davon aus, dass wir 2021 die 100 Millionen Euro Marke locker erreichen werden\u201c, so Gesch\u00e4ftsf\u00fchrer Dr. Johannis Willem van Vliet. \u201eDurch den Ausbau der Standorte in Deutschland und China schaffen wir zudem weitere Kapazit\u00e4ten f\u00fcr Entwicklung und Produktion. Das l\u00e4sst uns in Summe sehr positiv in die Zukunft blicken.\u201c<\/p>\n<p><strong>Expansion trotz Corona<\/strong><\/p>\n<p>Zu dem \u00fcberdurchschnittlichen Umsatzplus hat insbesondere die Nachfrage in China, dicht gefolgt von Europa und den USA, gef\u00fchrt. Hier waren aufgrund der Corona-Pandemie vor allem Sanner Klassiker wie der <a href=\"https:\/\/www.sanner-group.com\/de\/brausetablettenverpackungen\/verschluesse-fuer-brausetabletten\" target=\"_blank\" rel=\"noopener noreferrer\">DASG 1 Trockenmittelverschluss<\/a>, der weltweit etwa f\u00fcr die Verpackung von Vitamin C Brausetabletten Anwendung findet, gefragt \u2013 streckenweise sogar bis hin zu einer um 30 Prozent angestiegenen globalen Nachfrage. \u201eWir rechnen damit, dass diese Nachfrage in Europa und den USA durch den R\u00fcckgang der Pandemie wieder abflachen wird\u201c, so Claudia Tonh\u00e4user, Chief Financial Officer (CFO) bei Sanner. \u201eWir sind aber zuversichtlich, diesen Umsatzr\u00fcckgang mit neuen Produkten und Konzepten auffangen zu k\u00f6nnen.\u201c<\/p>\n<p>Trotz der Pandemie hat Sanner an mehreren Standorten entscheidende Schritte in Richtung Zukunft unternommen: So sind in China alle Voraussetzungen f\u00fcr den Bau des zweiten Werkes erf\u00fcllt. Der Spatenstich soll noch vor Herbst 2021 stattfinden. Auch im Headquarter k\u00fcndigen sich Ver\u00e4nderungen an: Dieses Jahr beginnt die Planung des neuen Standorts im Gewerbegebiet Stubenwald II in Bensheim. Im Laufe des Jahres 2024 soll \u00fcbersiedelt werden. Am neuen Standort entstehen in Zukunft weitere Forschungs- und Entwicklungskapazit\u00e4ten f\u00fcr kundenindividuelle L\u00f6sungen und Medizintechnik-Produkte \u2013 erg\u00e4nzt durch modernstes Produktionsequipment, auch f\u00fcr die Elektronik- und Reinraumfertigung. \u201eSo st\u00e4rken wir unsere Standortstrategie in Deutschland und bauen diese um \u00f6kologische Aspekte weiter aus\u201c, so van Vliet.<\/p>\n<p><strong>Auf Wachstum und Patientensicherheit ausgerichtet<\/strong><\/p>\n<p>Im Zentrum von allen Bem\u00fchungen steht neben der wirtschaftlichen vor allem die menschliche Komponente: \u201eWenn wir die Patientensicherheit, Therapieadh\u00e4renz und Nachhaltigkeit \u2013 und damit die Lebensqualit\u00e4t f\u00fcr hunderttausende Menschen \u2013 mit unseren L\u00f6sungen Schritt f\u00fcr Schritt verbessern, haben wir unser Ziel erreicht\u201c, so van Vliet. Das m\u00f6chte Sanner in den kommenden Jahren nicht nur im Bereich pharmazeutischer Prim\u00e4rverpackungen mit neuen Entwicklungen etwa f\u00fcr medizinisches Cannabis oder innerhalb des <a href=\"https:\/\/www.sanner-group.com\/de\/brausetablettenverpackungen\/biobase-biobasierte-verpackungen\" target=\"_blank\" rel=\"noopener noreferrer\">Sanner BioBase<sup>\u00ae<\/sup><\/a> Portfolios tun, sondern vor allem mit Innovationen im Bereich intelligenter Medizintechnik-L\u00f6sungen.<\/p>\n<p><strong>Kurzportrait Sanner<\/strong><\/p>\n<p>Die <a href=\"http:\/\/www.sanner-group.com\/de\/\" target=\"_blank\" rel=\"noopener noreferrer\">Sanner GmbH<\/a> mit Sitz im s\u00fcdhessischen Bensheim ist ein 1894 gegr\u00fcndetes Familienunternehmen in mittlerweile vierter Generation. Sanner entwickelt und produziert hochwertige Kunststoffverpackungen und Komponenten f\u00fcr Pharma, Medizintechnik, Diagnostik und Healthcareprodukte. Der Verpackungshersteller ist Weltmarktf\u00fchrer f\u00fcr Trockenmittelverschl\u00fcsse und Brausetablettenverpackungen. Jahr f\u00fcr Jahr entstehen so \u00fcber vier Milliarden Kunststoffteile f\u00fcr Standard- und kundenindividuelle Verpackungsl\u00f6sungen. Heute erwirtschaften rund 600 Mitarbeiterinnen und Mitarbeiter in Deutschland, China, Frankreich, Ungarn, den USA, Indien und Indonesien einen Umsatz von rund 98 Millionen Euro (2020). Mehr \u00fcber Sanner erfahren Sie unter <a href=\"http:\/\/www.sanner-group.com\" target=\"_blank\" rel=\"noopener noreferrer\">www.sanner-group.com<\/a>.<\/p>\n<\/div>\n","protected":false},"excerpt":{"rendered":"<p>Die Sanner GmbH verzeichnet 2020 einen Rekordumsatz von rund 98 Millionen Euro \u2013 ein Plus von beinahe 15 Prozent. Dieses signifikante&#8230;<\/p>\n","protected":false},"author":2,"featured_media":26577,"comment_status":"closed","ping_status":"closed","sticky":false,"template":"","format":"standard","meta":{"footnotes":""},"categories":[24,16],"tags":[],"series":[],"class_list":["post-26576","post","type-post","status-publish","format-standard","has-post-thumbnail","hentry","category-plas-tv-meldungen-auf-der-startseite-unterhalb-slider","category-plast-tv-textmeldungen"],"_links":{"self":[{"href":"https:\/\/plas.tv\/index.php?rest_route=\/wp\/v2\/posts\/26576","targetHints":{"allow":["GET"]}}],"collection":[{"href":"https:\/\/plas.tv\/index.php?rest_route=\/wp\/v2\/posts"}],"about":[{"href":"https:\/\/plas.tv\/index.php?rest_route=\/wp\/v2\/types\/post"}],"author":[{"embeddable":true,"href":"https:\/\/plas.tv\/index.php?rest_route=\/wp\/v2\/users\/2"}],"replies":[{"embeddable":true,"href":"https:\/\/plas.tv\/index.php?rest_route=%2Fwp%2Fv2%2Fcomments&post=26576"}],"version-history":[{"count":1,"href":"https:\/\/plas.tv\/index.php?rest_route=\/wp\/v2\/posts\/26576\/revisions"}],"predecessor-version":[{"id":26578,"href":"https:\/\/plas.tv\/index.php?rest_route=\/wp\/v2\/posts\/26576\/revisions\/26578"}],"wp:featuredmedia":[{"embeddable":true,"href":"https:\/\/plas.tv\/index.php?rest_route=\/wp\/v2\/media\/26577"}],"wp:attachment":[{"href":"https:\/\/plas.tv\/index.php?rest_route=%2Fwp%2Fv2%2Fmedia&parent=26576"}],"wp:term":[{"taxonomy":"category","embeddable":true,"href":"https:\/\/plas.tv\/index.php?rest_route=%2Fwp%2Fv2%2Fcategories&post=26576"},{"taxonomy":"post_tag","embeddable":true,"href":"https:\/\/plas.tv\/index.php?rest_route=%2Fwp%2Fv2%2Ftags&post=26576"},{"taxonomy":"series","embeddable":true,"href":"https:\/\/plas.tv\/index.php?rest_route=%2Fwp%2Fv2%2Fseries&post=26576"}],"curies":[{"name":"wp","href":"https:\/\/api.w.org\/{rel}","templated":true}]}}