{"id":26725,"date":"2021-06-30T13:15:23","date_gmt":"2021-06-30T11:15:23","guid":{"rendered":"https:\/\/php8.plastv.de\/?p=26725"},"modified":"2021-06-29T13:22:43","modified_gmt":"2021-06-29T11:22:43","slug":"vaude-bringt-erste-fahrradtasche-aus-recycling-material-auf-den-markt","status":"publish","type":"post","link":"https:\/\/plas.tv\/?p=26725","title":{"rendered":"VAUDE bringt erste Fahrradtasche aus Recycling-Material auf den Markt"},"content":{"rendered":"<p><strong><u>Kunststoffverpackungen werden f\u00fcr Radtaschen-R\u00fcckensystem recycelt<\/u><\/strong><\/p>\n<ul>\n<li>Erste VAUDE Radtaschenserie aus vollst\u00e4ndig recycelten Hauptmaterialien<\/li>\n<li>Inklusive R\u00fcckenplatte aus recycelten Kunststoffverpackungen und Befestigungs-Haken aus recycelten Mehrschichtfolien<\/li>\n<li>Gro\u00dfer Schritt in Richtung Kreislaufwirtschaft<\/li>\n<li>Zusammenarbeit mit Recycling-Unternehmen Interseroh und APK<\/li>\n<li>Im Handel ab Oktober 2021<\/li>\n<\/ul>\n<p>Innovativ, klimafreundlich und \u00e4u\u00dferst stabil \u2013 das ist das neue, nachhaltige Material aus recycelten Kunststoffverpackungen, das der Outdoor-Ausr\u00fcster VAUDE erstmals f\u00fcr das R\u00fcckensystem seiner\u00a0neuen Radtaschen-Serie \u201eReCycle\u201c verwendet.\u00a0Dazu arbeitet das deutsche Familienunternehmen mit den Recycling-Firmen Interseroh und APK zusammen.<\/p>\n<p>\u201eDer Stoff unserer Radtaschen besteht schon lange aus recyceltem Material\u00a0\u2013 die gro\u00dfe Innovation ist, dass wir nun auch ein R\u00fcckensystem aus recycelten Materialien herstellen k\u00f6nnen\u201c, erkl\u00e4rt\u00a0Cl\u00e9ment Affholder, Project Manager Innovation, VAUDE.\u00a0Die neuen Fahrradtaschen sind damit die ersten Radtaschen bei VAUDE \u2013 und generell auf dem Markt \u2013 bei denen alle Hauptmaterialien aus recycelten Stoffen bestehen.<\/p>\n<p>Die Radtaschen leisten einen gro\u00dfen Schritt hin zum gesetzten Klimaziel von VAUDE: &#8220;Wir streben globale Klimaneutralit\u00e4t an und m\u00f6chten bis 2024 unsere Produkte \u00fcberwiegend aus biobasierten oder recycelten Materialien herstellen&#8221;, sagt Antje von Dewitz, Gesch\u00e4ftsf\u00fchrerin von VAUDE. Die Orientierung erfolgt am Prinzip der Kreislaufwirtschaft: Durch den Einsatz von nachwachsenden Rohstoffen und das Recycling von Materialien werden fossile Ressourcen geschont und CO<sub>2<\/sub>-Emissionen in der Materialherstellung deutlich reduziert.<strong>\u00a0<\/strong><\/p>\n<p><strong>R\u00fcckenplatte aus Post-Consumer-Abf\u00e4llen <\/strong><\/p>\n<p>Die R\u00fcckenplatte der Taschen besteht dabei zu 100 Prozent aus Procyclen \u2013 einem Recyclingkunststoff, den der Umweltdienstleister Interseroh nach strengen Qualit\u00e4tsstandards aus Post-Consumer-Abf\u00e4llen aus der Gelben Tonne\/dem Gelben Sack herstellt.<\/p>\n<p>Um eine leichte und zugleich dauerhaft stabile Befestigung der Fahrradtasche am Gep\u00e4cktr\u00e4ger zu erm\u00f6glichen, muss die Kunststoff-Konstruktion besonderen Anforderungen gen\u00fcgen. Das speziell f\u00fcr VAUDE entwickelte Procyclen, ein Polypropylen-Recompound, verf\u00fcgt \u00fcber eine besondere Langzeit-Schlagz\u00e4higkeit im extrem niedrigen sowie hohen Temperaturbereich mit zus\u00e4tzlicher garantierter UV- und Oberfl\u00e4chen-Kratzbest\u00e4ndigkeit. Gleichzeitig gew\u00e4hrleistet eine verbesserte Zugfestigkeit die geometrische Stabilit\u00e4t des Produkts. \u201eEs handelt sich um eine einzigartige neue Rezeptur, deren Eigenschaften selbst bei der Modifikation von Neuware bisher auf industrieller Ebene so nicht erreicht wurden\u201c, sagt Dr. Manica Ulcnik-Krump, Leiterin der Business Unit Recycled-Resource bei Interseroh.<\/p>\n<p>Mit dem Verfahren \u201eRecycled-Resource\u201c hat Interseroh das Compoundieren von Altkunststoffen und die Herstellung kundenspezifischer Recyclingrohstoffe perfektioniert \u2013 zum Nutzen der Industrie und der Umwelt: Laut einer Studie des Fraunhofer-Instituts UMSICHT spart der Einsatz von Procyclen im Vergleich zur Verwendung von Neuware rund 56 Prozent Treibhausgasemissionen ein.<\/p>\n<p><strong>Befestigungs-Haken aus recycelten Mehrschichtfolien <\/strong><\/p>\n<p>F\u00fcr die Befestigungs-Haken der Tasche greift VAUDE auf ein hochleistungsf\u00e4higes, verst\u00e4rktes Polyamid 6-Rezyklat der APK AG zur\u00fcck. Das Polyamid-Rezyklat wurde mit dem innovativen Newcycling<sup>\u00ae-<\/sup>Prozess erzeugt, einem physikalischen, l\u00f6semittelbasierten Verfahren, indem aus Abf\u00e4llen aus der Herstellung von PA\/PE-Mehrschichtfolien f\u00fcr Verpackungen, hochreine Rezyklate gewonnen werden.<\/p>\n<p>F\u00fcr die Haken wurde von VAUDE ein Rezyklat ben\u00f6tigt, welches selbst unter den unterschiedlichsten Outdoor-Bedingungen hohen Belastungen Stand h\u00e4lt und sich durch seine Langlebigkeit auszeichnet. Des Weiteren musste eine gute Einf\u00e4rbbarkeit des Materials gew\u00e4hrleistet sein, um designrelevante Aspekte zu ber\u00fccksichtigen. All diese Anforderungen erf\u00fcllt das Mersamid<sup>\u00ae<\/sup>-Rezyklat der APK AG und das Ganze bei einem reduzierten CO<sub>2<\/sub>-Fu\u00dfabdruck im Vergleich zu Neuwaren-Polyamid um 88 Prozent (ifeu, 2019).<\/p>\n<p>\u201eWir freuen uns sehr \u00fcber die hervorragende M\u00f6glichkeit, die Eignung unserer PA-Rezyklate f\u00fcr anspruchsvolle Anwendungen wie der VAUDE Radtaschen unter Beweis stellen zu k\u00f6nnen. Dies ist ein tolles Beispiel daf\u00fcr, dass es m\u00f6glich ist, Abf\u00e4lle aus einem Stoffstrom, der bis dato mit Standardtechnologie nicht sinnvoll recycelt werden konnte, in den Kreislauf zur\u00fcckzuf\u00fchren\u201c, so Klaus Wohnig, CEO der APK AG.<\/p>\n<p><strong>Neue Radtaschen-Serie \u201eReCycle\u201c im Handel <\/strong><\/p>\n<p>Die neue Fahrradtaschen-Serie besteht aus drei unterschiedlich gro\u00dfen Hinterradtaschen (ReCycle Pro Single, ReCycle Back Single, ReCycle Back) und einer Shoppertasche f\u00fcr den Fahrrad-Gep\u00e4cktr\u00e4ger (ReCycle Shopper). Alle Taschen sind wasserdicht verschwei\u00dft und klimaneutral in Deutschland hergestellt. Im Handel sind sie ab Oktober 2021 erh\u00e4ltlich.<\/p>\n<p><strong>\u00dcber VAUDE<\/strong><\/p>\n<p>Als nachhaltiger Outdoor-Ausr\u00fcster leistet VAUDE einen Beitrag zu einer lebenswerten Welt, damit Menschen von morgen die Natur mit gutem Gewissen genie\u00dfen k\u00f6nnen. Dabei setzt das Familienunternehmen weltweit \u00f6kologische und soziale Standards entlang der globalen Lieferkette. VAUDE ver\u00f6ffentlicht j\u00e4hrlich einen Nachhaltigkeitsbericht und l\u00e4sst sich regelm\u00e4\u00dfig extern zertifizieren. Seit 2001 arbeitet das Unternehmen mit dem strengen Umweltstandard bluesign\u00ae System, der die gesamte textile Wertsch\u00f6pfungskette kontrolliert. Der Firmenstandort Tettnang und alle dort hergestellten Produkte sind 100 Prozent klimaneutral. Am Firmensitz besch\u00e4ftigt VAUDE rund 500 Mitarbeitende. Weitere Informationen unter <a href=\"http:\/\/www.vaude.com\">www.vaude.com<\/a>.<\/p>\n<p><strong>\u00dcber Interseroh<\/strong><\/p>\n<p>Interseroh, ein Unternehmen der ALBA Group, ist einer der f\u00fchrenden Umweltdienstleister rund um die Schlie\u00dfung von Produkt-, Material- und Logistikkreisl\u00e4ufen. Ab dem kommenden Jahr startet Interseroh mit einem neuen dualen System und einem neuen Konzept. Das Angebot der neu gegr\u00fcndeten Interseroh+ GmbH richtet sich an alle Unternehmen, die nicht nur ihre gesetzliche Pflicht zur Verpackungslizenzierung erf\u00fcllen wollen, sondern selbst Verantwortung f\u00fcr das Schlie\u00dfen von Recycling- und Rohstoffkreisl\u00e4ufen \u00fcbernehmen m\u00f6chten. Sie k\u00f6nnen auf Wunsch als stille Beteiligte bei der Neugr\u00fcndung einsteigen.<\/p>\n<p>Die ALBA Group ist mit ihren beiden Marken ALBA und Interseroh in Deutschland und Europa sowie in Asien aktiv. Im Jahr 2019 erwirtschafteten ihre Gesch\u00e4ftsbereiche einen Umsatz von 2,0 Milliarden Euro und besch\u00e4ftigten insgesamt rund 8.800 Mitarbeiter. Damit ist die ALBA Group einer der f\u00fchrenden Recycling- und Umweltdienstleister sowie Rohstoffversorger weltweit.<\/p>\n<p>Weitere Informationen zu Interseroh finden Sie unter <a href=\"http:\/\/www.interseroh.de\">www.interseroh.de<\/a>.<\/p>\n<p><strong>\u00dcber APK<\/strong><\/p>\n<p>Die APK wurde 2008 mit dem Ziel gegr\u00fcndet, Kunststoffrezyklat mit gr\u00f6\u00dftm\u00f6glichem Reinheitsgrad aus Kunststoffabf\u00e4llen zu gewinnen. Die Eigenschaften des Rezyklats sollten vergleichbar zu denen von Neukunststoffen sein. Die Forscher und Ingenieure von APK haben mit dem Newcycling<sup>\u00ae<\/sup>-Prozess eine effiziente Recyclingtechnologie entwickelt, die mechanische und l\u00f6sungsmittelbasierte Schritte kombiniert. Das Qualit\u00e4tsniveau im Bereich der physikalischen Recyclingtechnologien zu heben und damit die T\u00fcr zu neuen Endm\u00e4rkten zu \u00f6ffnen und gleichzeitig den CO<sub>2<\/sub>-Fu\u00dfabdruck gering zu halten, ist die Mission von APK und ihr Beitrag zu einer Kreislaufwirtschaft f\u00fcr Kunststoffe. Derzeit besch\u00e4ftigt die APK etwa 130 Arbeitnehmer an ihrem Standort Merseburg. Die Produktionsanlage verf\u00fcgt \u00fcber eine j\u00e4hrliche Recyclingkapazit\u00e4t von bis zu 20.000 Tonnen. Die etablierten Kunststoffrezyklate aus Merseburg werden unter den Namen Mersalen<sup>\u00ae<\/sup> und Mersamid<sup>\u00ae<\/sup> vermarktet.<\/p>\n<p>Weitere Informationen unter <a href=\"http:\/\/www.apk-ag.de\">www.apk-ag.de<\/a>.<\/p>\n<p>Erfahren Sie mehr \u00fcber Newcycling<sup>\u00ae<\/sup> unter:<\/p>\n<p><a href=\"https:\/\/www.youtube.com\/c\/APKAGInnovativeplasticrecycling\">https:\/\/www.youtube.com\/c\/APKAGInnovativeplasticrecycling<\/a><\/p>\n","protected":false},"excerpt":{"rendered":"<p>Innovativ, klimafreundlich und \u00e4u\u00dferst stabil \u2013 das ist das neue, nachhaltige Material aus recycelten Kunststoffverpackungen&#8230;<\/p>\n","protected":false},"author":2,"featured_media":26726,"comment_status":"closed","ping_status":"closed","sticky":false,"template":"","format":"standard","meta":{"footnotes":""},"categories":[24,16],"tags":[],"series":[],"class_list":["post-26725","post","type-post","status-publish","format-standard","has-post-thumbnail","hentry","category-plas-tv-meldungen-auf-der-startseite-unterhalb-slider","category-plast-tv-textmeldungen"],"_links":{"self":[{"href":"https:\/\/plas.tv\/index.php?rest_route=\/wp\/v2\/posts\/26725","targetHints":{"allow":["GET"]}}],"collection":[{"href":"https:\/\/plas.tv\/index.php?rest_route=\/wp\/v2\/posts"}],"about":[{"href":"https:\/\/plas.tv\/index.php?rest_route=\/wp\/v2\/types\/post"}],"author":[{"embeddable":true,"href":"https:\/\/plas.tv\/index.php?rest_route=\/wp\/v2\/users\/2"}],"replies":[{"embeddable":true,"href":"https:\/\/plas.tv\/index.php?rest_route=%2Fwp%2Fv2%2Fcomments&post=26725"}],"version-history":[{"count":1,"href":"https:\/\/plas.tv\/index.php?rest_route=\/wp\/v2\/posts\/26725\/revisions"}],"predecessor-version":[{"id":26727,"href":"https:\/\/plas.tv\/index.php?rest_route=\/wp\/v2\/posts\/26725\/revisions\/26727"}],"wp:featuredmedia":[{"embeddable":true,"href":"https:\/\/plas.tv\/index.php?rest_route=\/wp\/v2\/media\/26726"}],"wp:attachment":[{"href":"https:\/\/plas.tv\/index.php?rest_route=%2Fwp%2Fv2%2Fmedia&parent=26725"}],"wp:term":[{"taxonomy":"category","embeddable":true,"href":"https:\/\/plas.tv\/index.php?rest_route=%2Fwp%2Fv2%2Fcategories&post=26725"},{"taxonomy":"post_tag","embeddable":true,"href":"https:\/\/plas.tv\/index.php?rest_route=%2Fwp%2Fv2%2Ftags&post=26725"},{"taxonomy":"series","embeddable":true,"href":"https:\/\/plas.tv\/index.php?rest_route=%2Fwp%2Fv2%2Fseries&post=26725"}],"curies":[{"name":"wp","href":"https:\/\/api.w.org\/{rel}","templated":true}]}}