{"id":26730,"date":"2021-06-30T13:24:38","date_gmt":"2021-06-30T11:24:38","guid":{"rendered":"https:\/\/php8.plastv.de\/?p=26730"},"modified":"2021-06-29T13:28:32","modified_gmt":"2021-06-29T11:28:32","slug":"paccor-veroeffentlicht-ersten-nachhaltigkeitsjahresbericht","status":"publish","type":"post","link":"https:\/\/plas.tv\/?p=26730","title":{"rendered":"PACCOR ver\u00f6ffentlicht ersten Nachhaltigkeitsjahresbericht"},"content":{"rendered":"<p><span id=\"page78R_mcid4\" class=\"markedContent\"><span dir=\"ltr\">PACCOR<\/span><span dir=\"ltr\"> hat <\/span><span dir=\"ltr\"> seinen<\/span><span dir=\"ltr\"> GRI<\/span><span dir=\"ltr\">-konformen<\/span><span dir=\"ltr\"> Nachhaltigkeitsbericht<\/span><span dir=\"ltr\"> f\u00fcr<\/span><span dir=\"ltr\"> das<\/span><span dir=\"ltr\"> Gesch\u00e4ftsjahr<\/span><span dir=\"ltr\"> 2020<\/span><span dir=\"ltr\"> ver\u00f6ffentlicht<\/span><span dir=\"ltr\">und<\/span><span dir=\"ltr\"> die<\/span><span dir=\"ltr\"> meisten<\/span><span dir=\"ltr\"> seiner<\/span><span dir=\"ltr\"> Nachhaltigkeitsziele<\/span><span dir=\"ltr\"> f\u00fcr<\/span><span dir=\"ltr\"> 2020<\/span><span dir=\"ltr\"> \u00fcbererf\u00fcllt.<\/span><span dir=\"ltr\"> Durch<\/span><span dir=\"ltr\"> die<\/span><span dir=\"ltr\"> Reduzierung<\/span><span dir=\"ltr\"> der<\/span><span dir=\"ltr\"> Intensit\u00e4t <\/span><span dir=\"ltr\">des <\/span><span dir=\"ltr\">CO2<\/span><span dir=\"ltr\">-Fu\u00dfabdrucks<\/span><span dir=\"ltr\"> von<\/span><span dir=\"ltr\"> der<\/span><span dir=\"ltr\"> Wiege<\/span><span dir=\"ltr\"> bis<\/span><span dir=\"ltr\"> zur<\/span><span dir=\"ltr\"> Bahre<\/span><span dir=\"ltr\"> um<\/span><span dir=\"ltr\"> 11% <\/span><span dir=\"ltr\">im<\/span><span dir=\"ltr\"> Vergleich<\/span><span dir=\"ltr\"> zu<\/span><span dir=\"ltr\"> 2019<\/span><span dir=\"ltr\"> und<\/span><span dir=\"ltr\"> die<\/span><span dir=\"ltr\"> Erh\u00f6hung<\/span><span dir=\"ltr\"> der <\/span><span dir=\"ltr\">Recyclingf\u00e4higkeit <\/span><span dir=\"ltr\">seiner <\/span><span dir=\"ltr\">Produkte <\/span><span dir=\"ltr\">auf <\/span><span dir=\"ltr\">insgesamt <\/span><span dir=\"ltr\">65 % <\/span><span dir=\"ltr\">ist <\/span><span dir=\"ltr\">das <\/span><span dir=\"ltr\">Unternehmen <\/span><span dir=\"ltr\">mit <\/span><span dir=\"ltr\">seiner <\/span><span dir=\"ltr\">Nachhaltigkeitsstrategie<\/span><span dir=\"ltr\"> CARE<\/span><span dir=\"ltr\"> auf<\/span><span dir=\"ltr\"> einem<\/span><span dir=\"ltr\"> klaren<\/span><span dir=\"ltr\"> und<\/span><span dir=\"ltr\"> ambitionierten<\/span><span dir=\"ltr\"> Weg<\/span><span dir=\"ltr\"> nach<\/span><span dir=\"ltr\"> vorne.<\/span><\/span><\/p>\n<p><span id=\"page78R_mcid5\" class=\"markedContent\"><span dir=\"ltr\">Der j\u00e4hrliche Nachhaltigkeitsbericht des Verpackungsunternehmens PACCOR gibt einen <\/span><span dir=\"ltr\">transparenten und detaillierten \u00dcberblick \u00fcber die Nachhaltigkeitsarbeit des Unternehmens in jede<\/span><span dir=\"ltr\">m seiner vier <\/span><span dir=\"ltr\">strategischen Handlungsfelder: Kreislaufwirtschaft<\/span><span dir=\"ltr\"> (Circularity)<\/span><span dir=\"ltr\">, Allianzen, Ressourcen und Mitarbeiter <\/span><span dir=\"ltr\">(Employees)<\/span><span dir=\"ltr\">. Der Bericht wurde in Anlehnung an die Richtlinien der Global Reporting Initiative (GRI) erstellt. In <\/span><span dir=\"ltr\">diesem<\/span><span dir=\"ltr\"> ersten <\/span><span dir=\"ltr\">Report<\/span><span dir=\"ltr\"> ste<\/span><span dir=\"ltr\">llt PACCOR die nicht<\/span><span dir=\"ltr\">-finanziellen Ziele und Ma\u00dfnahmen des <\/span><span dir=\"ltr\">Unternehmens<\/span><span dir=\"ltr\"> dar, die <\/span><span dir=\"ltr\">Kernelemente der integrierten Nachhaltigkeitsstrategie sind. Zu den Schwerpunkten der PACCOR <\/span><span dir=\"ltr\">Nachhaltigkeitsstrategie geh\u00f6ren im Jahr 2020 unter anderem die noch schneller umge<\/span><span dir=\"ltr\">setzten<\/span><span dir=\"ltr\"> Verbesserungen <\/span><span dir=\"ltr\">des Unternehmens in den Bereichen nachhaltige Kunststoffverpackungen, Ressourcenverbrauch und <\/span><span dir=\"ltr\">Auswirkungen des Klimawandels.<\/span><\/span><\/p>\n<p><span id=\"page78R_mcid5\" class=\"markedContent\"> <\/span><span id=\"page78R_mcid6\" class=\"markedContent\"><span dir=\"ltr\">&#8220;Wir freuen uns, dass unser erster GRI<\/span><span dir=\"ltr\">-konformer Nachhaltigkeitsbericht vorliegt und die gemeinsamen <\/span><span dir=\"ltr\">Anstrengungen und bedeutenden Leistungen aller Gesch\u00e4ftsbereiche und Gesellschaften <\/span><span dir=\"ltr\">innerhalb der PACCOR <\/span><span dir=\"ltr\">Familie umfasst&#8221;, <\/span><span dir=\"ltr\">erkl\u00e4rt Andreas Sch\u00fctte, CEO von <\/span><span dir=\"ltr\">PACCOR.<\/span><span dir=\"ltr\"> &#8220;In einem au\u00dfergew\u00f6hnlichen Jahr 2020, das von der <\/span><span dir=\"ltr\">globalen Pandemie gepr\u00e4gt war, haben wir wichtige Meilensteine erreicht und k\u00f6nnen mit Stolz sagen, dass wir <\/span><span dir=\"ltr\">unsere Verpflichtungen \u00fcbererf\u00fcllt haben.&#8221;<\/span><\/span><span id=\"page78R_mcid7\" class=\"markedContent\"><\/span><\/p>\n<p><span id=\"page1R_mcid0\" class=\"markedContent\"><span dir=\"ltr\">Im Laufe des Jahres 2020 hat PACCOR weitere <\/span><span dir=\"ltr\">neue <\/span><span dir=\"ltr\">wiederverwertbare<\/span><span dir=\"ltr\"> Materialien sowie leichtere L\u00f6sungen <\/span><span dir=\"ltr\">identifiziert, die im Laufe des Jahres 2021 auf den Markt kommen werden. Die langfristige Partnerschaft mit <\/span><span dir=\"ltr\">Digimarc, die durch den erhaltenen Platinum Pioneer Plastics Partner Status bekr\u00e4ftigt<\/span><span dir=\"ltr\"> wurde, erm\u00f6glicht es <\/span><span dir=\"ltr\">PACCOR<\/span><span dir=\"ltr\">, als erstes Verpackungsunternehmen digitale Wasserzeichen auf Tiefziehverpackungen<\/span><span dir=\"ltr\"> ohne <\/span><span dir=\"ltr\">Aufd<\/span><span dir=\"ltr\">ruck <\/span><span dir=\"ltr\">kommerziell anbieten zu k\u00f6nnen, um die Erkennung und Sortierung von Kunststoffen um bis zu 100% zu <\/span><span dir=\"ltr\">verbessern.<\/span><\/span><\/p>\n<p><span id=\"page1R_mcid1\" class=\"markedContent\"><span dir=\"ltr\">Im Vergleich zum Referenzjahr 2019 reduzierte das Unternehmen die Intensit\u00e4t des CO2<\/span><span dir=\"ltr\">-Fu\u00dfabdrucks <\/span><span dir=\"ltr\">von der <\/span><span dir=\"ltr\">Wiege bis zur Bahre (<\/span><span dir=\"ltr\">\u201eCradle<\/span><span dir=\"ltr\"> to grave<\/span><span dir=\"ltr\">\u201c) um 11% und erh\u00f6hte den Gesamtanteil an erneuerbarem Strom auf 71%. <\/span><span dir=\"ltr\">F\u00fcr 2021 hat sich PACCOR zus\u00e4tzlichen erneuerbaren Strom bis zu 8<\/span><span dir=\"ltr\">6% des gesamten Stromverbrauchs <\/span><span dir=\"ltr\">gesichert, wobei 12 von 15 Standorten vollst\u00e4ndig mit erneuerbarem Strom betrieben werden.<\/span><\/span><\/p>\n<p><span id=\"page1R_mcid2\" class=\"markedContent\"><span dir=\"ltr\">&#8220;Unserer Innovations<\/span><span dir=\"ltr\">-Roadmap folgend, werden wir auch weiterhin die Gesamt<\/span><span dir=\"ltr\">-Recyclingf\u00e4higkeit unserer <\/span><span dir=\"ltr\">Produkte erh\u00f6hen, indem wir Mat<\/span><span dir=\"ltr\">erialien, f\u00fcr die es derzeit keinen Recycling<\/span><span dir=\"ltr\">-Strom gibt, durch Materialien <\/span><span dir=\"ltr\">ersetzen, die leicht recycelbar sind oder die Gesamt<\/span><span dir=\"ltr\">-Recyclingf\u00e4higkeit des Endprodukts nicht beeintr\u00e4chtigen. <\/span><span dir=\"ltr\">Und ab dem ersten Quartal dieses Jahres ersetzen wir, unterst\u00fctzt durch das ISCC+ Zertifikat, neue fossilbasierte <\/span><span dir=\"ltr\">Harze durch noch mehr PCR-<\/span><span dir=\"ltr\"> oder biobasierte Rohstoffe&#8221;<\/span><span dir=\"ltr\">, schlie\u00dft Caterina Camerani, VP Group Sustainability bei <\/span><span dir=\"ltr\">PACCOR.<\/span><\/span><\/p>\n<p><span id=\"page1R_mcid3\" class=\"markedContent\"><span dir=\"ltr\">Der <\/span><span dir=\"ltr\">PACCOR Nachhaltigkeitsbericht 2020 ist <\/span><\/span><span id=\"page1R_mcid4\" class=\"markedContent\"><span dir=\"ltr\">online<\/span><\/span><span id=\"page1R_mcid5\" class=\"markedContent\"><span dir=\"ltr\"> verf\u00fcgbar<\/span><span dir=\"ltr\">.<\/span><\/span><span id=\"page1R_mcid9\" class=\"markedContent\"> <\/span><span id=\"page1R_mcid37\" class=\"markedContent\"><\/span><span id=\"page1R_mcid38\" class=\"markedContent\"><\/span><\/p>\n<section class=\"linkAnnotation\" data-annotation-id=\"38R\"><\/section>\n","protected":false},"excerpt":{"rendered":"<p>PACCOR hat  seinen GRI-konformen Nachhaltigkeitsbericht f\u00fcr das Gesch\u00e4ftsjahr 2020 ver\u00f6ffentlichtund die meisten seiner&#8230;<\/p>\n","protected":false},"author":2,"featured_media":25363,"comment_status":"closed","ping_status":"closed","sticky":false,"template":"","format":"standard","meta":{"footnotes":""},"categories":[24,16],"tags":[],"series":[],"class_list":["post-26730","post","type-post","status-publish","format-standard","has-post-thumbnail","hentry","category-plas-tv-meldungen-auf-der-startseite-unterhalb-slider","category-plast-tv-textmeldungen"],"_links":{"self":[{"href":"https:\/\/plas.tv\/index.php?rest_route=\/wp\/v2\/posts\/26730","targetHints":{"allow":["GET"]}}],"collection":[{"href":"https:\/\/plas.tv\/index.php?rest_route=\/wp\/v2\/posts"}],"about":[{"href":"https:\/\/plas.tv\/index.php?rest_route=\/wp\/v2\/types\/post"}],"author":[{"embeddable":true,"href":"https:\/\/plas.tv\/index.php?rest_route=\/wp\/v2\/users\/2"}],"replies":[{"embeddable":true,"href":"https:\/\/plas.tv\/index.php?rest_route=%2Fwp%2Fv2%2Fcomments&post=26730"}],"version-history":[{"count":1,"href":"https:\/\/plas.tv\/index.php?rest_route=\/wp\/v2\/posts\/26730\/revisions"}],"predecessor-version":[{"id":26731,"href":"https:\/\/plas.tv\/index.php?rest_route=\/wp\/v2\/posts\/26730\/revisions\/26731"}],"wp:featuredmedia":[{"embeddable":true,"href":"https:\/\/plas.tv\/index.php?rest_route=\/wp\/v2\/media\/25363"}],"wp:attachment":[{"href":"https:\/\/plas.tv\/index.php?rest_route=%2Fwp%2Fv2%2Fmedia&parent=26730"}],"wp:term":[{"taxonomy":"category","embeddable":true,"href":"https:\/\/plas.tv\/index.php?rest_route=%2Fwp%2Fv2%2Fcategories&post=26730"},{"taxonomy":"post_tag","embeddable":true,"href":"https:\/\/plas.tv\/index.php?rest_route=%2Fwp%2Fv2%2Ftags&post=26730"},{"taxonomy":"series","embeddable":true,"href":"https:\/\/plas.tv\/index.php?rest_route=%2Fwp%2Fv2%2Fseries&post=26730"}],"curies":[{"name":"wp","href":"https:\/\/api.w.org\/{rel}","templated":true}]}}