{"id":26733,"date":"2021-07-01T10:02:02","date_gmt":"2021-07-01T08:02:02","guid":{"rendered":"https:\/\/php8.plastv.de\/?p=26733"},"modified":"2021-07-01T10:02:02","modified_gmt":"2021-07-01T08:02:02","slug":"radicigroup-schliesst-2020-trotz-der-pandemie-mit-gutem-ergebnis-ab","status":"publish","type":"post","link":"https:\/\/plas.tv\/?p=26733","title":{"rendered":"RadiciGroup schlie\u00dft 2020 trotz der Pandemie mit gutem Ergebnis ab"},"content":{"rendered":"<p>Die<strong> RadiciGroup<\/strong>, ein in Bergamo gegr\u00fcndetes italienisches Unternehmen mit <strong>3.000 Mitarbeitern<\/strong> in <strong>15 L\u00e4ndern<\/strong> und aktiv in den Bereichen Chemikalien, technische Kunststoffe, Fasern und Vliesstoffe, hat das <strong>Gesch\u00e4ftsjahr 2020<\/strong> mit einem <strong>Gesamtumsatz von 1.019 Mio. Euro<\/strong> (-6,7 % gegen\u00fcber 2019) abgeschlossen. Das <strong>EBITDA<\/strong> betrug <strong>173 Mio. Euro<\/strong>, ein <strong>Plus von 4,4 %<\/strong> im Vergleich zum Vorjahr, und das <strong>Betriebsergebnis nach Abschreibungen<\/strong> belief sich auf <strong>87 Mio. Euro (+8,1 % gegen\u00fcber 2019)<\/strong>.<\/p>\n<p>Auch im vergangenen Jahr, das unter dem Einfluss der Corona-Pandemie und die zu ihrer Eind\u00e4mmung eingeleiteten Ma\u00dfnahmen stand, verfolgte das Unternehmen konsequent seine Strategie, sich auf strategisch und synergetisch wichtige <strong>Kernbereiche zu konzentrieren<\/strong>, z. B. die Polyamidchemie, technische Kunststoffe sowie fortschrittliche Textill\u00f6sungen.<\/p>\n<p>Im Allgemeinen folgte die <strong>Gesch\u00e4ftsentwicklung<\/strong> im Jahr 2020 dem Verlauf der Pandemie und verzeichnete einen starken Nachfrager\u00fcckgang in der ersten Jahresh\u00e4lfte nach dem Inkrafttreten des Lockdowns, gefolgt von einer leichten Erholung zwischen September und November, die teilweise durch den Wiederanstieg der Infektionen im Dezember gebremst wurde. Im Bereich Textilien machte sich der R\u00fcckgang st\u00e4rker bemerkbar als in anderen Gesch\u00e4ftseinheiten des Unternehmens und steht damit im Einklang mit dem Trend des gesamten Sektors auf nationaler Ebene.<\/p>\n<p><strong>Das Jahr 2021 begann vielversprechend: Im ersten Quartal<\/strong> stiegen Umsatz und EBITDA in fast allen Bereichen, trotz der in diesem Zeitraum stark angezogenen Rohstoffpreise.<\/p>\n<p><em>\u201e2020 war gewiss in mehrfacher Hinsicht ein schwieriges Jahr\u201c<\/em>, so <strong>Angelo Radici, Pr\u00e4sident der RadiciGroup.<\/strong> <em>\u201eAber es ist uns gelungen, den negativen Effekt der Pandemie zu begrenzen und ein zufriedenstellendes Ergebnis einzufahren, das unsere Wettbewerbsf\u00e4higkeit auf dem Markt untermauert. Das neue Jahr beginnt mit der Herausforderung, das Potenzial der wirtschaftlichen Erholung voll auszusch\u00f6pfen. Trotz einer immer noch unsicheren weltweiten Lage sind wir zuversichtlich, dass wir auf Grund unserer Solidit\u00e4t und Effizienz und die Fokussierung auf eine Mehrwert schaffende Fertigung, eine noch h\u00f6here Flexibilit\u00e4t in der Produktion und Investitionen in Forschung und Entwicklung in der Lage sein werden, unseren Kunden weiterhin leistungsf\u00e4hige L\u00f6sungen anbieten zu k\u00f6nnen, indem wir gemeinsam an immer innovativeren und nachhaltigeren Projekten arbeiten.\u201c<\/em><\/p>\n","protected":false},"excerpt":{"rendered":"<p>Die RadiciGroup, ein in Bergamo gegr\u00fcndetes italienisches Unternehmen mit 3.000 Mitarbeitern in 15 L\u00e4ndern und aktiv in den&#8230;<\/p>\n","protected":false},"author":2,"featured_media":26736,"comment_status":"closed","ping_status":"closed","sticky":false,"template":"","format":"standard","meta":{"footnotes":""},"categories":[24,16],"tags":[],"series":[],"class_list":["post-26733","post","type-post","status-publish","format-standard","has-post-thumbnail","hentry","category-plas-tv-meldungen-auf-der-startseite-unterhalb-slider","category-plast-tv-textmeldungen"],"_links":{"self":[{"href":"https:\/\/plas.tv\/index.php?rest_route=\/wp\/v2\/posts\/26733","targetHints":{"allow":["GET"]}}],"collection":[{"href":"https:\/\/plas.tv\/index.php?rest_route=\/wp\/v2\/posts"}],"about":[{"href":"https:\/\/plas.tv\/index.php?rest_route=\/wp\/v2\/types\/post"}],"author":[{"embeddable":true,"href":"https:\/\/plas.tv\/index.php?rest_route=\/wp\/v2\/users\/2"}],"replies":[{"embeddable":true,"href":"https:\/\/plas.tv\/index.php?rest_route=%2Fwp%2Fv2%2Fcomments&post=26733"}],"version-history":[{"count":1,"href":"https:\/\/plas.tv\/index.php?rest_route=\/wp\/v2\/posts\/26733\/revisions"}],"predecessor-version":[{"id":26734,"href":"https:\/\/plas.tv\/index.php?rest_route=\/wp\/v2\/posts\/26733\/revisions\/26734"}],"wp:featuredmedia":[{"embeddable":true,"href":"https:\/\/plas.tv\/index.php?rest_route=\/wp\/v2\/media\/26736"}],"wp:attachment":[{"href":"https:\/\/plas.tv\/index.php?rest_route=%2Fwp%2Fv2%2Fmedia&parent=26733"}],"wp:term":[{"taxonomy":"category","embeddable":true,"href":"https:\/\/plas.tv\/index.php?rest_route=%2Fwp%2Fv2%2Fcategories&post=26733"},{"taxonomy":"post_tag","embeddable":true,"href":"https:\/\/plas.tv\/index.php?rest_route=%2Fwp%2Fv2%2Ftags&post=26733"},{"taxonomy":"series","embeddable":true,"href":"https:\/\/plas.tv\/index.php?rest_route=%2Fwp%2Fv2%2Fseries&post=26733"}],"curies":[{"name":"wp","href":"https:\/\/api.w.org\/{rel}","templated":true}]}}