{"id":26748,"date":"2021-07-01T10:13:57","date_gmt":"2021-07-01T08:13:57","guid":{"rendered":"https:\/\/php8.plastv.de\/?p=26748"},"modified":"2021-07-01T10:13:57","modified_gmt":"2021-07-01T08:13:57","slug":"ypsomed-erweitert-handlungsspielraum","status":"publish","type":"post","link":"https:\/\/plas.tv\/?p=26748","title":{"rendered":"Ypsomed erweitert Handlungsspielraum"},"content":{"rendered":"<p>Die Generalversammlung der Ypsomed Gruppe hat am 30. Juni 2021 alle Antr\u00e4ge des Verwaltungsrates gutgeheissen. Sie w\u00e4hlte Frau Bet\u00fcl Susamis Unaran neu in den Verwaltungsrat und erm\u00e4chtigte diesen zu einer genehmigten Kapitalerh\u00f6hung.<\/p>\n<p>An der Generalversammlung vom 30. Juni 2021 haben die Aktion\u00e4re der Ypsomed Holding alle Antr\u00e4ge genehmigt. Die Annahme einer Statutenbestimmung zu einer genehmigten Kapitalerh\u00f6hung erm\u00e4chtigt den Verwaltungsrat, jederzeit bis zum 29. Juni 2023 das Aktienkapital durch Ausgabe von maximal 1 Mio. voll zu liberierenden Namenaktien mit einem Nennwert von CHF 14.15 zu erh\u00f6hen. Damit erh\u00f6ht Ypsomed die finanzielle Flexibilit\u00e4t f\u00fcr m\u00f6gliche Opportunit\u00e4ten und weiteres Wachstum.<\/p>\n<p>\u201eWir investieren weiter in Wachstum und setzten alles daran, unsere Vorreiterrolle f\u00fcr L\u00f6sungen zur Selbstbehandlung auszubauen. Die genehmigte Kapitalerh\u00f6hung erweitert unseren Handlungsspielraum\u201c, zeigt sich Simon Michel, CEO Ypsomed, erfreut \u00fcber den Zuspruch der Generalversammlung.<\/p>\n<p>Die Generalversammlung genehmigte auch die vorgeschlagene Erweiterung des Verwaltungsrates und w\u00e4hlte Frau Bet\u00fcl Susamis Unaran als deren neues Mitglied. Sie ist Chief Strategy and Digital Officer sowie Gesch\u00e4ftsleitungsmitglied der Zur Rose Gruppe. Unaran ist ausgewiesene Spezialistin f\u00fcr Digitalisierung im Gesundheitswesen mit ausgepr\u00e4gten interkulturellen und funktions\u00fcbergreifenden F\u00fchrungsqualit\u00e4ten. Alle bisherigen Mitglieder des Verwaltungsrates, Dr. h.c. Willy Michel, Gilbert Achermann, Paul Fonteyne und Dr. Martin M\u00fcnchbach wurden wiedergew\u00e4hlt.<\/p>\n<p>\u201eDie Digitalisierung steigert auch die Komplexit\u00e4t in der strategischen F\u00fchrung. Das Knowhow und die Erfahrung von Bet\u00fcl Susamis Unaran bereichern unser Gremium und helfen uns, unsere ambitionierten Ziele zu erreichen\u201c, kommentiert Dr. h.c. Willy Michel, Pr\u00e4sident des Verwaltungsrats, die Erweiterung des Verwaltungsrates.<\/p>\n<p>Die Generalversammlung genehmigte eine Dividendenaussch\u00fcttung von CHF 14.7 Mio. Dies unter Ber\u00fccksichtigung, dass durch die Einigung im Rechtsstreit mit Insulet Corp. Im abgelaufenen Gesch\u00e4ftsjahr zus\u00e4tzliche USD 36 Mio. vereinnahmt worden sind. Die Aktion\u00e4rinnen und Aktion\u00e4re erhalten f\u00fcr das Gesch\u00e4ftsjahr 2020\/21 CHF 1.16 pro Namenaktie ausbezahlt (Vorjahr: CHF 0.20); CHF 0.58 aus Reserven aus Kapitaleinlagen und CHF 0.58 aus Gewinnreserven.<\/p>\n<p>Die diesj\u00e4hrige Generalversammlung der Ypsomed Gruppe fand wegen der beh\u00f6rdlichen Beschr\u00e4nkungen f\u00fcr Publikumsveranstaltungen wie bereits 2020 ohne physische Teilnahme der Aktion\u00e4rinnen und Aktion\u00e4re statt. Diese \u00fcbten ihre Stimmrechte durch den unabh\u00e4ngigen Stimmrechtsvertreter aus.<\/p>\n<p>&nbsp;<\/p>\n","protected":false},"excerpt":{"rendered":"<p>Die Generalversammlung der Ypsomed Gruppe hat am 30. Juni 2021 alle Antr\u00e4ge des Verwaltungsrates gutgeheissen. Sie w\u00e4hlte&#8230;<\/p>\n","protected":false},"author":2,"featured_media":17394,"comment_status":"closed","ping_status":"closed","sticky":false,"template":"","format":"standard","meta":{"footnotes":""},"categories":[24,16],"tags":[],"series":[],"class_list":["post-26748","post","type-post","status-publish","format-standard","has-post-thumbnail","hentry","category-plas-tv-meldungen-auf-der-startseite-unterhalb-slider","category-plast-tv-textmeldungen"],"_links":{"self":[{"href":"https:\/\/plas.tv\/index.php?rest_route=\/wp\/v2\/posts\/26748","targetHints":{"allow":["GET"]}}],"collection":[{"href":"https:\/\/plas.tv\/index.php?rest_route=\/wp\/v2\/posts"}],"about":[{"href":"https:\/\/plas.tv\/index.php?rest_route=\/wp\/v2\/types\/post"}],"author":[{"embeddable":true,"href":"https:\/\/plas.tv\/index.php?rest_route=\/wp\/v2\/users\/2"}],"replies":[{"embeddable":true,"href":"https:\/\/plas.tv\/index.php?rest_route=%2Fwp%2Fv2%2Fcomments&post=26748"}],"version-history":[{"count":1,"href":"https:\/\/plas.tv\/index.php?rest_route=\/wp\/v2\/posts\/26748\/revisions"}],"predecessor-version":[{"id":26749,"href":"https:\/\/plas.tv\/index.php?rest_route=\/wp\/v2\/posts\/26748\/revisions\/26749"}],"wp:featuredmedia":[{"embeddable":true,"href":"https:\/\/plas.tv\/index.php?rest_route=\/wp\/v2\/media\/17394"}],"wp:attachment":[{"href":"https:\/\/plas.tv\/index.php?rest_route=%2Fwp%2Fv2%2Fmedia&parent=26748"}],"wp:term":[{"taxonomy":"category","embeddable":true,"href":"https:\/\/plas.tv\/index.php?rest_route=%2Fwp%2Fv2%2Fcategories&post=26748"},{"taxonomy":"post_tag","embeddable":true,"href":"https:\/\/plas.tv\/index.php?rest_route=%2Fwp%2Fv2%2Ftags&post=26748"},{"taxonomy":"series","embeddable":true,"href":"https:\/\/plas.tv\/index.php?rest_route=%2Fwp%2Fv2%2Fseries&post=26748"}],"curies":[{"name":"wp","href":"https:\/\/api.w.org\/{rel}","templated":true}]}}