{"id":26752,"date":"2021-07-01T10:40:05","date_gmt":"2021-07-01T08:40:05","guid":{"rendered":"https:\/\/php8.plastv.de\/?p=26752"},"modified":"2021-07-01T10:40:05","modified_gmt":"2021-07-01T08:40:05","slug":"die-e-rsten-virtuellen-engelskirchener-kunststoff-technologie-tage-erfolgreich-durchgefuehrt","status":"publish","type":"post","link":"https:\/\/plas.tv\/?p=26752","title":{"rendered":"Die e rsten virtuellen Engelskirchener Kunststoff Technologie Tage erfolgreich durchgef\u00fchrt"},"content":{"rendered":"<p>Die 24. Engelskirchener Kunststoff Technologie Tage am 17. und 18. Juni waren eine Premiere zum ersten Mal fand die Veranstaltung virtuell statt und Vortr\u00e4ge wurden als Webinare live via Zoom statt auf der gro\u00dfen B\u00fchne vorgetragen. Zum Netzwerken stand eine virtuelle \u201eCoffee Lounge\u201c zur Verf\u00fcgung, die Teilnehmer und Referenten zum Verweilen einlud. Durch die virtuelle EKTT Version wurden mehr als 420 namhafte Teilnehmer und Teilnehmerinnen aus den Branchen Automobil, Haushaltsger\u00e4te u.v.m. erreicht.<br \/>\nEinmal im Jahr dreht sich bei BARLOG Plastics bekanntlich alles um die Engelskirchener Kunststoff Technologie Tage eine Veranstaltung von Kunststoffexperten f\u00fcr Kunststoffexperten. Das diesj\u00e4hrige Konzept beinhaltete eine 2 t\u00e4gige Webinarreihe zu den Themenkreisen \u201eNachhaltigkeit, Innovation &amp;<br \/>\nDigitalisierung\u201c, um diese etablierte Veranstaltung pandemiekonform durchf\u00fchren zu k\u00f6nnen. Mit mehr als 400 G\u00e4sten wurde die Teilnehmerzahl der physischen Veranstaltung noch \u00fcbertroffen.<\/p>\n<p><strong>Virtuelle EKTT als Webinarreihe<\/strong><br \/>\n\u201eNachdem wir in den letzten Monaten an einigen virtuellen Messen teilgenommen haben und mit den Versuchen, das Konzept \u201eMesse\u201c in den virtuellen Raum zu \u00fcbertragen leider keine guten Erfahrungen gemacht haben, haben wir uns schnell dazu entschieden, die begleitende Ausstellung wegzulassen und<br \/>\nuns nur auf die Inhalte zu konzentrieren und lediglich eine Reihe von Webinaren anzubieten.\u201c so Peter Barlog, Gesch\u00e4ftsf\u00fchrer der BARLOG Plastics GmbH.<br \/>\nDie Planung und Umsetzung der Veranstaltung erfolgte in Eigenregie und so wurden 20 Zoom Webinare aufgesetzt, eine eigene Veranstaltungswebseite mit Login Bereich f\u00fcr die Teilnehmerinnen und Teilnehmer erstellt und sogar eine virtuelle Coffee Lounge zum Netzwerken eingerichtet. Somit wurde<br \/>\nauch ein Austausch zwischen G\u00e4sten und Referenten erm\u00f6glicht.<br \/>\n\u201eMit dem Ergebnis sind wir sehr zufrieden. Wir konnten gro\u00dfes Interesse bei wichtigen Entscheidern aus verschiedenen Branchen wecken und hatten hohe Teilnahmequoten und viel Interaktion bei den Webinaren.\u201c, so Peter Barlog \u00fcber das j\u00fcngste Event von BARLOG Plastics. \u201eGanz besonders freuen wir<br \/>\nuns \u00fcber das positive Feedback zu unseren L\u00f6sungen zum Thema Nachhaltigkeit, z. B. unser Sortiment an hochwertigen Recyclingwerkstoffen, die wir unter dem Handelsnamen KEBALLOY ECO vertreiben.\u201c<\/p>\n","protected":false},"excerpt":{"rendered":"<p>Die 24. Engelskirchener Kunststoff Technologie Tage am 17. und 18. Juni waren eine Premiere zum ersten Mal fand die Veranstaltung&#8230;<\/p>\n","protected":false},"author":2,"featured_media":24506,"comment_status":"closed","ping_status":"closed","sticky":false,"template":"","format":"standard","meta":{"footnotes":""},"categories":[24,16],"tags":[],"series":[],"class_list":["post-26752","post","type-post","status-publish","format-standard","has-post-thumbnail","hentry","category-plas-tv-meldungen-auf-der-startseite-unterhalb-slider","category-plast-tv-textmeldungen"],"_links":{"self":[{"href":"https:\/\/plas.tv\/index.php?rest_route=\/wp\/v2\/posts\/26752","targetHints":{"allow":["GET"]}}],"collection":[{"href":"https:\/\/plas.tv\/index.php?rest_route=\/wp\/v2\/posts"}],"about":[{"href":"https:\/\/plas.tv\/index.php?rest_route=\/wp\/v2\/types\/post"}],"author":[{"embeddable":true,"href":"https:\/\/plas.tv\/index.php?rest_route=\/wp\/v2\/users\/2"}],"replies":[{"embeddable":true,"href":"https:\/\/plas.tv\/index.php?rest_route=%2Fwp%2Fv2%2Fcomments&post=26752"}],"version-history":[{"count":1,"href":"https:\/\/plas.tv\/index.php?rest_route=\/wp\/v2\/posts\/26752\/revisions"}],"predecessor-version":[{"id":26753,"href":"https:\/\/plas.tv\/index.php?rest_route=\/wp\/v2\/posts\/26752\/revisions\/26753"}],"wp:featuredmedia":[{"embeddable":true,"href":"https:\/\/plas.tv\/index.php?rest_route=\/wp\/v2\/media\/24506"}],"wp:attachment":[{"href":"https:\/\/plas.tv\/index.php?rest_route=%2Fwp%2Fv2%2Fmedia&parent=26752"}],"wp:term":[{"taxonomy":"category","embeddable":true,"href":"https:\/\/plas.tv\/index.php?rest_route=%2Fwp%2Fv2%2Fcategories&post=26752"},{"taxonomy":"post_tag","embeddable":true,"href":"https:\/\/plas.tv\/index.php?rest_route=%2Fwp%2Fv2%2Ftags&post=26752"},{"taxonomy":"series","embeddable":true,"href":"https:\/\/plas.tv\/index.php?rest_route=%2Fwp%2Fv2%2Fseries&post=26752"}],"curies":[{"name":"wp","href":"https:\/\/api.w.org\/{rel}","templated":true}]}}