{"id":26764,"date":"2021-07-01T11:13:32","date_gmt":"2021-07-01T09:13:32","guid":{"rendered":"https:\/\/php8.plastv.de\/?p=26764"},"modified":"2021-07-01T11:13:32","modified_gmt":"2021-07-01T09:13:32","slug":"avk-etabliert-aktuelle-schwerpunktthemen-in-neue-und-bewaehrte-arbeitskreise","status":"publish","type":"post","link":"https:\/\/plas.tv\/?p=26764","title":{"rendered":"AVK etabliert aktuelle Schwerpunktthemen in neue und bew\u00e4hrte Arbeitskreise\u00a0"},"content":{"rendered":"<p><em>Nachhaltigkeit, Recycling sowie E-Mobilit\u00e4t spielen auch bei der Herstellung und Verwendung von Composites eine immer gr\u00f6\u00dfere Rolle und sind deshalb wichtige Themen in neuen oder bew\u00e4hrten Experten-Arbeitskreisen der AVK \u2013 Industrievereinigung Verst\u00e4rk-te Kunststoffe.<\/em><\/p>\n<p>Die Themen Energiewende, Ressourcenschonung und Nachhaltigkeit sind Kernthemen des derzeitigen gesellschaftlichen und kulturellen Wandels. Die Nutzung und Schonung nat\u00fcrli-cher Ressourcen und der Umgang mit dem Planeten Erde als \u00d6kosystem generell sind zentrale Elemente des politischen Diskurses und halten Einzug in fast alle gesellschaftlichen und industriellen Themenbereiche. Das \u00f6kologische Bewusstsein hat in der Bev\u00f6lkerung in den letzten Jahren massiv zugenommen und dieser Trend verst\u00e4rkt sich auch weiterhin.<\/p>\n<p>Auch Composites als Konstruktionsmaterialien und werkstoffliche Alternative zu etablierten Materialsystemen m\u00fcssen sich diesen Themenbereichen stellen. Kunststoffe in all ihrer Vielfalt k\u00f6nnen, aufgrund ihrer Langlebigkeit, auch zu einem Problem werden. Hier gilt es Konzepte zu entwickeln und im industriellen Ma\u00dfstab L\u00f6sungen umzusetzen. Nicht zuletzt wegen ihrer hohen Relevanz und der Aktualit\u00e4t nehmen entsprechende Themen in neuen, aber auch bew\u00e4hrten Experten-Arbeitskreisen der AVK einen breiten Raum ein.<\/p>\n<p>Composites k\u00f6nnen durch ihre gro\u00dfe Material- und Eigenschaftsvielfalt perfekt an die aktuellen Herausforderungen bei den Themen im Energie-, Automobil- und Bausektor angepasst werden. Ihre besonderen Eigenschaften haben sie vor allem in den Anwendungen bekannt gemacht, bei denen Leichtbau, Langlebigkeit, Korrosionsbest\u00e4ndigkeit und Wartungsarmut gefordert sind. Windkraftanlagen beispielsweise w\u00e4ren ohne Composites nicht denkbar. \u201eNur\u201c hervorragende Eigenschaften in der Nutzungsphase reichen aber heute nicht mehr aus. Konstruktionsmaterialien m\u00fcssen ihre Eignung \u00fcber den gesamten Lebenszyklus nachweisen. Das Thema Nachhaltigkeit wird in allen Anwendungsbereichen immer wichtiger. Neue AVK-Arbeitskreise zu Themen wie Werkstoffeigenschaften und -anforderungen f\u00fcr die E-Mobilit\u00e4t, Recycling von Composites oder auch zu Thermoplastischen Composites-Rohren zeigen, welch gro\u00dfe Dynamik im Composites-Sektor herrscht und was f\u00fcr die Zukunft m\u00f6glich ist. Doch auch die Themen in bew\u00e4hrten Arbeitskreisen werden immer aktuell erg\u00e4nzt, wie z. B. SMC-Anwendungen in der Elektro-Mobilit\u00e4t oder die Vorteile von pultrudierten Composites im Infrastrukturbereich. Dabei bietet auch der Leichtbau von Komponenten in den immer weiter auf Einsparung von Ressourcen bedachten Industriesektoren eine gro\u00dfe Vielfalt an Einsatzm\u00f6glichkeiten f\u00fcr Composites. Bereits heute zeigen sich Composites auch im Hinblick auf die Nachhaltigkeit vielfach gut aufgestellt. Die gr\u00f6\u00dfte Herausforderung dabei wird es sein, die vielf\u00e4ltigen und komplexen M\u00f6glichkeiten von faserverst\u00e4rkten Kunststoffen bekannter zu machen.<\/p>\n","protected":false},"excerpt":{"rendered":"<p>Nachhaltigkeit, Recycling sowie E-Mobilit\u00e4t spielen auch bei der Herstellung und Verwendung von Composites eine immer gr\u00f6\u00dfere Rolle&#8230;<\/p>\n","protected":false},"author":2,"featured_media":10317,"comment_status":"closed","ping_status":"closed","sticky":false,"template":"","format":"standard","meta":{"footnotes":""},"categories":[24,16],"tags":[],"series":[],"class_list":["post-26764","post","type-post","status-publish","format-standard","has-post-thumbnail","hentry","category-plas-tv-meldungen-auf-der-startseite-unterhalb-slider","category-plast-tv-textmeldungen"],"_links":{"self":[{"href":"https:\/\/plas.tv\/index.php?rest_route=\/wp\/v2\/posts\/26764","targetHints":{"allow":["GET"]}}],"collection":[{"href":"https:\/\/plas.tv\/index.php?rest_route=\/wp\/v2\/posts"}],"about":[{"href":"https:\/\/plas.tv\/index.php?rest_route=\/wp\/v2\/types\/post"}],"author":[{"embeddable":true,"href":"https:\/\/plas.tv\/index.php?rest_route=\/wp\/v2\/users\/2"}],"replies":[{"embeddable":true,"href":"https:\/\/plas.tv\/index.php?rest_route=%2Fwp%2Fv2%2Fcomments&post=26764"}],"version-history":[{"count":1,"href":"https:\/\/plas.tv\/index.php?rest_route=\/wp\/v2\/posts\/26764\/revisions"}],"predecessor-version":[{"id":26765,"href":"https:\/\/plas.tv\/index.php?rest_route=\/wp\/v2\/posts\/26764\/revisions\/26765"}],"wp:featuredmedia":[{"embeddable":true,"href":"https:\/\/plas.tv\/index.php?rest_route=\/wp\/v2\/media\/10317"}],"wp:attachment":[{"href":"https:\/\/plas.tv\/index.php?rest_route=%2Fwp%2Fv2%2Fmedia&parent=26764"}],"wp:term":[{"taxonomy":"category","embeddable":true,"href":"https:\/\/plas.tv\/index.php?rest_route=%2Fwp%2Fv2%2Fcategories&post=26764"},{"taxonomy":"post_tag","embeddable":true,"href":"https:\/\/plas.tv\/index.php?rest_route=%2Fwp%2Fv2%2Ftags&post=26764"},{"taxonomy":"series","embeddable":true,"href":"https:\/\/plas.tv\/index.php?rest_route=%2Fwp%2Fv2%2Fseries&post=26764"}],"curies":[{"name":"wp","href":"https:\/\/api.w.org\/{rel}","templated":true}]}}