{"id":26817,"date":"2021-07-05T12:18:25","date_gmt":"2021-07-05T10:18:25","guid":{"rendered":"https:\/\/php8.plastv.de\/?p=26817"},"modified":"2021-07-05T12:19:03","modified_gmt":"2021-07-05T10:19:03","slug":"vinylplus-deutschland-ist-gut-geruestet-fuer-die-neuen-herausforderungen","status":"publish","type":"post","link":"https:\/\/plas.tv\/?p=26817","title":{"rendered":"VinylPlus Deutschland ist gut ger\u00fcstet f\u00fcr die neuen Herausforderungen"},"content":{"rendered":"<p><strong>Vorstand wurde geschlossen bis 2024 best\u00e4tigt<\/strong><\/p>\n<p>Mitte Juni ging VinylPlus 2030, die neue freiwillige Selbstverpflichtung der europ\u00e4ischen PVC-Industrie f\u00fcr die n\u00e4chsten zehn Jahre, an den Start. Dr. Zdenek Hruska, Public Affairs Director bei VinylPlus\u00ae, nutzte die Gelegenheit und stellte im Rahmen der virtuellen Mitgliederversammlung des VinylPlus Deutschland e.V. am 01. Juli 2021 die wichtigsten Punkte des neuen Programms vor.<br \/>\nDas neue Nachhaltigkeitsprogramm baut auf einer \u00fcber 20-j\u00e4hrigen Bilanz von Fortschritten und Erfolgen der europ\u00e4ischen PVC-Branche auf. Dazu geh\u00f6ren unter anderem die kontinuierliche Weiterentwicklung von Erfassungs- und Verwertungssystemen f\u00fcr PVC-Abf\u00e4lle in ganz Europa, die seit 2000 das Recycling von 6,5 Millionen Tonnen PVC erm\u00f6glicht haben, der schrittweise Ersatz kritischer Additive, die Reduzierung des Energieverbrauchs in der Produktion sowie die Entwicklung des VinylPlus\u00ae Product Labels.<\/p>\n<p><strong>Proaktiver Beitrag der PVC-Branche zur Nachhaltigkeit<\/strong><\/p>\n<p>Mit der erneuerten Selbstverpflichtung leistet VinylPlus einen proaktiven Beitrag zur Bew\u00e4ltigung der globalen Herausforderungen und Priorit\u00e4ten im Bereich der Nachhaltigkeit. Hierf\u00fcr wurden drei \u201ePfade\u201c und 12 Aktionsfelder identifiziert, die die Zirkularit\u00e4t der PVC-Wertsch\u00f6pfungskette, ihren Fortschritt in Richtung CO2-Neutralit\u00e4t, die Minimierung des \u00f6kologischen Fu\u00dfabdrucks der PVCProduktion und -Produkte sowie ihren Austausch mit Interessengruppen und globalen Koalitionen weiter vorantreiben.<br \/>\nMit Blick auf die Zukunft bekr\u00e4ftigt VinylPlus sein starkes Engagement und die Verpflichtung, bis 2025 im Einklang mit den Zielen der Circular Plastics Alliance 900.000 Tonnen PVC pro Jahr und bis 2030 eine Million Tonnen PVC pro Jahr zu recyceln. \u201eDie gro\u00dfen transformativen Herausforderungen auf dem Weg hin zu Kreislaufwirtschaft und Klimaneutralit\u00e4t, vor denen die Kunststoffindustrie insgesamt und auch unsere Branche stehen, k\u00f6nnen am besten gemeinsam entlang der gesamten PVC-Wertsch\u00f6pfungskette gemeistert werden\u201c, betonte Dr. Oliver Mieden, Vorstandsvorsitzender von VinylPlus Deutschland, gegen\u00fcber den Mitgliedsunternehmen, die via Bildschirm an der Mitgliederversammlung teilnahmen, und hob hervor: \u201eHier ist das neue Programm VinylPlus 2030 absolut richtungsweisend.\u201c<\/p>\n<p><strong>Wiederwahl des Vorstands sorgt f\u00fcr Kontinuit\u00e4t<\/strong><\/p>\n<p>Ebenfalls auf der Tagesordnung der Mitgliederversammlung stand die turnusm\u00e4\u00dfige Neuwahl des Vorstands. Dieser hatte sich im Vorfeld geschlossen zur Wiederwahl bis 2024 gestellt.Der alte und neue Vorstand von VinylPlus Deutschland setzt sich wie folgt zusammen: Dr. Oliver Mieden (Vinnolit, Vorstandsvorsitzender), Mailin Bode (RENOLIT, stellvertretende Vorsitzende), Dr. Dieter Polte (Vestolit, stellvertretender Vorsitzender), Uwe Dietsch (INOVYN, Schatzmeister), J\u00f6rg Fr\u00f6mming (Dekura), Volkmar Halbe (FEB), Roland Jahn (GEALAN), Roland Pietz (Evonik), Dr. Ingo Sartorius (PlasticsEurope Deutschland) und Thomas Zenger (Baerlocher).<\/p>\n<p><strong>Nachhaltigkeitsforum 2021 von VinylPlus Deutschland im Oktober<\/strong><\/p>\n<p>Das Nachhaltigkeitsforum 2021 von VinylPlus Deutschland, welches gemeinsam mit der Mitgliederversammlung stattfinden sollte, wurde Corona-bedingt auf Anfang Oktober verschoben. Die Veranstaltung richtet sich an die Mitgliedsunternehmen von VinylPlus Deutschland sowie an VinylPlus-Partner und Stakeholder. \u201eBei dem Forum erhalten Teilnehmer wichtige Einblicke in das neue 10-Jahres-Programm, dessen Bedeutung und die konkreten Herausforderungen f\u00fcr die deutsche PVC-Branche\u201c, so Thomas H\u00fclsmann, Gesch\u00e4ftsf\u00fchrer von VinylPlus Deutschland.<\/p>\n","protected":false},"excerpt":{"rendered":"<p> Mitte Juni ging VinylPlus 2030, die neue freiwillige Selbstverpflichtung der europ\u00e4ischenPVC-Industrie f\u00fcr die n\u00e4chsten zehn Jahre&#8230;<\/p>\n","protected":false},"author":2,"featured_media":12063,"comment_status":"closed","ping_status":"closed","sticky":false,"template":"","format":"standard","meta":{"footnotes":""},"categories":[24,16],"tags":[],"series":[],"class_list":["post-26817","post","type-post","status-publish","format-standard","has-post-thumbnail","hentry","category-plas-tv-meldungen-auf-der-startseite-unterhalb-slider","category-plast-tv-textmeldungen"],"_links":{"self":[{"href":"https:\/\/plas.tv\/index.php?rest_route=\/wp\/v2\/posts\/26817","targetHints":{"allow":["GET"]}}],"collection":[{"href":"https:\/\/plas.tv\/index.php?rest_route=\/wp\/v2\/posts"}],"about":[{"href":"https:\/\/plas.tv\/index.php?rest_route=\/wp\/v2\/types\/post"}],"author":[{"embeddable":true,"href":"https:\/\/plas.tv\/index.php?rest_route=\/wp\/v2\/users\/2"}],"replies":[{"embeddable":true,"href":"https:\/\/plas.tv\/index.php?rest_route=%2Fwp%2Fv2%2Fcomments&post=26817"}],"version-history":[{"count":2,"href":"https:\/\/plas.tv\/index.php?rest_route=\/wp\/v2\/posts\/26817\/revisions"}],"predecessor-version":[{"id":26819,"href":"https:\/\/plas.tv\/index.php?rest_route=\/wp\/v2\/posts\/26817\/revisions\/26819"}],"wp:featuredmedia":[{"embeddable":true,"href":"https:\/\/plas.tv\/index.php?rest_route=\/wp\/v2\/media\/12063"}],"wp:attachment":[{"href":"https:\/\/plas.tv\/index.php?rest_route=%2Fwp%2Fv2%2Fmedia&parent=26817"}],"wp:term":[{"taxonomy":"category","embeddable":true,"href":"https:\/\/plas.tv\/index.php?rest_route=%2Fwp%2Fv2%2Fcategories&post=26817"},{"taxonomy":"post_tag","embeddable":true,"href":"https:\/\/plas.tv\/index.php?rest_route=%2Fwp%2Fv2%2Ftags&post=26817"},{"taxonomy":"series","embeddable":true,"href":"https:\/\/plas.tv\/index.php?rest_route=%2Fwp%2Fv2%2Fseries&post=26817"}],"curies":[{"name":"wp","href":"https:\/\/api.w.org\/{rel}","templated":true}]}}