{"id":26820,"date":"2021-07-05T12:23:08","date_gmt":"2021-07-05T10:23:08","guid":{"rendered":"https:\/\/php8.plastv.de\/?p=26820"},"modified":"2021-07-05T15:57:21","modified_gmt":"2021-07-05T13:57:21","slug":"virtuelle-expo-2021-von-wh","status":"publish","type":"post","link":"https:\/\/plas.tv\/?p=26820","title":{"rendered":"Virtuelle EXPO 2021 von W&#038;H"},"content":{"rendered":"<p>Die zweite Virtuelle EXPO von W&amp;H zeigte 12 Tech Sessions f\u00fcr Kunden aus Extrusion, Druck- und Verarbeitung. \u00dcber 2.000 Besucher aus rund 100 L\u00e4ndern informierten sich \u00fcber die neuesten Entwicklungen im Bereich der Maschinen f\u00fcr den Markt der flexiblen Verpackungen.<br \/>\nAm 22. und 23. Juni 2021 veranstaltete der Maschinenbauer Windm\u00f6ller &amp; H\u00f6lscher seine zweite Virtual EXPO, um die neuesten Technologien und Produkte zu pr\u00e4sentieren. &#8220;Viele Live-Messen werden immer noch verschoben &#8211; deshalb wollten wir unsere Kunden auf einem zweiten, umfassenden Digitalevent informieren&#8221;, berichtet Peter Steinbeck, CEO und gesch\u00e4ftsf\u00fchrender Gesellschafter bei W&amp;H.<br \/>\nUm den unterschiedlichen Zeitzonen der Besucher gerecht zu werden, wurde die Virtual EXPO zweimal t\u00e4glich live abgehalten. In drei Tech Arenas, eine zum Thema Extrusion, eine zum Thema Druck und eine zum Thema Verarbeitung, hielten W&amp;H Experten 12 verschiedene Vortr\u00e4ge. Die W&amp;H Tochtergesellschaften GARANT, Spezialist f\u00fcr Papierbeutelmaschinen und AVENTUS, fokussiert auf FFSTechnologie, waren in der Tech Arena f\u00fcr Verarbeiter und Abf\u00fcller vertreten. Zus\u00e4tzlich zu den Sessions standen Vertriebsansprechpartner aus aller Welt auf der Plattform f\u00fcr individuelle Gespr\u00e4che und Beratungen zur Verf\u00fcgung.<\/p>\n<p><strong>2 Tage, 3 Arenen, 12 Sessions<\/strong><br \/>\nDie 12 Tech-Sessions konzentrierten sich auf die drei Hauptthemen effiziente Produktion, PACKAGING 4.0 und Nachhaltigkeit. Neue Technologien wie die Blasfolienanlage OPTIMEX II in der Arbeitsbreite 2.600 mm und der dazugeh\u00f6rige, v\u00f6llig neue Wickler FILMATIC II O wurden vorgestellt. Zu den Neuheiten f\u00fcr Drucker geh\u00f6rte ebenfalls ein neuer Wickler, der f\u00fcr weniger Abfall und h\u00f6chste Wickelqualit\u00e4t optimiert ist. Dar\u00fcber hinaus gab es ausf\u00fchrliche Erl\u00e4uterungen zum Flexo- und Tiefdruckverfahren mit dem Fokus auf die verschiedene Automatisierungs- und Handlingsysteme. In der Verarbeitungs-Arena wurde den Besuchern das breite Portfolio der W&amp;H Gruppe und ihrer Tochterunternehmen gezeigt: Vom wasserdichten AD proFilm-Sack bis zur neuen MATADOR e.Bag f\u00fcr Online-Versandbeutel aus Papier.<br \/>\nF\u00fcr die Zukunft sieht das Unternehmen in der Kombination aus digitalen und pers\u00f6nlichen Veranstaltungen den gr\u00f6\u00dften Mehrwert. &#8220;Virtuelle Messen sind gro\u00dfartig, weil sie einfach zu besuchen sind und Reisezeit sparen. Aber die Erfahrung, sich pers\u00f6nlich auf Live-Events zu treffen, ist einzigartig und sehr wichtig f\u00fcr uns. Deshalb freuen wir uns sehr auf die K 2022! Wir werden sicherlich die digitalen M\u00f6glichkeiten nutzen, um die Teilnahme so einfach wie m\u00f6glich zu gestalten, aber wir werden auch mit unserem Stand in D\u00fcsseldorf sein&#8221;, so Steinbeck abschlie\u00dfend.<\/p>\n","protected":false},"excerpt":{"rendered":"<p>Die zweite Virtuelle EXPO von W&#038;H zeigte 12 Tech Sessions f\u00fcr Kunden aus Extrusion, Druck- und Verarbeitung. \u00dcber 2.000 Besucher&#8230;<\/p>\n","protected":false},"author":2,"featured_media":26821,"comment_status":"closed","ping_status":"closed","sticky":false,"template":"","format":"standard","meta":{"footnotes":""},"categories":[24,16],"tags":[],"series":[],"class_list":["post-26820","post","type-post","status-publish","format-standard","has-post-thumbnail","hentry","category-plas-tv-meldungen-auf-der-startseite-unterhalb-slider","category-plast-tv-textmeldungen"],"_links":{"self":[{"href":"https:\/\/plas.tv\/index.php?rest_route=\/wp\/v2\/posts\/26820","targetHints":{"allow":["GET"]}}],"collection":[{"href":"https:\/\/plas.tv\/index.php?rest_route=\/wp\/v2\/posts"}],"about":[{"href":"https:\/\/plas.tv\/index.php?rest_route=\/wp\/v2\/types\/post"}],"author":[{"embeddable":true,"href":"https:\/\/plas.tv\/index.php?rest_route=\/wp\/v2\/users\/2"}],"replies":[{"embeddable":true,"href":"https:\/\/plas.tv\/index.php?rest_route=%2Fwp%2Fv2%2Fcomments&post=26820"}],"version-history":[{"count":3,"href":"https:\/\/plas.tv\/index.php?rest_route=\/wp\/v2\/posts\/26820\/revisions"}],"predecessor-version":[{"id":26824,"href":"https:\/\/plas.tv\/index.php?rest_route=\/wp\/v2\/posts\/26820\/revisions\/26824"}],"wp:featuredmedia":[{"embeddable":true,"href":"https:\/\/plas.tv\/index.php?rest_route=\/wp\/v2\/media\/26821"}],"wp:attachment":[{"href":"https:\/\/plas.tv\/index.php?rest_route=%2Fwp%2Fv2%2Fmedia&parent=26820"}],"wp:term":[{"taxonomy":"category","embeddable":true,"href":"https:\/\/plas.tv\/index.php?rest_route=%2Fwp%2Fv2%2Fcategories&post=26820"},{"taxonomy":"post_tag","embeddable":true,"href":"https:\/\/plas.tv\/index.php?rest_route=%2Fwp%2Fv2%2Ftags&post=26820"},{"taxonomy":"series","embeddable":true,"href":"https:\/\/plas.tv\/index.php?rest_route=%2Fwp%2Fv2%2Fseries&post=26820"}],"curies":[{"name":"wp","href":"https:\/\/api.w.org\/{rel}","templated":true}]}}