{"id":26828,"date":"2021-07-06T08:06:20","date_gmt":"2021-07-06T06:06:20","guid":{"rendered":"https:\/\/php8.plastv.de\/?p=26828"},"modified":"2021-07-05T16:07:09","modified_gmt":"2021-07-05T14:07:09","slug":"was-ist-pir-und-was-pcr","status":"publish","type":"post","link":"https:\/\/plas.tv\/?p=26828","title":{"rendered":"Was ist PIR und was PCR?"},"content":{"rendered":"<div class=\"post-content\">\n<p>Oftmals werden in Diskussionen zum Kunststoffrecycling die beiden Begriffe Post-Industrial Rezyklat (PIR) und Post-Consumer Rezyklat (PCR) verwendet, die bisher nicht definiert sind. Somit bleibt h\u00e4ufig auch unklar, was eigentlich genau darunter zu verstehen ist. Bisher gibt es nur eine Definition von Pre-Consumer Material (synonym: Post-Industrial Material) und <a href=\"https:\/\/newsroom.kunststoffverpackungen.de\/2021\/01\/19\/pilotanlage-kunststoff-rezyklat-eroeffnet\/\" target=\"_blank\" rel=\"noopener noreferrer\">Post-Consumer Material<\/a> (ISO 14021).<\/p>\n<p>Als Rezyklat wird gem\u00e4\u00df ISO 15270 \u201eKunststoffmaterial aus dem Recycling von Kunststoffabf\u00e4llen\u201c definiert. Recycling ist laut Kreislaufwirtschaftsgesetz (KrWG) \u00a73 (25) <img loading=\"lazy\" decoding=\"async\" class=\"alignleft wp-image-3142 size-fusion-400 lazyautosizes lazyloaded\" src=\"https:\/\/newsroom.kunststoffverpackungen.de\/wp-content\/uploads\/2018\/09\/PET-Recycling-PET-Ballen-400x267.jpg\" sizes=\"auto, 400px\" srcset=\"https:\/\/newsroom.kunststoffverpackungen.de\/wp-content\/uploads\/2018\/09\/PET-Recycling-PET-Ballen-200x134.jpg 200w, https:\/\/newsroom.kunststoffverpackungen.de\/wp-content\/uploads\/2018\/09\/PET-Recycling-PET-Ballen-300x200.jpg 300w, https:\/\/newsroom.kunststoffverpackungen.de\/wp-content\/uploads\/2018\/09\/PET-Recycling-PET-Ballen-400x267.jpg 400w, https:\/\/newsroom.kunststoffverpackungen.de\/wp-content\/uploads\/2018\/09\/PET-Recycling-PET-Ballen.jpg 500w\" alt=\"PET-Recycling PET-Ballen - PCR\" width=\"400\" height=\"267\" data-orig-src=\"https:\/\/newsroom.kunststoffverpackungen.de\/wp-content\/uploads\/2018\/09\/PET-Recycling-PET-Ballen-400x267.jpg\" data-srcset=\"https:\/\/newsroom.kunststoffverpackungen.de\/wp-content\/uploads\/2018\/09\/PET-Recycling-PET-Ballen-200x134.jpg 200w, https:\/\/newsroom.kunststoffverpackungen.de\/wp-content\/uploads\/2018\/09\/PET-Recycling-PET-Ballen-300x200.jpg 300w, https:\/\/newsroom.kunststoffverpackungen.de\/wp-content\/uploads\/2018\/09\/PET-Recycling-PET-Ballen-400x267.jpg 400w, https:\/\/newsroom.kunststoffverpackungen.de\/wp-content\/uploads\/2018\/09\/PET-Recycling-PET-Ballen.jpg 500w\" data-sizes=\"auto\" data-orig-sizes=\"(max-width: 400px) 100vw, 400px\" \/>\u201ejedes Verwertungsverfahren, durch das Abf\u00e4lle zu Erzeugnissen, Materialien oder Stoffen entweder fu\u0308r den urspru\u0308nglichen Zweck oder fu\u0308r andere Zwecke aufbereitet werden; es schlie\u00dft die Aufbereitung organischer Materialien ein, nicht aber die energetische Verwertung und die Aufbereitung zu Materialien, die fu\u0308r die Verwendung als Brennstoff oder zur Verfu\u0308llung bestimmt sind\u201c. Rezyklate k\u00f6nnen daher grunds\u00e4tzlich nur in einem Aufbereitungsprozess aus Abf\u00e4llen entstehen. Das trifft fu\u0308r PIR und PCR gleicherma\u00dfen zu.<\/p>\n<h4 class=\"fusion-responsive-typography-calculated\" data-fontsize=\"18\" data-lineheight=\"21.9667px\">Was ist der Unterschied zwischen PCR und PIR?<\/h4>\n<p>Die jeweilige Vorsilbe der Rezyklats gibt einen Aufschluss auf die urspru\u0308ngliche Herkunft des Materials, das als Abfall angefallen ist und zu Rezyklat aufbereitet wurde: Stammen die Abf\u00e4lle aus Produktionsru\u0308ckst\u00e4nden bei der Herstellung von Kunststoffverpackungen oder anderen Kunststoffprodukten, die nicht wieder im selben Prozess eingesetzt wurden, werden die Rezyklate daraus als Post-Industrial Rezyklate (PIR) oder synonym Pre-Consumer Rezyklate bezeichnet. Da eine entsprechende Abku\u0308rzung von Pre-Consumer Rezyklaten zu Verwechselungen mit den <a href=\"https:\/\/newsroom.kunststoffverpackungen.de\/2021\/05\/19\/interview-jens-stadter-rezyklat\/\" target=\"_blank\" rel=\"noopener noreferrer\">Post-Consumer Rezyklaten<\/a> (PCR) fu\u0308hren k\u00f6nnte, ist die Verwendung des Begriffs Post-Industrial Rezyklat mit der Abku\u0308rzung PIR zu bevorzugen.<\/p>\n<p>F\u00e4llt das Material dagegen als Abfall bei Haushalten, Industrie oder Gewerbe (in ihrer Rolle als Endkonsumenten) an, sind die daraus entstandenen Rezyklate als Post-Consumer Rezyklate (PCR) zu bezeichnen.<\/p>\n<p>Sofern die Produktionsru\u0308ckst\u00e4nde, die wieder im gleichen Prozess eingesetzt werden, in dem sie entstanden sind, als Nebenprodukt und nicht als Abfall eingestuft werden, sind sie Umlaufmaterial und du\u0308rfen nicht als Rezyklat bezeichnet werden.<\/p>\n<p>Die nachfolgende Grafik zeigt die\u00a0 unterschiedlichen Anfallstellen des Abfalls in der Lieferkette, die fu\u0308r die jeweilige Bezeichnung des Rezyklats\u00a0 ausschlaggebend sind.<\/p>\n<h4 class=\"fusion-responsive-typography-calculated\" data-fontsize=\"18\" data-lineheight=\"21.9667px\"><img loading=\"lazy\" decoding=\"async\" class=\"alignnone wp-image-21308 size-fusion-600 lazyautosizes lazyloaded\" src=\"https:\/\/newsroom.kunststoffverpackungen.de\/wp-content\/uploads\/2021\/12\/Infografik-PCR-PIR-600x551.jpg\" sizes=\"auto, 600px\" srcset=\"https:\/\/newsroom.kunststoffverpackungen.de\/wp-content\/uploads\/2021\/12\/Infografik-PCR-PIR-200x184.jpg 200w, https:\/\/newsroom.kunststoffverpackungen.de\/wp-content\/uploads\/2021\/12\/Infografik-PCR-PIR-327x300.jpg 327w, https:\/\/newsroom.kunststoffverpackungen.de\/wp-content\/uploads\/2021\/12\/Infografik-PCR-PIR-400x368.jpg 400w, https:\/\/newsroom.kunststoffverpackungen.de\/wp-content\/uploads\/2021\/12\/Infografik-PCR-PIR-435x400.jpg 435w, https:\/\/newsroom.kunststoffverpackungen.de\/wp-content\/uploads\/2021\/12\/Infografik-PCR-PIR-600x551.jpg 600w, https:\/\/newsroom.kunststoffverpackungen.de\/wp-content\/uploads\/2021\/12\/Infografik-PCR-PIR-768x706.jpg 768w, https:\/\/newsroom.kunststoffverpackungen.de\/wp-content\/uploads\/2021\/12\/Infografik-PCR-PIR.jpg 800w\" alt=\"Infografik PCR PIR\" width=\"600\" height=\"551\" data-orig-src=\"https:\/\/newsroom.kunststoffverpackungen.de\/wp-content\/uploads\/2021\/12\/Infografik-PCR-PIR-600x551.jpg\" data-srcset=\"https:\/\/newsroom.kunststoffverpackungen.de\/wp-content\/uploads\/2021\/12\/Infografik-PCR-PIR-200x184.jpg 200w, https:\/\/newsroom.kunststoffverpackungen.de\/wp-content\/uploads\/2021\/12\/Infografik-PCR-PIR-327x300.jpg 327w, https:\/\/newsroom.kunststoffverpackungen.de\/wp-content\/uploads\/2021\/12\/Infografik-PCR-PIR-400x368.jpg 400w, https:\/\/newsroom.kunststoffverpackungen.de\/wp-content\/uploads\/2021\/12\/Infografik-PCR-PIR-435x400.jpg 435w, https:\/\/newsroom.kunststoffverpackungen.de\/wp-content\/uploads\/2021\/12\/Infografik-PCR-PIR-600x551.jpg 600w, https:\/\/newsroom.kunststoffverpackungen.de\/wp-content\/uploads\/2021\/12\/Infografik-PCR-PIR-768x706.jpg 768w, https:\/\/newsroom.kunststoffverpackungen.de\/wp-content\/uploads\/2021\/12\/Infografik-PCR-PIR.jpg 800w\" data-sizes=\"auto\" data-orig-sizes=\"(max-width: 600px) 100vw, 600px\" \/><\/h4>\n<\/div>\n","protected":false},"excerpt":{"rendered":"<p>Oftmals werden in Diskussionen zum Kunststoffrecycling die beiden Begriffe Post-Industrial Rezyklat (PIR) und Post-Consumer Rezyklat&#8230;<\/p>\n","protected":false},"author":2,"featured_media":7017,"comment_status":"closed","ping_status":"closed","sticky":false,"template":"","format":"standard","meta":{"footnotes":""},"categories":[24,16],"tags":[],"series":[],"class_list":["post-26828","post","type-post","status-publish","format-standard","has-post-thumbnail","hentry","category-plas-tv-meldungen-auf-der-startseite-unterhalb-slider","category-plast-tv-textmeldungen"],"_links":{"self":[{"href":"https:\/\/plas.tv\/index.php?rest_route=\/wp\/v2\/posts\/26828","targetHints":{"allow":["GET"]}}],"collection":[{"href":"https:\/\/plas.tv\/index.php?rest_route=\/wp\/v2\/posts"}],"about":[{"href":"https:\/\/plas.tv\/index.php?rest_route=\/wp\/v2\/types\/post"}],"author":[{"embeddable":true,"href":"https:\/\/plas.tv\/index.php?rest_route=\/wp\/v2\/users\/2"}],"replies":[{"embeddable":true,"href":"https:\/\/plas.tv\/index.php?rest_route=%2Fwp%2Fv2%2Fcomments&post=26828"}],"version-history":[{"count":1,"href":"https:\/\/plas.tv\/index.php?rest_route=\/wp\/v2\/posts\/26828\/revisions"}],"predecessor-version":[{"id":26829,"href":"https:\/\/plas.tv\/index.php?rest_route=\/wp\/v2\/posts\/26828\/revisions\/26829"}],"wp:featuredmedia":[{"embeddable":true,"href":"https:\/\/plas.tv\/index.php?rest_route=\/wp\/v2\/media\/7017"}],"wp:attachment":[{"href":"https:\/\/plas.tv\/index.php?rest_route=%2Fwp%2Fv2%2Fmedia&parent=26828"}],"wp:term":[{"taxonomy":"category","embeddable":true,"href":"https:\/\/plas.tv\/index.php?rest_route=%2Fwp%2Fv2%2Fcategories&post=26828"},{"taxonomy":"post_tag","embeddable":true,"href":"https:\/\/plas.tv\/index.php?rest_route=%2Fwp%2Fv2%2Ftags&post=26828"},{"taxonomy":"series","embeddable":true,"href":"https:\/\/plas.tv\/index.php?rest_route=%2Fwp%2Fv2%2Fseries&post=26828"}],"curies":[{"name":"wp","href":"https:\/\/api.w.org\/{rel}","templated":true}]}}