{"id":26834,"date":"2021-07-06T12:38:18","date_gmt":"2021-07-06T10:38:18","guid":{"rendered":"https:\/\/php8.plastv.de\/?p=26834"},"modified":"2021-07-06T12:38:18","modified_gmt":"2021-07-06T10:38:18","slug":"gkv-delegiertenversammlung-praesident-roland-roth-im-amt-bestaetigt","status":"publish","type":"post","link":"https:\/\/plas.tv\/?p=26834","title":{"rendered":"GKV-Delegiertenversammlung: Pr\u00e4sident Roland Roth im Amt best\u00e4tigt"},"content":{"rendered":"<p>Bei der Delegiertenversammlung des Gesamtverbandes Kunststoffverarbeitende Industrie (GKV e.V) am 23. Juni 2021 wurde Roland Roth als Pr\u00e4sident wiedergew\u00e4hlt.<br \/>\nRoland Roth freute sich nicht nur \u00fcber die einstimmige Wiederwahl, sondern auch \u00fcber die Fortsetzung der Zusammenarbeit mit Julia Gro\u00dfe-Wilde, die seit Beginn des Jahres die Gesch\u00e4fte des GKV f\u00fchrt.<br \/>\nIn seiner Rede vor den Delegierten thematisierte der GKV-Pr\u00e4sident unter anderem die mangelnde Rohstoffverf\u00fcgbarkeit und die massiven Preissteigerungen, mit denen die Branche immer noch zu ringen hat. Weiterhin seien Kreislaufwirtschaft, Digitalisierung und Klimaschutz die zentralen Themen seines Engagements im GKV, wobei er ebenfalls einen Schwerpunkt auf die bessere Wahrnehmung von Kunststoff in der \u00d6ffentlichkeit legen m\u00f6chte. Daher begr\u00fc\u00dfte Roland Roth insbesondere die Kommunikationsinitiative, die der GKV, PlasticsEurope Deutschland und der VDMA Fachverband Kunststoff- und Gummimaschinen aktuell gemeinsam entwickeln und vorantreiben.<br \/>\nAnl\u00e4sslich der GKV-Delegiertenversammlung hielt Dr. Anton Hofreiter, Fraktionsvorsitzender B\u00fcndnis 90\/Die Gr\u00fcnen, einen Vortrag zum Thema \u201eAusblick Bundestagswahl 2021 \u2013 Gr\u00fcne Perspektiven f\u00fcr Kunststoff\u201c in dem er unter anderem die existenzielle Bedrohung durch die Erderw\u00e4rmung betonte und auf den Beitrag der Kunststoffverarbeitenden Industrie zum Erreichen der Klimaziele einging.<\/p>\n","protected":false},"excerpt":{"rendered":"<p>Bei der Delegiertenversammlung des Gesamtverbandes Kunststoffverarbeitende Industrie am 23. Juni 2021 wurde&#8230;<\/p>\n","protected":false},"author":2,"featured_media":7710,"comment_status":"closed","ping_status":"closed","sticky":false,"template":"","format":"standard","meta":{"footnotes":""},"categories":[24,16],"tags":[],"series":[],"class_list":["post-26834","post","type-post","status-publish","format-standard","has-post-thumbnail","hentry","category-plas-tv-meldungen-auf-der-startseite-unterhalb-slider","category-plast-tv-textmeldungen"],"_links":{"self":[{"href":"https:\/\/plas.tv\/index.php?rest_route=\/wp\/v2\/posts\/26834","targetHints":{"allow":["GET"]}}],"collection":[{"href":"https:\/\/plas.tv\/index.php?rest_route=\/wp\/v2\/posts"}],"about":[{"href":"https:\/\/plas.tv\/index.php?rest_route=\/wp\/v2\/types\/post"}],"author":[{"embeddable":true,"href":"https:\/\/plas.tv\/index.php?rest_route=\/wp\/v2\/users\/2"}],"replies":[{"embeddable":true,"href":"https:\/\/plas.tv\/index.php?rest_route=%2Fwp%2Fv2%2Fcomments&post=26834"}],"version-history":[{"count":1,"href":"https:\/\/plas.tv\/index.php?rest_route=\/wp\/v2\/posts\/26834\/revisions"}],"predecessor-version":[{"id":26835,"href":"https:\/\/plas.tv\/index.php?rest_route=\/wp\/v2\/posts\/26834\/revisions\/26835"}],"wp:featuredmedia":[{"embeddable":true,"href":"https:\/\/plas.tv\/index.php?rest_route=\/wp\/v2\/media\/7710"}],"wp:attachment":[{"href":"https:\/\/plas.tv\/index.php?rest_route=%2Fwp%2Fv2%2Fmedia&parent=26834"}],"wp:term":[{"taxonomy":"category","embeddable":true,"href":"https:\/\/plas.tv\/index.php?rest_route=%2Fwp%2Fv2%2Fcategories&post=26834"},{"taxonomy":"post_tag","embeddable":true,"href":"https:\/\/plas.tv\/index.php?rest_route=%2Fwp%2Fv2%2Ftags&post=26834"},{"taxonomy":"series","embeddable":true,"href":"https:\/\/plas.tv\/index.php?rest_route=%2Fwp%2Fv2%2Fseries&post=26834"}],"curies":[{"name":"wp","href":"https:\/\/api.w.org\/{rel}","templated":true}]}}