{"id":26836,"date":"2021-07-06T13:17:04","date_gmt":"2021-07-06T11:17:04","guid":{"rendered":"https:\/\/php8.plastv.de\/?p=26836"},"modified":"2021-07-06T13:20:44","modified_gmt":"2021-07-06T11:20:44","slug":"skz-erstmals-mit-gemeinschaftsstand-bei-der-kuteno-vom-7-bis-9-september","status":"publish","type":"post","link":"https:\/\/plas.tv\/?p=26836","title":{"rendered":"SKZ erstmals mit Gemeinschaftsstand bei der KUTENO"},"content":{"rendered":"<p><strong><em>Das Kunststoff-Zentrum SKZ nimmt in diesem Jahr erstmals bei der KUTENO mit einem Gemeinschaftsstand f\u00fcr die SKZ-Mitglieder teil. Am 9. September organisiert das SKZ au\u00dferdem den Thementag \u201eDigitalisierung von Arbeitsabl\u00e4ufen in der Kunststoffverarbeitung\u201c. <\/em><\/strong><\/p>\n<p>Die Messerbesucher\/-innen erwartet ein abwechslungsreiches Programm mit spannenden Fachbeitr\u00e4gen zu den Themen Digitalisierung und Nachhaltigkeit. Matthias Ruff, SKZ-Vertriebsleiter, wird durch das Programm f\u00fchren und h\u00e4lt den Einf\u00fchrungsvortrag \u201eErfolgreiche Weiterbildungsstrategie in digitalen Zeiten\u201c. Josef Hammerschmid, Produktmanager Service bei der KraussMaffei Technologies GmbH, referiert \u00fcber das Thema \u201eNeue Kommunikationsl\u00f6sungen f\u00fcr Datennetzwerke\u201c und Dr. Hermann Achenbach, SKZ-Gruppenleiter Nachhaltigkeit, berichtet \u00fcber \u201eNachhaltigkeit digital bewerten \u2013 Carbon Footprint, EPD, LCA\u201c.<\/p>\n<p>Die Messe KUTENO Kunststofftechnik Nord ist die kompakte Zuliefermesse f\u00fcr die kunststoffverarbeitende Industrie. Die KUTENO findet vom 7. bis 9. September in Rheda-Wiedenbr\u00fcck statt.<\/p>\n<p>\u201eWir freuen uns, dass wir endlich wieder die M\u00f6glichkeit haben, uns pers\u00f6nlich und vor Ort mit Kunden, Mitgliedern und Partnern auszutauschen\u201c, sagt Bettina Dempewolf, SKZ-Bereichsleiterin Netzwerk und Event. Messebesucher finden den SKZ-Stand im <strong>A2 Forum in Halle 3, Stand Z27<\/strong>.<\/p>\n<p><strong>Die SKZ-Partner<\/strong><br \/>\nAuf dem SKZ-Gemeinschaftsstand sind die Firmen MKV GmbH Kunststoffgranulate, die Georg H. Luh Farben- und Chemikalien Gro\u00dfhandelsgesellschaft mbH, die IANUS \u00a0Simulation \u00a0GmbH, die ColorLite GmbH und die Hotset GmbH vertreten.<\/p>\n","protected":false},"excerpt":{"rendered":"<p>Das Kunststoff-Zentrum SKZ nimmt in diesem Jahr erstmals bei der KUTENO mit einem Gemeinschaftsstand f\u00fcr die SKZ-Mitglieder&#8230;<\/p>\n","protected":false},"author":2,"featured_media":6734,"comment_status":"closed","ping_status":"closed","sticky":false,"template":"","format":"standard","meta":{"footnotes":""},"categories":[24,16],"tags":[],"series":[],"class_list":["post-26836","post","type-post","status-publish","format-standard","has-post-thumbnail","hentry","category-plas-tv-meldungen-auf-der-startseite-unterhalb-slider","category-plast-tv-textmeldungen"],"_links":{"self":[{"href":"https:\/\/plas.tv\/index.php?rest_route=\/wp\/v2\/posts\/26836","targetHints":{"allow":["GET"]}}],"collection":[{"href":"https:\/\/plas.tv\/index.php?rest_route=\/wp\/v2\/posts"}],"about":[{"href":"https:\/\/plas.tv\/index.php?rest_route=\/wp\/v2\/types\/post"}],"author":[{"embeddable":true,"href":"https:\/\/plas.tv\/index.php?rest_route=\/wp\/v2\/users\/2"}],"replies":[{"embeddable":true,"href":"https:\/\/plas.tv\/index.php?rest_route=%2Fwp%2Fv2%2Fcomments&post=26836"}],"version-history":[{"count":2,"href":"https:\/\/plas.tv\/index.php?rest_route=\/wp\/v2\/posts\/26836\/revisions"}],"predecessor-version":[{"id":26838,"href":"https:\/\/plas.tv\/index.php?rest_route=\/wp\/v2\/posts\/26836\/revisions\/26838"}],"wp:featuredmedia":[{"embeddable":true,"href":"https:\/\/plas.tv\/index.php?rest_route=\/wp\/v2\/media\/6734"}],"wp:attachment":[{"href":"https:\/\/plas.tv\/index.php?rest_route=%2Fwp%2Fv2%2Fmedia&parent=26836"}],"wp:term":[{"taxonomy":"category","embeddable":true,"href":"https:\/\/plas.tv\/index.php?rest_route=%2Fwp%2Fv2%2Fcategories&post=26836"},{"taxonomy":"post_tag","embeddable":true,"href":"https:\/\/plas.tv\/index.php?rest_route=%2Fwp%2Fv2%2Ftags&post=26836"},{"taxonomy":"series","embeddable":true,"href":"https:\/\/plas.tv\/index.php?rest_route=%2Fwp%2Fv2%2Fseries&post=26836"}],"curies":[{"name":"wp","href":"https:\/\/api.w.org\/{rel}","templated":true}]}}