{"id":26869,"date":"2021-07-08T13:47:53","date_gmt":"2021-07-08T11:47:53","guid":{"rendered":"https:\/\/php8.plastv.de\/?p=26869"},"modified":"2021-07-08T13:47:53","modified_gmt":"2021-07-08T11:47:53","slug":"basf-und-cyclos-htp-untersuchen-mechanische-recyclingfaehigkeit-von-pa-pe-verbundfolien","status":"publish","type":"post","link":"https:\/\/plas.tv\/?p=26869","title":{"rendered":"BASF und Cyclos-HTP untersuchen mechanische Recyclingf\u00e4higkeit von PA\/PE-Verbundfolien"},"content":{"rendered":"<h1 class=\"entry-title fusion-post-title fusion-responsive-typography-calculated\" data-fontsize=\"30\" data-lineheight=\"39px\"><\/h1>\n<div class=\"post-content\">\n<p>Nach verschiedenen BASF-internen Studien best\u00e4tigt nun auch eine ku\u0308rzlich abgeschlossene Untersuchung von cyclos-HTP die Recyclingvertr\u00e4glichkeit von PE\/PA6-Verbundfolien im Polyethylenfolienstrom aus Haushaltsverpackungsabf\u00e4llen. Entgegen der verfestigten Meinung, dass PE\/PA-Verbunde nicht mechanisch recycelt werden k\u00f6nnen, kommt die von <a href=\"https:\/\/packaging-print.basf.com\/global\/en.html\" target=\"_blank\" rel=\"noopener noreferrer\">BASF<\/a> beauftragte Studie nach Anwendung der Testprotokolle von cyclos-HTP zu der Erkenntnis, dass PA6-Barriereschichten mit Haftvermittlern in coextrudierten Verbundfolien in Bezug auf das <a href=\"https:\/\/newsroom.kunststoffverpackungen.de\/2021\/05\/03\/abfall-ist-keine-endstation-beim-kunststoff-recycling-geht-was\/\" target=\"_blank\" rel=\"noopener noreferrer\">mechanische Recycling<\/a> von LDPE Folien nicht nur gut vertr\u00e4glich sind, sondern sogar das Eigenschaftsniveau von industriellen Polyethylenrezyklaten positiv beeinflussen. Weitere Untersuchungen mit PE\/CoPA, PE\/CoPA\/EVOH sowie PA-haltigen Kaschierverbundstrukturen wurden begonnen.<\/p>\n<p>Im n\u00e4chsten Schritt sind nun mechanische Recyclingversuche im Industriema\u00dfstab geplant. Eine Anpassung des Mindeststandards zur Bemessung der Recyclingf\u00e4higkeit sowie weiterer Design-for-Recycling-Leitlinien wird angestrebt. Die detaillierten Untersuchungsergebnisse wurden am 18. M\u00e4rz in einem Webinar von BASF vorgestellt.<\/p>\n<div class=\"lyte-wrapper\">\n<div id=\"WYL_5YQtms519K0\" class=\"lyte lP\">\n<div id=\"lyte_5YQtms519K0\" class=\"pL\" data-src=\"https:\/\/newsroom.kunststoffverpackungen.de\/wp-content\/plugins\/wp-youtube-lyte\/lyteCache.php?origThumbUrl=%2F%2Fi.ytimg.com%2Fvi%2F5YQtms519K0%2Fhqdefault.jpg\">\n<div class=\"tC\">\n<div class=\"tT\"><\/div>\n<\/div>\n<div class=\"play\"><\/div>\n<\/div>\n<\/div>\n<\/div>\n<div class=\"lL\"><\/div>\n<p>&nbsp;<\/p>\n<div id=\"attachment_21360\" class=\"wp-caption alignleft\"><img loading=\"lazy\" decoding=\"async\" class=\"wp-image-21360 size-medium lazyautosizes lazyloaded\" src=\"https:\/\/newsroom.kunststoffverpackungen.de\/wp-content\/uploads\/2021\/06\/Dr.-Rolf-Egbert-Gru\u0308tzner-Senior-Manager-Technical-Support-Polyamide-Extrusion-bei-BASF-300x300.jpeg\" sizes=\"auto, 300px\" srcset=\"https:\/\/newsroom.kunststoffverpackungen.de\/wp-content\/uploads\/2021\/06\/Dr.-Rolf-Egbert-Gru\u0308tzner-Senior-Manager-Technical-Support-Polyamide-Extrusion-bei-BASF-66x66.jpeg 66w, https:\/\/newsroom.kunststoffverpackungen.de\/wp-content\/uploads\/2021\/06\/Dr.-Rolf-Egbert-Gru\u0308tzner-Senior-Manager-Technical-Support-Polyamide-Extrusion-bei-BASF-200x200.jpeg 200w, https:\/\/newsroom.kunststoffverpackungen.de\/wp-content\/uploads\/2021\/06\/Dr.-Rolf-Egbert-Gru\u0308tzner-Senior-Manager-Technical-Support-Polyamide-Extrusion-bei-BASF-300x300.jpeg 300w, https:\/\/newsroom.kunststoffverpackungen.de\/wp-content\/uploads\/2021\/06\/Dr.-Rolf-Egbert-Gru\u0308tzner-Senior-Manager-Technical-Support-Polyamide-Extrusion-bei-BASF-400x400.jpeg 400w, https:\/\/newsroom.kunststoffverpackungen.de\/wp-content\/uploads\/2021\/06\/Dr.-Rolf-Egbert-Gru\u0308tzner-Senior-Manager-Technical-Support-Polyamide-Extrusion-bei-BASF.jpeg 591w\" alt=\"Dr. Rolf Egbert Gru\u0308tzner Senior Manager Technical Support Polyamide Extrusion Bei BASF\" width=\"300\" height=\"300\" aria-describedby=\"caption-attachment-21360\" data-orig-src=\"https:\/\/newsroom.kunststoffverpackungen.de\/wp-content\/uploads\/2021\/06\/Dr.-Rolf-Egbert-Gru\u0308tzner-Senior-Manager-Technical-Support-Polyamide-Extrusion-bei-BASF-300x300.jpeg\" data-srcset=\"https:\/\/newsroom.kunststoffverpackungen.de\/wp-content\/uploads\/2021\/06\/Dr.-Rolf-Egbert-Gru\u0308tzner-Senior-Manager-Technical-Support-Polyamide-Extrusion-bei-BASF-66x66.jpeg 66w, https:\/\/newsroom.kunststoffverpackungen.de\/wp-content\/uploads\/2021\/06\/Dr.-Rolf-Egbert-Gru\u0308tzner-Senior-Manager-Technical-Support-Polyamide-Extrusion-bei-BASF-200x200.jpeg 200w, https:\/\/newsroom.kunststoffverpackungen.de\/wp-content\/uploads\/2021\/06\/Dr.-Rolf-Egbert-Gru\u0308tzner-Senior-Manager-Technical-Support-Polyamide-Extrusion-bei-BASF-300x300.jpeg 300w, https:\/\/newsroom.kunststoffverpackungen.de\/wp-content\/uploads\/2021\/06\/Dr.-Rolf-Egbert-Gru\u0308tzner-Senior-Manager-Technical-Support-Polyamide-Extrusion-bei-BASF-400x400.jpeg 400w, https:\/\/newsroom.kunststoffverpackungen.de\/wp-content\/uploads\/2021\/06\/Dr.-Rolf-Egbert-Gru\u0308tzner-Senior-Manager-Technical-Support-Polyamide-Extrusion-bei-BASF.jpeg 591w\" data-sizes=\"auto\" data-orig-sizes=\"(max-width: 300px) 100vw, 300px\" \/><\/p>\n<p id=\"caption-attachment-21360\" class=\"wp-caption-text\">Dr. Rolf Egbert Gru\u0308tzner \u2013 Senior Manager Technical Support Polyamide Extrusion bei BASF<\/p>\n<\/div>\n<p>Dr. Rolf-Egbert Gr\u00fctzner, Senior Manager Technical Support Polyamide Extrusion bei BASF, \u00e4u\u00dfert sich im Interview zu den Ergebnissen der Studie:<\/p>\n<h4 class=\"fusion-responsive-typography-calculated\" data-fontsize=\"18\" data-lineheight=\"21.9667px\">Herr Gru\u0308tzner, seit Jahren galten PE\/PA-Folien im mechanischen Recycling von\u00a0 Verpackungsabf\u00e4llen als nicht recyclingf\u00e4hig. Nun kommen Sie zu dem Ergebnis, dass es doch geht. Hat Sie das Ergebnis selbst u\u0308berrascht?<\/h4>\n<p>Das Ergebnis hat uns nicht u\u0308berrascht, denn es ist seit Jahren bekannt, dass PE\/PA-Blends unter bestimmten Bedingungen durchaus dispergier- und homogenisierbar sind. Diese Erkenntnisse wurden und werden im Bereich der Engineering Plastics als Stand der Technik genutzt, es musste letztendlich der Bezug der technischen Grundlagen zur Verpackungsindustrie und dem damit <a href=\"https:\/\/newsroom.kunststoffverpackungen.de\/2021\/03\/17\/rezyklateinsatz-industrie-staerkt-recycling\/\" target=\"_blank\" rel=\"noopener noreferrer\">verbundenen Recyclingthema<\/a> hergestellt werden. Unsere internen Untersuchungen dazu haben wir bereits vor Jahren begonnen \u2013 allerdings in einem anderen Kontext. Das urspru\u0308ngliche Ziel war die Etablierung eines Kreislaufes bei unseren direkten Kunden. Wir wollten die Grundlagen schaffen, um Produktionsabf\u00e4lle auf Basis PE\/PA-Verbundfolien entweder erneut in die Folienherstellung oder in alternative Verwertungsm\u00f6glichkeiten zu integrieren. Im Rahmen dieser Arbeiten konnten wir die Recyclingf\u00e4higkeit von PE\/PA-Verbundfolien reproduzierbar belegen. Nach der Ver\u00f6ffentlichung der Orientierungshilfe als Vorl\u00e4ufer des Mindeststandards im Jahr 2018 wollten wir der Einstufung von Polyamiden als \u201eunvertr\u00e4glich\u201c natu\u0308rlich auf den Grund gehen und kamen so zu dem heute bekannten Ergebnis.<\/p>\n<h4 class=\"fusion-responsive-typography-calculated\" data-fontsize=\"18\" data-lineheight=\"21.9667px\">Wie erkl\u00e4ren Sie sich, dass sich die Fehleinsch\u00e4tzung am Markt so lange halten konnte?<\/h4>\n<p>Polyamide haben im Vergleich zu Polyolefinen oder <a href=\"https:\/\/www.forum-pet.de\/\" target=\"_blank\" rel=\"noopener noreferrer\">PET<\/a> einen deutlich geringeren Marktanteil in der Verpackungsindustrie, tragen aber aufgrund ihres einzigartigen Eigenschaftsprofils signifikant zu nachhaltigen Verpackungsl\u00f6sungen bei. Dadurch lag und liegt das Hauptaugenmerk bei Vermeidung und Recycling logischerweise auf den dominanten Vertretern wie etwa PE oder PET, wodurch sich auch der Trend zu Monomaterialien entwickelt hat. Man hat anf\u00e4nglich auf Seiten der Rohstoff- und Folienhersteller schlichtweg untersch\u00e4tzt, welche wichtige Rolle die Bereitstellung aktueller Informationen bezu\u0308glich der Recyclingvertr\u00e4glichkeit auf die Einstufung bestimmter Polymere spielt, so dass u\u0308ber einen l\u00e4ngeren Zeitraum unausgereifte, falsche oder u\u0308berhaupt keine Daten genutzt wurden oder u\u0308berhaupt verfu\u0308gbar waren. Und hat sich erstmal ein System mit Regeln und Verordnungen etabliert, ist es ein sehr zeitaufwendiger Prozess, daran notwendige Korrekturen vorzunehmen.<\/p>\n<h4 class=\"fusion-responsive-typography-calculated\" data-fontsize=\"18\" data-lineheight=\"21.9667px\">Welche Ziele verfolgen Sie mit der Untersuchung?<\/h4>\n<div id=\"attachment_21359\" class=\"wp-caption alignright\"><img loading=\"lazy\" decoding=\"async\" class=\"wp-image-21359 size-medium lazyautosizes lazyloaded\" src=\"https:\/\/newsroom.kunststoffverpackungen.de\/wp-content\/uploads\/2021\/06\/Lebensmittel-Kunststoff-Verpackung-Schutz-450x300.jpeg\" sizes=\"auto, 450px\" srcset=\"https:\/\/newsroom.kunststoffverpackungen.de\/wp-content\/uploads\/2021\/06\/Lebensmittel-Kunststoff-Verpackung-Schutz-200x133.jpeg 200w, https:\/\/newsroom.kunststoffverpackungen.de\/wp-content\/uploads\/2021\/06\/Lebensmittel-Kunststoff-Verpackung-Schutz-400x267.jpeg 400w, https:\/\/newsroom.kunststoffverpackungen.de\/wp-content\/uploads\/2021\/06\/Lebensmittel-Kunststoff-Verpackung-Schutz-450x300.jpeg 450w, https:\/\/newsroom.kunststoffverpackungen.de\/wp-content\/uploads\/2021\/06\/Lebensmittel-Kunststoff-Verpackung-Schutz-600x400.jpeg 600w, https:\/\/newsroom.kunststoffverpackungen.de\/wp-content\/uploads\/2021\/06\/Lebensmittel-Kunststoff-Verpackung-Schutz-768x512.jpeg 768w, https:\/\/newsroom.kunststoffverpackungen.de\/wp-content\/uploads\/2021\/06\/Lebensmittel-Kunststoff-Verpackung-Schutz-800x534.jpeg 800w, https:\/\/newsroom.kunststoffverpackungen.de\/wp-content\/uploads\/2021\/06\/Lebensmittel-Kunststoff-Verpackung-Schutz.jpeg 1000w\" alt=\"Schinken in Schutzfolie aus PE\/PA6-Verbundfolie - recyclebarer Produktschutz\" width=\"450\" height=\"300\" aria-describedby=\"caption-attachment-21359\" data-orig-src=\"https:\/\/newsroom.kunststoffverpackungen.de\/wp-content\/uploads\/2021\/06\/Lebensmittel-Kunststoff-Verpackung-Schutz-450x300.jpeg\" data-srcset=\"https:\/\/newsroom.kunststoffverpackungen.de\/wp-content\/uploads\/2021\/06\/Lebensmittel-Kunststoff-Verpackung-Schutz-200x133.jpeg 200w, https:\/\/newsroom.kunststoffverpackungen.de\/wp-content\/uploads\/2021\/06\/Lebensmittel-Kunststoff-Verpackung-Schutz-400x267.jpeg 400w, https:\/\/newsroom.kunststoffverpackungen.de\/wp-content\/uploads\/2021\/06\/Lebensmittel-Kunststoff-Verpackung-Schutz-450x300.jpeg 450w, https:\/\/newsroom.kunststoffverpackungen.de\/wp-content\/uploads\/2021\/06\/Lebensmittel-Kunststoff-Verpackung-Schutz-600x400.jpeg 600w, https:\/\/newsroom.kunststoffverpackungen.de\/wp-content\/uploads\/2021\/06\/Lebensmittel-Kunststoff-Verpackung-Schutz-768x512.jpeg 768w, https:\/\/newsroom.kunststoffverpackungen.de\/wp-content\/uploads\/2021\/06\/Lebensmittel-Kunststoff-Verpackung-Schutz-800x534.jpeg 800w, https:\/\/newsroom.kunststoffverpackungen.de\/wp-content\/uploads\/2021\/06\/Lebensmittel-Kunststoff-Verpackung-Schutz.jpeg 1000w\" data-sizes=\"auto\" data-orig-sizes=\"(max-width: 450px) 100vw, 450px\" \/><\/p>\n<p id=\"caption-attachment-21359\" class=\"wp-caption-text\">PE\/PA6-Verbundfolien \u2013 Sch\u00fctzen Lebensmitten und sind mechanisch recyclebar<\/p>\n<\/div>\n<p>Wir stehen ausdru\u0308cklich hinter den Zielen des deutschen Verpackungsgesetzes, finden aber dass die Grunds\u00e4tze der Abfallhierarchie (Abfallvermeidung vor Wiederverwendung, Verwertung und Entsorgung) dadurch nicht beeintr\u00e4chtigt und langj\u00e4hrige Errungenschaften nicht vernachl\u00e4ssigt werden du\u0308rfen. So ist beispielsweise eine Verbundfolie mit PA-Schicht eine innovative L\u00f6sung, die entwickelt wurde, um Ressourcen in der Herstellung und Nutzung zu schonen und somit weniger Abf\u00e4lle bei Verpackung und\u00a0 ressourcenintensiven Lebensmitteln zu generieren. Es mu\u0308ssen alle Kriterien der Nachhaltigkeit und nicht vorranging \u201eRecycling um des Recyclings Willen\u201c in den Mittelpunkt gestellt werden. Daher ist es fu\u0308r uns wichtig, dass die bisherige Einstufung von PA als \u201eunvertr\u00e4glich\u201c beim werkstofflichen Recycling auf \u201evertr\u00e4glich\u201c klargestellt ist und der gute Ruf einer umweltfreundlichen L\u00f6sung wiederhergestellt wird.<\/p>\n<\/div>\n<p>&nbsp;<\/p>\n","protected":false},"excerpt":{"rendered":"<p>Nach verschiedenen BASF-internen Studien best\u00e4tigt nun auch eine ku\u0308rzlich abgeschlossene Untersuchung von cyclos-HTP&#8230;<\/p>\n","protected":false},"author":2,"featured_media":7017,"comment_status":"closed","ping_status":"closed","sticky":false,"template":"","format":"standard","meta":{"footnotes":""},"categories":[24,16],"tags":[],"series":[],"class_list":["post-26869","post","type-post","status-publish","format-standard","has-post-thumbnail","hentry","category-plas-tv-meldungen-auf-der-startseite-unterhalb-slider","category-plast-tv-textmeldungen"],"_links":{"self":[{"href":"https:\/\/plas.tv\/index.php?rest_route=\/wp\/v2\/posts\/26869","targetHints":{"allow":["GET"]}}],"collection":[{"href":"https:\/\/plas.tv\/index.php?rest_route=\/wp\/v2\/posts"}],"about":[{"href":"https:\/\/plas.tv\/index.php?rest_route=\/wp\/v2\/types\/post"}],"author":[{"embeddable":true,"href":"https:\/\/plas.tv\/index.php?rest_route=\/wp\/v2\/users\/2"}],"replies":[{"embeddable":true,"href":"https:\/\/plas.tv\/index.php?rest_route=%2Fwp%2Fv2%2Fcomments&post=26869"}],"version-history":[{"count":1,"href":"https:\/\/plas.tv\/index.php?rest_route=\/wp\/v2\/posts\/26869\/revisions"}],"predecessor-version":[{"id":26870,"href":"https:\/\/plas.tv\/index.php?rest_route=\/wp\/v2\/posts\/26869\/revisions\/26870"}],"wp:featuredmedia":[{"embeddable":true,"href":"https:\/\/plas.tv\/index.php?rest_route=\/wp\/v2\/media\/7017"}],"wp:attachment":[{"href":"https:\/\/plas.tv\/index.php?rest_route=%2Fwp%2Fv2%2Fmedia&parent=26869"}],"wp:term":[{"taxonomy":"category","embeddable":true,"href":"https:\/\/plas.tv\/index.php?rest_route=%2Fwp%2Fv2%2Fcategories&post=26869"},{"taxonomy":"post_tag","embeddable":true,"href":"https:\/\/plas.tv\/index.php?rest_route=%2Fwp%2Fv2%2Ftags&post=26869"},{"taxonomy":"series","embeddable":true,"href":"https:\/\/plas.tv\/index.php?rest_route=%2Fwp%2Fv2%2Fseries&post=26869"}],"curies":[{"name":"wp","href":"https:\/\/api.w.org\/{rel}","templated":true}]}}