{"id":26880,"date":"2021-07-09T08:59:12","date_gmt":"2021-07-09T06:59:12","guid":{"rendered":"https:\/\/php8.plastv.de\/?p=26880"},"modified":"2021-07-08T14:10:04","modified_gmt":"2021-07-08T12:10:04","slug":"veka-expandiert-in-suedamerika","status":"publish","type":"post","link":"https:\/\/plas.tv\/?p=26880","title":{"rendered":"VEKA expandiert in S\u00fcdamerika"},"content":{"rendered":"<p><span dir=\"ltr\">Um den Ausbau seiner Gesch\u00e4ftsaktivit\u00e4ten im s\u00fcd- und <\/span><span dir=\"ltr\">zentralamerikanischen Markt weiter zu forcieren, investiert der <\/span><span dir=\"ltr\">Kunststofffenster-Systemgeber VEKA in Chile in einen zentralen <\/span><span dir=\"ltr\">Produktions- und Logistikstandort. <\/span><span dir=\"ltr\">Die VEKA AG ist bereits seit \u00fcber 20 Jahren im chilenischen Markt <\/span><span dir=\"ltr\">vertreten und produziert dort seit zehn Jahren Profile.<\/span><\/p>\n<p><span dir=\"ltr\"> Nun erfolgt der <\/span><span dir=\"ltr\">n\u00e4chste Schritt der Expansionsstrategie. Denn das Sendenhorster <\/span><span dir=\"ltr\">Familienunternehmen sieht in Chile und dar\u00fcber hinaus im gesamten s\u00fcd- <\/span><span dir=\"ltr\">und zentralamerikanischen Markt viel Wachstumspotenzial. Um das <\/span><span dir=\"ltr\">effizient nutzen zu k\u00f6nnen, investiert der Systemgeber im Norden von <\/span><span dir=\"ltr\">Santiago de Chile in ein rund 25.000 Quadratmeter gro\u00dfes Grundst\u00fcck <\/span><span dir=\"ltr\">mitsamt einer rund 10.000 Quadratmeter gro\u00dfen Halle und einem <\/span><span dir=\"ltr\">B\u00fcrogeb\u00e4ude. <\/span><span dir=\"ltr\">Abgesehen von der N\u00e4he zum bisherigen VEKA Produktionsort in Chile <\/span><span dir=\"ltr\">spricht f\u00fcr den neuen Standort, dass sowohl Geb\u00e4ude als auch Grundst\u00fcck <\/span><span dir=\"ltr\">sehr viele M\u00f6glichkeiten f\u00fcr weitere Vergr\u00f6\u00dferungen bieten.<\/span><\/p>\n<p><span dir=\"ltr\"> In einem ersten <\/span><span dir=\"ltr\">Schritt sehen die Planungen vor, die bisher vorhandenen f\u00fcnf <\/span><span dir=\"ltr\">Extrusionslinien und zwei Folierungsanlagen sowie die Mischerei zu <\/span><span dir=\"ltr\">montieren. Bereits zum Jahreswechsel sollen alle Arbeiten abgeschlossen <\/span><span dir=\"ltr\">sein und der Umzug erfolgen. Sollte sich der Markt wie erwartet weiter <\/span><span dir=\"ltr\">positiv entwickeln, bietet die neue Produktionsst\u00e4tte noch ausreichend Platz <\/span><span dir=\"ltr\">f\u00fcr mindestens weitere f\u00fcnf Extrusionslinien sowie die erforderlichen <\/span><span dir=\"ltr\">Lagerkapazit\u00e4ten. <\/span><\/p>\n<p><span dir=\"ltr\"><strong>Marktf\u00fchrerschaft im Blick<\/strong> <\/span><\/p>\n<p><span dir=\"ltr\">Nach Einsch\u00e4tzung des VEKA Vorstands hat Chile in S\u00fcd- und <\/span><span dir=\"ltr\">Zentralamerika das gr\u00f6\u00dfte Marktpotenzial: \u201eNach mehr als 20 Jahren <\/span><span dir=\"ltr\">Marktpr\u00e4senz in Chile sehen wir nunmehr mit dem eigenen, gr\u00f6\u00dferen <\/span><span dir=\"ltr\">Standort beste Voraussetzungen f\u00fcr unsere Expansionspl\u00e4ne\u201c, erkl\u00e4rt der <\/span><span dir=\"ltr\">Vorstandsvorsitzende Andreas Hartleif. 80 der insgesamt 150 <\/span><span dir=\"ltr\">Mitarbeiter:innen der s\u00fcdamerikanischen Gesellschaften arbeiten bereits <\/span><span dir=\"ltr\">dort. Neben der Produktion soll am neuen Standort auch das <\/span><span dir=\"ltr\">Logistikzentrum f\u00fcr den gesamten s\u00fcd- und zentralamerikanischen Markt <\/span><span dir=\"ltr\">entstehen und der zentrale Einkauf dort angesiedelt werden. Von hier aus <\/span><span dir=\"ltr\">werden die beiden weiteren VEKA Standorte in Argentinien und Brasilien <\/span><span dir=\"ltr\">bedient, als auch Profile in die \u00fcbrigen s\u00fcd- und mittelamerikanischen <\/span><span dir=\"ltr\">L\u00e4nder bis nach Mexiko geliefert. Schon jetzt z\u00e4hlt VEKA in Chile zu den <\/span><span dir=\"ltr\">wichtigsten Fenster-Systemgebern. Durch die aktuelle Investition macht der <\/span><span dir=\"ltr\">Weltmarktf\u00fchrer einen konsequenten Schritt nach vorn und untermauert <\/span><span dir=\"ltr\">damit seine grunds\u00e4tzliche Strategie, in jedem Markt eine f\u00fchrende Rolle <\/span><span dir=\"ltr\">einzunehmen. <\/span><\/p>\n<p><span dir=\"ltr\"><strong>Autarke Produktion<\/strong> <\/span><\/p>\n<p><span dir=\"ltr\">Um seine Leistungsst\u00e4rke als f\u00fchrender Systemgeber wie schon in anderen <\/span><span dir=\"ltr\">Regionen optimal ausspielen zu k\u00f6nnen, ist die schnelle und umf\u00e4ngliche <\/span><span dir=\"ltr\">Profillieferung eine wichtige Voraussetzung. Mit der aktuellen Investition soll <\/span><span dir=\"ltr\">die Lieferst\u00e4rke und Flexibilit\u00e4t des chilenischen Standortes deutlich erh\u00f6ht <\/span><span dir=\"ltr\">werden, um den s\u00fcd- und zentralamerikanische Markt schrittweise <\/span><span dir=\"ltr\">unabh\u00e4ngig von Zulieferungen zu machen. Derzeit liegt die Quote der <\/span><span dir=\"ltr\">Eigenproduktion bei 80 Prozent. Die \u00fcbrigen 20 Prozent der ben\u00f6tigten <\/span><span dir=\"ltr\">Profile kommen noch aus europ\u00e4ischen und nordamerikanischen Werken. <\/span><span dir=\"ltr\">Erkl\u00e4rtes Ziel ist, k\u00fcnftig nahezu den gesamten Bedarf des Marktes vor Ort <\/span><span dir=\"ltr\">zu produzieren. <\/span><\/p>\n<p><span dir=\"ltr\">Die Chancen f\u00fcr eine weitere Expansion in S\u00fcd- und Zentralamerika stehen <\/span><span dir=\"ltr\">gut. Die hochwertigen Systeme <\/span><span dir=\"ltr\">von VEKA \u00fcberzeugen die lokalen <\/span><span dir=\"ltr\">Verarbeiter, und nachdem die Corona-bedingten Lockdowns beendet sind, <\/span><span dir=\"ltr\">ist die Auftragslage schon wieder auf Vor-Pandemie-Niveau. Das kann als <\/span><span dir=\"ltr\">erster Erfolg von David Taveira gewertet werden. Der fr\u00fchere <\/span><span dir=\"ltr\">Vertriebsdirektor VEKA SWENA aus Frankre<\/span><span dir=\"ltr\">ich ist seit April letzten Jahres <\/span><span dir=\"ltr\">als Allein-Gesch\u00e4ftsf\u00fchrer f\u00fcr alle s\u00fcdamerikanischen VEKA Gesellschaften <\/span><span dir=\"ltr\">verantwortlich und legt seinen Fokus konsequent auf den Ausbau des <\/span><span dir=\"ltr\">Vertriebsnetzes &#8211; von Mexiko bis Feuerland.<\/span><\/p>\n","protected":false},"excerpt":{"rendered":"<p>Um den Ausbau seiner Gesch\u00e4ftsaktivit\u00e4ten im s\u00fcd- und zentralamerikanischen Markt weiter zu forcieren, investiert der&#8230;<\/p>\n","protected":false},"author":2,"featured_media":26881,"comment_status":"closed","ping_status":"closed","sticky":false,"template":"","format":"standard","meta":{"footnotes":""},"categories":[24,16],"tags":[],"series":[],"class_list":["post-26880","post","type-post","status-publish","format-standard","has-post-thumbnail","hentry","category-plas-tv-meldungen-auf-der-startseite-unterhalb-slider","category-plast-tv-textmeldungen"],"_links":{"self":[{"href":"https:\/\/plas.tv\/index.php?rest_route=\/wp\/v2\/posts\/26880","targetHints":{"allow":["GET"]}}],"collection":[{"href":"https:\/\/plas.tv\/index.php?rest_route=\/wp\/v2\/posts"}],"about":[{"href":"https:\/\/plas.tv\/index.php?rest_route=\/wp\/v2\/types\/post"}],"author":[{"embeddable":true,"href":"https:\/\/plas.tv\/index.php?rest_route=\/wp\/v2\/users\/2"}],"replies":[{"embeddable":true,"href":"https:\/\/plas.tv\/index.php?rest_route=%2Fwp%2Fv2%2Fcomments&post=26880"}],"version-history":[{"count":1,"href":"https:\/\/plas.tv\/index.php?rest_route=\/wp\/v2\/posts\/26880\/revisions"}],"predecessor-version":[{"id":26882,"href":"https:\/\/plas.tv\/index.php?rest_route=\/wp\/v2\/posts\/26880\/revisions\/26882"}],"wp:featuredmedia":[{"embeddable":true,"href":"https:\/\/plas.tv\/index.php?rest_route=\/wp\/v2\/media\/26881"}],"wp:attachment":[{"href":"https:\/\/plas.tv\/index.php?rest_route=%2Fwp%2Fv2%2Fmedia&parent=26880"}],"wp:term":[{"taxonomy":"category","embeddable":true,"href":"https:\/\/plas.tv\/index.php?rest_route=%2Fwp%2Fv2%2Fcategories&post=26880"},{"taxonomy":"post_tag","embeddable":true,"href":"https:\/\/plas.tv\/index.php?rest_route=%2Fwp%2Fv2%2Ftags&post=26880"},{"taxonomy":"series","embeddable":true,"href":"https:\/\/plas.tv\/index.php?rest_route=%2Fwp%2Fv2%2Fseries&post=26880"}],"curies":[{"name":"wp","href":"https:\/\/api.w.org\/{rel}","templated":true}]}}